{"id":24709,"date":"2023-03-19T01:01:28","date_gmt":"2023-03-19T00:01:28","guid":{"rendered":"http:\/\/www.infokuryr.cz\/n\/?p=24709"},"modified":"2023-03-18T17:46:11","modified_gmt":"2023-03-18T16:46:11","slug":"francie-v-plamenech-padne-macronova-vlada","status":"publish","type":"post","link":"https:\/\/www.infokuryr.cz\/n\/2023\/03\/19\/francie-v-plamenech-padne-macronova-vlada\/","title":{"rendered":"Francie v plamenech! Padne Macronova vl\u00e1da?"},"content":{"rendered":"<div id=\"fb-root\"><\/div>\n<p><span style=\"font-size: 18pt;\"><strong>Macronovo rozhodnut\u00ed prorazit d\u016fchodovou reformu by ho mohlo st\u00e1t prezidentsk\u00fd \u00fa\u0159ad<\/strong><\/span><\/p>\n<p>Pot\u00e9, co francouzsk\u00fd prezident Emmanuel Macron prosadil penzijn\u00ed reformu bez hlasov\u00e1n\u00ed v parlamentu, do\u0161lo k prudk\u00e9mu odporu a nyn\u00ed existuje velk\u00e1 \u0161ance, \u017ee dne\u0161n\u00ed hlasov\u00e1n\u00ed o ned\u016fv\u011b\u0159e by mohlo zhroutit jeho vl\u00e1du.\u00a0I kdyby p\u0159e\u017eil hlasov\u00e1n\u00ed, koment\u00e1to\u0159i \u0159\u00edkaj\u00ed, \u017ee Marine Le Penov\u00e1 nikdy nebyla v lep\u0161\u00ed pozici, p\u0159i\u010dem\u017e konzervativn\u00ed populista se uk\u00e1zal jako \u201ev\u00edt\u011bz\u201c v ostr\u00e9 debat\u011b o d\u016fchodov\u00e9 reform\u011b.<\/p>\n<p>Macronovo rozhodnut\u00ed obr\u00e1tit se na \u010dl\u00e1nek 49.3 francouzsk\u00e9 \u00fastavy, kter\u00fd mu umo\u017e\u0148uje obej\u00edt parlament a prost\u0159ednictv\u00edm dekretu zv\u00fd\u0161it v\u011bk odchodu do d\u016fchodu z 62 na 64 let, ozna\u010dil francouzsk\u00fd tisk za \u201ejadernou variantu\u201c.\u00a0V r\u00e1mci \u010dl\u00e1nku je v\u0161ak klauzule, \u017ee do 24 hodin po pou\u017eit\u00ed \u010dl\u00e1nku 49.3 lze vyslovit ned\u016fv\u011bru, a pokud usp\u011bje, znamenalo by to konec Macronovy vl\u00e1dy.<\/p>\n<p>Spont\u00e1nn\u00ed nepokoje ji\u017e propukly po cel\u00e9 zemi v\u010dera ve\u010der, co\u017e m\u011blo za n\u00e1sledek v\u00edce ne\u017e 258 zat\u010den\u00ed jen v Pa\u0159\u00ed\u017ei, ale tisk a politi\u010dt\u00ed analytici varuj\u00ed, \u017ee hor\u0161\u00ed nepokoje jsou na obzoru.\u00a0Statis\u00edce lid\u00ed byly v posledn\u00edch t\u00fddnech vyhn\u00e1ny do ulic v rozporu s Macronovou d\u016fchodovou reformou a pr\u016fzkumy trvale ukazuj\u00ed, \u017ee p\u0159ibli\u017en\u011b 75 procent francouzsk\u00e9 ve\u0159ejnosti odm\u00edt\u00e1 zvy\u0161ov\u00e1n\u00ed v\u011bku odchodu do d\u016fchodu.<\/p>\n<p>Tyto protesty by mohly pomoci nastartovat snahu o hlasov\u00e1n\u00ed o ned\u016fv\u011b\u0159e, p\u0159i\u010dem\u017e Le Penov\u00e1 rychle ozn\u00e1mila, \u017ee bude pokra\u010dovat v hlasov\u00e1n\u00ed o ned\u016fv\u011b\u0159e ihned pot\u00e9, co Macron prorazil penzijn\u00ed reformu.\u00a0Doposud se Le Len&#8217;s National Rally a levicov\u00e1 France Unbowed vz\u00e1jemn\u011b blokovaly, pokud \u0161lo o pokusy odstranit francouzskou premi\u00e9rku Elisabeth Borneovou, kter\u00e1 z\u016fst\u00e1v\u00e1 bl\u00edzkou Macronovou spojenkyn\u00ed.<\/p>\n<figure class=\"wp-block-embed is-type-rich is-provider-twitter wp-block-embed-twitter\">\n<div class=\"wp-block-embed__wrapper\">\n<div class=\"twitter-tweet twitter-tweet-rendered\"><iframe id=\"twitter-widget-0\" class=\"\" title=\"Twitter Tweet\" src=\"https:\/\/platform.twitter.com\/embed\/Tweet.html?dnt=true&amp;embedId=twitter-widget-0&amp;features=eyJ0ZndfdGltZWxpbmVfbGlzdCI6eyJidWNrZXQiOltdLCJ2ZXJzaW9uIjpudWxsfSwidGZ3X2ZvbGxvd2VyX2NvdW50X3N1bnNldCI6eyJidWNrZXQiOnRydWUsInZlcnNpb24iOm51bGx9LCJ0ZndfdHdlZXRfZWRpdF9iYWNrZW5kIjp7ImJ1Y2tldCI6Im9uIiwidmVyc2lvbiI6bnVsbH0sInRmd19yZWZzcmNfc2Vzc2lvbiI6eyJidWNrZXQiOiJvbiIsInZlcnNpb24iOm51bGx9LCJ0ZndfbWl4ZWRfbWVkaWFfMTU4OTciOnsiYnVja2V0IjoidHJlYXRtZW50IiwidmVyc2lvbiI6bnVsbH0sInRmd19leHBlcmltZW50c19jb29raWVfZXhwaXJhdGlvbiI6eyJidWNrZXQiOjEyMDk2MDAsInZlcnNpb24iOm51bGx9LCJ0ZndfZHVwbGljYXRlX3NjcmliZXNfdG9fc2V0dGluZ3MiOnsiYnVja2V0Ijoib24iLCJ2ZXJzaW9uIjpudWxsfSwidGZ3X3ZpZGVvX2hsc19keW5hbWljX21hbmlmZXN0c18xNTA4MiI6eyJidWNrZXQiOiJ0cnVlX2JpdHJhdGUiLCJ2ZXJzaW9uIjpudWxsfSwidGZ3X2xlZ2FjeV90aW1lbGluZV9zdW5zZXQiOnsiYnVja2V0Ijp0cnVlLCJ2ZXJzaW9uIjpudWxsfSwidGZ3X3R3ZWV0X2VkaXRfZnJvbnRlbmQiOnsiYnVja2V0Ijoib24iLCJ2ZXJzaW9uIjpudWxsfX0%3D&amp;frame=false&amp;hideCard=false&amp;hideThread=false&amp;id=1636515549936070656&amp;lang=cs&amp;origin=https%3A%2F%2Frmx.news%2Farticle%2Fwill-macrons-government-fall%2F&amp;sessionId=e632c84397192d32b1183bf8c9cf64a26d3db082&amp;theme=light&amp;widgetsVersion=aaf4084522e3a%3A1674595607486&amp;width=550px\" frameborder=\"0\" scrolling=\"no\" allowfullscreen=\"allowfullscreen\" data-tweet-id=\"1636515549936070656\" data-mce-fragment=\"1\"><\/iframe><\/div>\n<\/div>\n<\/figure>\n<p>Liber\u00e1ln\u00ed poslanec Charles de Courson by ji ale mohl zav\u00e9st a fungovat tak jako most mezi pravic\u00ed a levic\u00ed.\u00a0Liber\u00e1lov\u00e9, jednaj\u00edc\u00ed jako neutr\u00e1ln\u00ed prost\u0159edn\u00edk, by mohli umo\u017enit pravici a levici hlasovat pro jejich n\u00e1vrh.\u00a0Bylo tak\u00e9 ozn\u00e1meno, \u017ee skupina Liberties, Independents, Overseas and Territories (LIOT Group) dnes ve 14:00 rovn\u011b\u017e p\u0159edlo\u017e\u00ed n\u00e1vrh na vysloven\u00ed ned\u016fv\u011bry.<\/p>\n<p>A\u010dkoli byly r\u016fzn\u00e9 frakce parlamentu a\u017e dosud rozd\u011bleny, Macron\u016fv pochybn\u00fd krok k prora\u017een\u00ed d\u016fchodov\u00e9 reformy bez demokratick\u00e9ho hlasov\u00e1n\u00ed by mohl kone\u010dn\u011b sjednotit opozici.<\/p>\n<p>&nbsp;<\/p>\n<div class='videoWrapper'>\r\n\t            <iframe src='https:\/\/rumble.com\/embed\/pj.v2ao1xe\/' frameborder='0' allowfullscreen><\/iframe>\r\n\t        <\/div>\n<p>&nbsp;<\/p>\n<p>S\u00e1zky jsou pro Macrona extr\u00e9mn\u011b vysok\u00e9.\u00a0Sv\u016fj krok ozna\u010dil za \u201ematku v\u0161ech reforem\u201c a chce z reformy u\u010dinit jeden z vrcholn\u00fdch \u00fasp\u011bch\u016f sv\u00e9 vl\u00e1dy.\u00a0Bez ohledu na to, zda z\u016fstane u moci, nebo ne, my\u0161lenka \u201edemokracie\u201c ve Francii se stala fra\u0161kou a o\u010dek\u00e1v\u00e1 se, \u017ee nap\u011bt\u00ed v nadch\u00e1zej\u00edc\u00edch t\u00fddnech a mo\u017en\u00e1 i v nadch\u00e1zej\u00edc\u00edch letech poroste.<\/p>\n<p>Le Penov\u00e1 \u0159\u00edk\u00e1, \u017ee v p\u0159\u00edpad\u011b zvolen\u00ed prezidentkou obr\u00e1t\u00ed d\u016fchodovou reformu.\u00a0Experti tvrd\u00ed, \u017ee jej\u00ed strana z Macronova kroku vyt\u011b\u017e\u00ed nejv\u00edce a poda\u0159ilo se j\u00ed roz\u0161\u00ed\u0159it elektor\u00e1t sv\u00e9 strany z d\u011blnick\u00e9 z\u00e1kladny na st\u0159edn\u00ed t\u0159\u00eddu.<\/p>\n<p>&nbsp;<\/p>\n<div><\/div>\n<div>\n<div class='videoWrapper'>\r\n\t            <iframe src='https:\/\/rumble.com\/embed\/pj.v29mwo0\/' frameborder='0' allowfullscreen><\/iframe>\r\n\t        <\/div>\n<\/div>\n<div><\/div>\n<p>&nbsp;<\/p>\n<p>\u201eJsou to p\u0159esn\u011b zam\u011bstnanci, kte\u0159\u00ed jsou na\u0161tvan\u00ed na Macronovu reformu,\u201c \u0159ekl pr\u016fzkumu ve\u0159ejn\u00e9ho m\u00edn\u011bn\u00ed Fr\u00e9d\u00e9ric Dabi pro n\u011bmeck\u00fd Welt.<\/p>\n<p>Le Penov\u00e1 je tak\u00e9 pova\u017eov\u00e1na za nejlep\u0161\u00ed pozici k vyd\u011bl\u00e1n\u00ed mezi r\u016fzn\u00fdmi pravicov\u011b orientovan\u00fdmi a konzervativn\u00edmi stranami ve Francii.<\/p>\n<p>\u201eLe Penov\u00e1 \u00fasp\u011b\u0161n\u011b pokra\u010duje v procesu normalizace, kter\u00fd za\u010dal p\u0159ed lety, a nad\u00e1le skl\u00edz\u00ed ovoce,\u201c \u0159\u00edk\u00e1 expert na pravicov\u00fd extremismus Jean-Yves Camus.\u00a0\u201ePokud jde o v\u00edt\u011bzstv\u00ed Marine Le Penov\u00e9, neexistuj\u00ed \u017e\u00e1dn\u00e1 dal\u0161\u00ed tabu.\u00a0Nyn\u00ed to mus\u00edme pova\u017eovat za v\u00e1\u017enou hypot\u00e9zu.&#8220;<\/p>\n<p><img decoding=\"async\" loading=\"lazy\" class=\"alignnone size-full wp-image-1185\" src=\"http:\/\/www.infokuryr.cz\/n\/wp-content\/uploads\/2021\/04\/kuryr-podpis.png\" alt=\"\" width=\"84\" height=\"24\" \/><\/p>\n<p>&nbsp;<\/p>\n<p>&nbsp;<\/p>\n<p><img decoding=\"async\" loading=\"lazy\" class=\"wp-image-19187 aligncenter\" src=\"http:\/\/www.infokuryr.cz\/n\/wp-content\/uploads\/2022\/12\/1-PRO-300x36.jpg\" alt=\"\" width=\"1100\" height=\"132\" srcset=\"https:\/\/www.infokuryr.cz\/n\/wp-content\/uploads\/2022\/12\/1-PRO-300x36.jpg 300w, https:\/\/www.infokuryr.cz\/n\/wp-content\/uploads\/2022\/12\/1-PRO.jpg 699w\" sizes=\"(max-width: 1100px) 100vw, 1100px\" \/><\/p>\n<p>&nbsp;<\/p>\n<p>&nbsp;<\/p>\n<p><img decoding=\"async\" loading=\"lazy\" class=\"wp-image-24432 aligncenter\" src=\"http:\/\/www.infokuryr.cz\/n\/wp-content\/uploads\/2023\/03\/pozvanka-teplice-pro-1-300x156.jpg\" alt=\"\" width=\"952\" height=\"495\" srcset=\"https:\/\/www.infokuryr.cz\/n\/wp-content\/uploads\/2023\/03\/pozvanka-teplice-pro-1-300x156.jpg 300w, https:\/\/www.infokuryr.cz\/n\/wp-content\/uploads\/2023\/03\/pozvanka-teplice-pro-1-1024x531.jpg 1024w, https:\/\/www.infokuryr.cz\/n\/wp-content\/uploads\/2023\/03\/pozvanka-teplice-pro-1-768x398.jpg 768w, https:\/\/www.infokuryr.cz\/n\/wp-content\/uploads\/2023\/03\/pozvanka-teplice-pro-1.jpg 1272w\" sizes=\"(max-width: 952px) 100vw, 952px\" \/><\/p>\n<p>&nbsp;<\/p>\n<p>&nbsp;<\/p>\n","protected":false},"excerpt":{"rendered":"<p>Macronovo rozhodnut\u00ed prorazit d\u016fchodovou reformu by ho mohlo st\u00e1t prezidentsk\u00fd \u00fa\u0159ad Pot\u00e9, co francouzsk\u00fd prezident&#8230;<\/p>\n","protected":false},"author":2,"featured_media":24710,"comment_status":"closed","ping_status":"closed","sticky":false,"template":"","format":"standard","meta":[],"categories":[7],"tags":[4593,130,307,95,99],"_links":{"self":[{"href":"https:\/\/www.infokuryr.cz\/n\/wp-json\/wp\/v2\/posts\/24709"}],"collection":[{"href":"https:\/\/www.infokuryr.cz\/n\/wp-json\/wp\/v2\/posts"}],"about":[{"href":"https:\/\/www.infokuryr.cz\/n\/wp-json\/wp\/v2\/types\/post"}],"author":[{"embeddable":true,"href":"https:\/\/www.infokuryr.cz\/n\/wp-json\/wp\/v2\/users\/2"}],"replies":[{"embeddable":true,"href":"https:\/\/www.infokuryr.cz\/n\/wp-json\/wp\/v2\/comments?post=24709"}],"version-history":[{"count":1,"href":"https:\/\/www.infokuryr.cz\/n\/wp-json\/wp\/v2\/posts\/24709\/revisions"}],"predecessor-version":[{"id":24711,"href":"https:\/\/www.infokuryr.cz\/n\/wp-json\/wp\/v2\/posts\/24709\/revisions\/24711"}],"wp:featuredmedia":[{"embeddable":true,"href":"https:\/\/www.infokuryr.cz\/n\/wp-json\/wp\/v2\/media\/24710"}],"wp:attachment":[{"href":"https:\/\/www.infokuryr.cz\/n\/wp-json\/wp\/v2\/media?parent=24709"}],"wp:term":[{"taxonomy":"category","embeddable":true,"href":"https:\/\/www.infokuryr.cz\/n\/wp-json\/wp\/v2\/categories?post=24709"},{"taxonomy":"post_tag","embeddable":true,"href":"https:\/\/www.infokuryr.cz\/n\/wp-json\/wp\/v2\/tags?post=24709"}],"curies":[{"name":"wp","href":"https:\/\/api.w.org\/{rel}","templated":true}]}}