{"id":24656,"date":"2023-03-18T01:03:51","date_gmt":"2023-03-18T00:03:51","guid":{"rendered":"http:\/\/www.infokuryr.cz\/n\/?p=24656"},"modified":"2023-03-17T16:48:32","modified_gmt":"2023-03-17T15:48:32","slug":"vylouceni-ruskych-sportovcu-kanadska-ministryne-sportu-prcha-pred-neprijemnymi-dotazy-novinaru","status":"publish","type":"post","link":"https:\/\/www.infokuryr.cz\/n\/2023\/03\/18\/vylouceni-ruskych-sportovcu-kanadska-ministryne-sportu-prcha-pred-neprijemnymi-dotazy-novinaru\/","title":{"rendered":"Vylou\u010den\u00ed rusk\u00fdch sportovc\u016f: Kanadsk\u00e1 ministryn\u011b sportu prch\u00e1 p\u0159ed nep\u0159\u00edjemn\u00fdmi dotazy novin\u00e1\u0159\u016f"},"content":{"rendered":"<div id=\"fb-root\"><\/div>\n<p><span>Vylou\u010den\u00ed rusk\u00fdch a b\u011blorusk\u00fdch sportovc\u016f z velk\u00fdch mezin\u00e1rodn\u00edch sportovn\u00edch akc\u00ed, jako jsou olympijsk\u00e9 hry, je ji\u017e n\u011bjakou dobu p\u0159\u00ed\u010dinou bou\u0159liv\u00fdch kontroverz\u00ed a rostouc\u00ed kritiky.\u00a0Proto\u017ee bez ohledu na to, jak se stav\u00edte k v\u00e1lce na Ukrajin\u011b, nesm\u00ed b\u00fdt vedena na z\u00e1dech nez\u00fa\u010dastn\u011bn\u00fdch sportovc\u016f, tak\u017ee jeden po\u017eadavek.\u00a0Zejm\u00e9na z\u00e1padn\u00ed st\u00e1ty se v\u0161ak vyzna\u010duj\u00ed zvl\u00e1\u0161tn\u00ed diskriminac\u00ed a nad\u00e1le po\u017eaduj\u00ed z\u00e1kaz \u00fa\u010dasti Ruska a B\u011bloruska na mezin\u00e1rodn\u00edch sout\u011b\u017e\u00edch a v mnoha oblastech je dokonce po\u017eadov\u00e1no prodlou\u017een\u00ed tohoto z\u00e1kazu \u00fa\u010dasti.<\/span><\/p>\n<p><span style=\"font-size: 18pt;\"><strong>Kanadsk\u00e1 ministryn\u011b prch\u00e1 p\u0159ed nep\u0159\u00edjemn\u00fdmi ot\u00e1zkami o americk\u00fdch \u00fato\u010dn\u00fdch v\u00e1lk\u00e1ch<\/strong><\/span><\/p>\n<p><span>Kanadsk\u00e1 ministryn\u011b sportu <\/span><span class=\"css-901oao css-16my406 r-poiln3 r-bcqeeo r-qvutc0\"><span>Pascale St-Onge<\/span><\/span><span>\u00a0je tak\u00e9 jedn\u00edm z t\u011bchto zast\u00e1nc\u016f tvrd\u00e9 linie.\u00a0Pascale St-Onge a Kanadsk\u00fd olympijsk\u00fd v\u00fdbor (COC) vydaly minul\u00fd \u010dtvrtek samostatn\u00e1 prohl\u00e1\u0161en\u00ed v reakci na otev\u0159en\u00fd dopis, kter\u00fd p\u0159edchoz\u00edho dne podepsalo 42 kanadsk\u00fdch olympionik\u016f v d\u016fchodu.\u00a0<\/span><a href=\"https:\/\/www.freepressjournal.in\/sports\/watch-canadas-sports-minister-st-onge-heckled-by-reporter-questioning-double-standards-on-russian-athlete-ban\" rel=\"noopener\"><span>Vyz\u00fdv\u00e1 COC, aby nedovolila\u00a0<\/span><\/a><span>rusk\u00fdm a b\u011blorusk\u00fdm sportovc\u016fm sout\u011b\u017eit pod neutr\u00e1ln\u00ed vlajkou na hr\u00e1ch v Pa\u0159\u00ed\u017ei 2024.<\/span><\/p>\n<p><span>Kanadsk\u00e1 ministryn\u011b sportu, kter\u00e1 tak\u00e9 po\u017eadovala \u00fapln\u00fd z\u00e1kaz \u00fa\u010dasti rusk\u00fdch a b\u011blorusk\u00fdch sportovc\u016f na olympijsk\u00fdch hr\u00e1ch v Pa\u0159\u00ed\u017ei, proto vysl\u00fdchal report\u00e9r, kter\u00fd pouk\u00e1zal na dvoj\u00ed metr americk\u00fdch sportovc\u016f p\u0159i americk\u00e9 invazi do Ir\u00e1ku a izraelsk\u00fdch sportovc\u016f p\u0159i invazi \u017eidovsk\u00e9ho st\u00e1tu v dot\u010den\u00e9 Palestin\u011b.<\/span><\/p>\n<p>Video zde:<\/p>\n<div class=\"twitter-tweet twitter-tweet-rendered\"><iframe id=\"twitter-widget-0\" class=\"\" title=\"Twitter Tweet\" src=\"https:\/\/platform.twitter.com\/embed\/Tweet.html?dnt=false&amp;embedId=twitter-widget-0&amp;features=eyJ0ZndfdGltZWxpbmVfbGlzdCI6eyJidWNrZXQiOltdLCJ2ZXJzaW9uIjpudWxsfSwidGZ3X2ZvbGxvd2VyX2NvdW50X3N1bnNldCI6eyJidWNrZXQiOnRydWUsInZlcnNpb24iOm51bGx9LCJ0ZndfdHdlZXRfZWRpdF9iYWNrZW5kIjp7ImJ1Y2tldCI6Im9uIiwidmVyc2lvbiI6bnVsbH0sInRmd19yZWZzcmNfc2Vzc2lvbiI6eyJidWNrZXQiOiJvbiIsInZlcnNpb24iOm51bGx9LCJ0ZndfbWl4ZWRfbWVkaWFfMTU4OTciOnsiYnVja2V0IjoidHJlYXRtZW50IiwidmVyc2lvbiI6bnVsbH0sInRmd19leHBlcmltZW50c19jb29raWVfZXhwaXJhdGlvbiI6eyJidWNrZXQiOjEyMDk2MDAsInZlcnNpb24iOm51bGx9LCJ0ZndfZHVwbGljYXRlX3NjcmliZXNfdG9fc2V0dGluZ3MiOnsiYnVja2V0Ijoib24iLCJ2ZXJzaW9uIjpudWxsfSwidGZ3X3ZpZGVvX2hsc19keW5hbWljX21hbmlmZXN0c18xNTA4MiI6eyJidWNrZXQiOiJ0cnVlX2JpdHJhdGUiLCJ2ZXJzaW9uIjpudWxsfSwidGZ3X2xlZ2FjeV90aW1lbGluZV9zdW5zZXQiOnsiYnVja2V0Ijp0cnVlLCJ2ZXJzaW9uIjpudWxsfSwidGZ3X3R3ZWV0X2VkaXRfZnJvbnRlbmQiOnsiYnVja2V0Ijoib24iLCJ2ZXJzaW9uIjpudWxsfX0%3D&amp;frame=false&amp;hideCard=false&amp;hideThread=false&amp;id=1636067026723561474&amp;lang=cs&amp;origin=https%3A%2F%2Funser-mitteleuropa.com%2Fausschluss-russischer-athleten-kanadische-sportministerin-flieht-vor-unangenehmen-journalisten-fragen-video%2F&amp;sessionId=2c37d1692ec2b58a37618161de0c7c4e413b1f5b&amp;siteScreenName=UNSER%20MITTELEUROPA&amp;theme=light&amp;widgetsVersion=aaf4084522e3a%3A1674595607486&amp;width=550px\" frameborder=\"0\" scrolling=\"no\" allowfullscreen=\"allowfullscreen\" data-tweet-id=\"1636067026723561474\" data-mce-fragment=\"1\"><\/iframe><\/div>\n<p><strong>Ve videu report\u00e9r \u0159\u00edk\u00e1:<\/strong><\/p>\n<p><em><span>\u201e\u0158\u00edkala jste, \u017ee nechcete na olympi\u00e1d\u011b rusk\u00e9 a b\u011blorusk\u00e9 sportovce, ale c\u00edtila jste to stejn\u011b, kdy\u017e USA napadly Ir\u00e1k? A co kanad\u0161t\u00ed sportovci pot\u00e9, co jsme bombardovali Libyi a Afgh\u00e1nist\u00e1n?<\/span><\/em><\/p>\n<p><span>St. Onge, kter\u00e1 zpo\u010d\u00e1tku dovolila report\u00e9rovi polo\u017eit ot\u00e1zku, po polo\u017een\u00ed t\u00e9to ot\u00e1zky jednodu\u0161e ode\u0161la. Report\u00e9r n\u00e1sledoval ministryni, zat\u00edmco PR \u00fa\u0159edn\u00edk a p\u0159ekladatel se sna\u017eili p\u0159edej\u00edt dal\u0161\u00edm ot\u00e1zk\u00e1m.<\/span><\/p>\n<p><span>Kdy\u017e St Onge opustila m\u00edstnost a zam\u00ed\u0159ila k v\u00fdtahu, report\u00e9r trval na odpov\u011bdi.<\/span><\/p>\n<p><em><span>\u201ePan\u00ed ministryn\u011b St-Onge, to je velmi jednoduch\u00e1 ot\u00e1zka.\u00a0A co izrael\u0161t\u00ed sportovci pot\u00e9, co jejich vl\u00e1da na 15 let okupovala palestinskou zem? Co takhle zak\u00e1zat izraelsk\u00e9 sportovce?\u00a0Pan\u00ed, pro\u010d nem\u016f\u017eete odpov\u011bd\u011bt na ot\u00e1zku?&#8220;<\/span><\/em><\/p>\n<p><span style=\"font-size: 18pt;\"><strong>Kanad\u0161t\u00ed sportovci cht\u011bj\u00ed vylou\u010dit Rusy\u00a0<\/strong><\/span><\/p>\n<p><span>Mezin\u00e1rodn\u00ed olympijsk\u00fd v\u00fdbor v sou\u010dasn\u00e9 dob\u011b zkoum\u00e1 zp\u016fsob, jak umo\u017enit sportovc\u016fm z Ruska a B\u011bloruska sout\u011b\u017eit, ani\u017e by ofici\u00e1ln\u011b reprezentovali svou zemi, s odvol\u00e1n\u00edm na lidsk\u00e1 pr\u00e1va, kter\u00e1 \u0159\u00edkaj\u00ed, \u017ee sportovci by nem\u011bli b\u00fdt diskriminov\u00e1ni pouze na z\u00e1klad\u011b sv\u00e9ho pasu.<\/span><\/p>\n<p><strong>Kanad\u0161t\u00ed sportovci tuto my\u0161lenku odm\u00edtaj\u00ed.<\/strong><\/p>\n<p><em><span>&#8222;Odep\u0159en\u00ed jejich \u00fa\u010dasti v mezin\u00e1rodn\u00edm sportu nen\u00ed jen ot\u00e1zkou odm\u00edtnut\u00ed v\u00fdb\u011bru sportovc\u016f na z\u00e1klad\u011b jejich pasu, ale tak\u00e9 odm\u00edtnut\u00edm nez\u00e1konn\u00e9 a nelidsk\u00e9 v\u00e1lky a uzn\u00e1n\u00edm role, kterou mezin\u00e1rodn\u00ed sport hraje v geopolitice,&#8220; podle<\/span><\/em><span>\u00a0prohl\u00e1\u0161en\u00ed r\u016fzn\u00fdch \u0161pi\u010dkov\u00fdch kanadsk\u00fdch sportovc\u016f.<\/span><\/p>\n<p><img decoding=\"async\" loading=\"lazy\" class=\"alignnone size-full wp-image-1185\" src=\"http:\/\/www.infokuryr.cz\/n\/wp-content\/uploads\/2021\/04\/kuryr-podpis.png\" alt=\"\" width=\"84\" height=\"24\" \/><\/p>\n<p>&nbsp;<\/p>\n<p>&nbsp;<\/p>\n<p><img decoding=\"async\" loading=\"lazy\" class=\"wp-image-19187 aligncenter\" src=\"http:\/\/www.infokuryr.cz\/n\/wp-content\/uploads\/2022\/12\/1-PRO-300x36.jpg\" alt=\"\" width=\"1083\" height=\"130\" srcset=\"https:\/\/www.infokuryr.cz\/n\/wp-content\/uploads\/2022\/12\/1-PRO-300x36.jpg 300w, https:\/\/www.infokuryr.cz\/n\/wp-content\/uploads\/2022\/12\/1-PRO.jpg 699w\" sizes=\"(max-width: 1083px) 100vw, 1083px\" \/><\/p>\n<p>&nbsp;<\/p>\n<p>&nbsp;<\/p>\n<p><img decoding=\"async\" loading=\"lazy\" class=\"wp-image-24432 aligncenter\" src=\"http:\/\/www.infokuryr.cz\/n\/wp-content\/uploads\/2023\/03\/pozvanka-teplice-pro-1-300x156.jpg\" alt=\"\" width=\"937\" height=\"487\" srcset=\"https:\/\/www.infokuryr.cz\/n\/wp-content\/uploads\/2023\/03\/pozvanka-teplice-pro-1-300x156.jpg 300w, https:\/\/www.infokuryr.cz\/n\/wp-content\/uploads\/2023\/03\/pozvanka-teplice-pro-1-1024x531.jpg 1024w, https:\/\/www.infokuryr.cz\/n\/wp-content\/uploads\/2023\/03\/pozvanka-teplice-pro-1-768x398.jpg 768w, https:\/\/www.infokuryr.cz\/n\/wp-content\/uploads\/2023\/03\/pozvanka-teplice-pro-1.jpg 1272w\" sizes=\"(max-width: 937px) 100vw, 937px\" \/><\/p>\n<p>&nbsp;<\/p>\n<p>&nbsp;<\/p>\n","protected":false},"excerpt":{"rendered":"<p>Vylou\u010den\u00ed rusk\u00fdch a b\u011blorusk\u00fdch sportovc\u016f z velk\u00fdch mezin\u00e1rodn\u00edch sportovn\u00edch akc\u00ed, jako jsou olympijsk\u00e9 hry, je&#8230;<\/p>\n","protected":false},"author":2,"featured_media":24657,"comment_status":"closed","ping_status":"closed","sticky":false,"template":"","format":"standard","meta":[],"categories":[7],"tags":[248,3216,3949,659],"_links":{"self":[{"href":"https:\/\/www.infokuryr.cz\/n\/wp-json\/wp\/v2\/posts\/24656"}],"collection":[{"href":"https:\/\/www.infokuryr.cz\/n\/wp-json\/wp\/v2\/posts"}],"about":[{"href":"https:\/\/www.infokuryr.cz\/n\/wp-json\/wp\/v2\/types\/post"}],"author":[{"embeddable":true,"href":"https:\/\/www.infokuryr.cz\/n\/wp-json\/wp\/v2\/users\/2"}],"replies":[{"embeddable":true,"href":"https:\/\/www.infokuryr.cz\/n\/wp-json\/wp\/v2\/comments?post=24656"}],"version-history":[{"count":1,"href":"https:\/\/www.infokuryr.cz\/n\/wp-json\/wp\/v2\/posts\/24656\/revisions"}],"predecessor-version":[{"id":24658,"href":"https:\/\/www.infokuryr.cz\/n\/wp-json\/wp\/v2\/posts\/24656\/revisions\/24658"}],"wp:featuredmedia":[{"embeddable":true,"href":"https:\/\/www.infokuryr.cz\/n\/wp-json\/wp\/v2\/media\/24657"}],"wp:attachment":[{"href":"https:\/\/www.infokuryr.cz\/n\/wp-json\/wp\/v2\/media?parent=24656"}],"wp:term":[{"taxonomy":"category","embeddable":true,"href":"https:\/\/www.infokuryr.cz\/n\/wp-json\/wp\/v2\/categories?post=24656"},{"taxonomy":"post_tag","embeddable":true,"href":"https:\/\/www.infokuryr.cz\/n\/wp-json\/wp\/v2\/tags?post=24656"}],"curies":[{"name":"wp","href":"https:\/\/api.w.org\/{rel}","templated":true}]}}