{"id":24594,"date":"2023-03-17T01:00:35","date_gmt":"2023-03-17T00:00:35","guid":{"rendered":"http:\/\/www.infokuryr.cz\/n\/?p=24594"},"modified":"2023-03-16T15:45:00","modified_gmt":"2023-03-16T14:45:00","slug":"mimoradna-tiskovka-strany-pro-k-brutalite-a-urazkam-rakusana-po-obrovskem-setkani-obcanu-proti-fialove-bide","status":"publish","type":"post","link":"https:\/\/www.infokuryr.cz\/n\/2023\/03\/17\/mimoradna-tiskovka-strany-pro-k-brutalite-a-urazkam-rakusana-po-obrovskem-setkani-obcanu-proti-fialove-bide\/","title":{"rendered":"Mimo\u0159\u00e1dn\u00e1 tiskovka strany PRO k brutalit\u011b a ur\u00e1\u017ek\u00e1m Raku\u0161ana po obrovsk\u00e9m setk\u00e1n\u00ed ob\u010dan\u016f proti Fialov\u011b b\u00edd\u011b"},"content":{"rendered":"<div id=\"fb-root\"><\/div>\n<p><span style=\"font-size: 14pt;\"><strong>V civilizovan\u00e9m sv\u011bt\u011b by minist\u0159i n\u011bkolik minut po brut\u00e1ln\u00edch z\u00e1kroc\u00edch jako v roce 1989 odstoupili. Extremistick\u00fd ministr Raku\u0161an dokonce bez pro\u0161et\u0159en\u00ed na ob\u010dany \u010cesk\u00e9 republiky sprost\u011b za\u00fato\u010dil. Mo\u017en\u00e1 p\u0159eb\u00edr\u00e1 z\u00e1kony z Ukrajiny! Ale my jsme \u010cesk\u00e1 republika!<\/strong><\/span><\/p>\n<p>&nbsp;<\/p>\n<p><iframe loading=\"lazy\" title=\"Tiskov\u00e1 konference strany PR\u00c1VO RESPEKT ODBORNOST\" width=\"640\" height=\"360\" src=\"https:\/\/www.youtube.com\/embed\/yM72Eq7o_DU?feature=oembed\" frameborder=\"0\" allow=\"accelerometer; autoplay; clipboard-write; encrypted-media; gyroscope; picture-in-picture; web-share\" allowfullscreen><\/iframe><\/p>\n<p>Stra\u0161n\u00e9, kam se posunula nejen finan\u010dn\u00ed, ale p\u0159edev\u0161\u00edm mor\u00e1ln\u00ed b\u00edda v \u010cesk\u00e9 republice. Dokonce \u010d\u00e1st p\u011btikoali\u010dn\u00edho spolku dosazen\u00e9ho prapodivn\u011b do vl\u00e1dy za pomoci p\u0159edsedy \u00dastavn\u00edho soudu Rychetsk\u00e9ho vyhro\u017euje okle\u0161t\u011bn\u00edm akademick\u00fdch\u00a0 svobod jako za gestapa v roce 1939. Jenom proto, \u017ee docent \u0160ev\u010d\u00edk \u017e\u00e1dal vysv\u011btlen\u00ed o zml\u00e1cen\u00e9m \u010dlov\u011bku.<\/p>\n<div class=\"info_box cela_sirka jpalert\">\n<div class=\"explanationContent\">\n<table>\n<tbody>\n<tr>\n<td><strong><span style=\"color: #ff0000;\">\u00a0Jan Lacina (STAN)<\/span><\/strong><\/p>\n<p><span style=\"color: #ff0000;\"><strong>A jestli ten akademick\u00fd sen\u00e1t\u00a0 n\u011bco se \u0160ev\u010d\u00edkem\u00a0 neprovede, tak si mysl\u00edm, \u017ee je pot\u0159eba se\u00a0v\u00e1\u017en\u011b zamyslet nad zm\u011bnou z\u00e1kona! A jestli by vysok\u00e9 \u0161koly nem\u011bly fungovat na jin\u00e9 b\u00e1zi!<\/strong><\/span><\/p>\n<p>Neuv\u011b\u0159iteln\u00e9, t\u00edmto naposledy vyhro\u017eovalo gestapo, zavra\u017edilo Jana Opletala a pak zav\u0159elo \u010desk\u00e9 vysok\u00e9 \u0161koly!<\/td>\n<\/tr>\n<\/tbody>\n<\/table>\n<\/div>\n<\/div>\n<p><span style=\"font-size: 14pt;\"><strong>A kdo je skute\u010dn\u011b prolhan\u00fd dareb\u00e1k, manipul\u00e1tor a dezinform\u00e1tor lze snadno dolo\u017eit. (Nebylo sou\u010d\u00e1st\u00ed tiskov\u00e9 konference. Vlo\u017eeno sem dodate\u010dn\u011b.)<\/strong><\/span><\/p>\n<p><img decoding=\"async\" loading=\"lazy\" class=\"aligncenter\" src=\"https:\/\/www.skrytapravda.cz\/images\/blogy\/3008\/2023\/3brezen\/porovn%C3%A1n%C3%AD_milion_a_pro_rajchl_4bd97.webp\" alt=\"porovn\u00e1n\u00ed milion a pro rajchl 4bd97\" width=\"855\" height=\"515\" \/><\/p>\n<div class=\"clr\"><\/div>\n<div class=\"clauthor\"><a href=\"https:\/\/www.skrytapravda.cz\/z-domova\/1131-mimoradna-tiskovka-strany-pro-k-brutalite-a-urazkam-rakusana-po-obrovskem-setkani-obcanu-proti-fialove-bide\">Petr Pokorn\u00fd<\/a><\/div>\n<p>&nbsp;<\/p>\n<p><img decoding=\"async\" loading=\"lazy\" class=\"wp-image-19187 aligncenter\" src=\"http:\/\/www.infokuryr.cz\/n\/wp-content\/uploads\/2022\/12\/1-PRO-300x36.jpg\" alt=\"\" width=\"1133\" height=\"136\" srcset=\"https:\/\/www.infokuryr.cz\/n\/wp-content\/uploads\/2022\/12\/1-PRO-300x36.jpg 300w, https:\/\/www.infokuryr.cz\/n\/wp-content\/uploads\/2022\/12\/1-PRO.jpg 699w\" sizes=\"(max-width: 1133px) 100vw, 1133px\" \/><\/p>\n<p>&nbsp;<\/p>\n<p><img decoding=\"async\" loading=\"lazy\" class=\"wp-image-24432 aligncenter\" src=\"http:\/\/www.infokuryr.cz\/n\/wp-content\/uploads\/2023\/03\/pozvanka-teplice-pro-1-300x156.jpg\" alt=\"\" width=\"971\" height=\"505\" srcset=\"https:\/\/www.infokuryr.cz\/n\/wp-content\/uploads\/2023\/03\/pozvanka-teplice-pro-1-300x156.jpg 300w, https:\/\/www.infokuryr.cz\/n\/wp-content\/uploads\/2023\/03\/pozvanka-teplice-pro-1-1024x531.jpg 1024w, https:\/\/www.infokuryr.cz\/n\/wp-content\/uploads\/2023\/03\/pozvanka-teplice-pro-1-768x398.jpg 768w, https:\/\/www.infokuryr.cz\/n\/wp-content\/uploads\/2023\/03\/pozvanka-teplice-pro-1.jpg 1272w\" sizes=\"(max-width: 971px) 100vw, 971px\" \/><\/p>\n<p>&nbsp;<\/p>\n","protected":false},"excerpt":{"rendered":"<p>V civilizovan\u00e9m sv\u011bt\u011b by minist\u0159i n\u011bkolik minut po brut\u00e1ln\u00edch z\u00e1kroc\u00edch jako v roce 1989 odstoupili&#8230;.<\/p>\n","protected":false},"author":2,"featured_media":24595,"comment_status":"closed","ping_status":"closed","sticky":false,"template":"","format":"standard","meta":[],"categories":[6],"tags":[2992,2663,1370],"_links":{"self":[{"href":"https:\/\/www.infokuryr.cz\/n\/wp-json\/wp\/v2\/posts\/24594"}],"collection":[{"href":"https:\/\/www.infokuryr.cz\/n\/wp-json\/wp\/v2\/posts"}],"about":[{"href":"https:\/\/www.infokuryr.cz\/n\/wp-json\/wp\/v2\/types\/post"}],"author":[{"embeddable":true,"href":"https:\/\/www.infokuryr.cz\/n\/wp-json\/wp\/v2\/users\/2"}],"replies":[{"embeddable":true,"href":"https:\/\/www.infokuryr.cz\/n\/wp-json\/wp\/v2\/comments?post=24594"}],"version-history":[{"count":1,"href":"https:\/\/www.infokuryr.cz\/n\/wp-json\/wp\/v2\/posts\/24594\/revisions"}],"predecessor-version":[{"id":24596,"href":"https:\/\/www.infokuryr.cz\/n\/wp-json\/wp\/v2\/posts\/24594\/revisions\/24596"}],"wp:featuredmedia":[{"embeddable":true,"href":"https:\/\/www.infokuryr.cz\/n\/wp-json\/wp\/v2\/media\/24595"}],"wp:attachment":[{"href":"https:\/\/www.infokuryr.cz\/n\/wp-json\/wp\/v2\/media?parent=24594"}],"wp:term":[{"taxonomy":"category","embeddable":true,"href":"https:\/\/www.infokuryr.cz\/n\/wp-json\/wp\/v2\/categories?post=24594"},{"taxonomy":"post_tag","embeddable":true,"href":"https:\/\/www.infokuryr.cz\/n\/wp-json\/wp\/v2\/tags?post=24594"}],"curies":[{"name":"wp","href":"https:\/\/api.w.org\/{rel}","templated":true}]}}