{"id":2459,"date":"2021-06-12T13:48:12","date_gmt":"2021-06-12T11:48:12","guid":{"rendered":"http:\/\/www.infokuryr.cz\/n\/?p=2459"},"modified":"2021-06-12T13:48:12","modified_gmt":"2021-06-12T11:48:12","slug":"nejde-o-konspiraci","status":"publish","type":"post","link":"https:\/\/www.infokuryr.cz\/n\/2021\/06\/12\/nejde-o-konspiraci\/","title":{"rendered":"Nejde o konspiraci!"},"content":{"rendered":"<div id=\"fb-root\"><\/div>\n<p><strong>\u010casopis Time zve\u0159ejnil v \u0159\u00edjnu 2020 tyto \u0161\u00edlenosti, kter\u00e9 se brzo stanou p\u0159\u00edli\u0161 krutou realitou.<\/strong><\/p>\n<p>Do roku 2023 pl\u00e1nuje WEF \/sv\u011btov\u00e9 ekonomick\u00e9 forum\/ zni\u010dit v\u0161echny mal\u00e9 firmy a st\u0159edn\u00ed t\u0159\u00eddu na cel\u00e9m sv\u011bt\u011b. D\u00edky zhor\u0161uj\u00edc\u00ed se ekonomice si podniky a dom\u00e1cnosti uv\u011bdom\u00ed, \u017ee bez zahrani\u010dn\u00ed pomoci nep\u0159e\u017eij\u00ed. Pl\u00e1n zahrnuje podroben\u00ed si lidstva prost\u0159ednictv\u00edm p\u016fj\u010dek \u0161etrn\u00fdch k \u017eivotn\u00edmu prost\u0159ed\u00ed, z\u00e1kaz finan\u010dn\u00edch aktivit, kter\u00e9\u00a0 neslou\u017e\u00ed jasn\u00e9mu ve\u0159ejn\u00e9mu \u00fa\u010delu- konci kapitalismu.<\/p>\n<p>Zat\u00edmco mal\u00e9 podniky v mnoha zem\u00edch bojuj\u00ed o p\u0159e\u017eit\u00ed, pl\u00e1nuje se vytvo\u0159it klimaticky neutr\u00e1ln\u00ed m\u011bsta po cel\u00e9 Evrop\u011b. Ta m\u00e1 b\u00fdt Velk\u00fdm resetem zasa\u017een\u00e1 nejv\u00edc. To u\u017e bude Evropa globalizovan\u00e1, bez n\u00e1rod\u016f a n\u00e1rodn\u00edch st\u00e1t\u016f. Proto ta podpora invaze z Afriky a Asie, kter\u00e1 m\u00e1 slou\u017eit k v\u00fdm\u011bn\u011b obyvatel kontinentu.<\/p>\n<p>M\u00e1 b\u00fdt jen ve\u0159ejn\u00e1 doprava, kter\u00e1 je &#8222;udr\u017eiteln\u00e1&#8220;, p\u0159\u00edstupn\u00e1 a poskytovan\u00e1 zdarma. Automobily definitivn\u011b kon\u010d\u00ed, budou jen pro vybran\u00e9. Budoucnost m\u00e1 hromadn\u00e1 doprava. Navrhuje se, aby v\u0161echny vl\u00e1dy vyu\u017e\u00edvaly digit\u00e1ln\u00ed revoluci k zaveden\u00ed ve\u0159ejn\u00fdch slu\u017eeb od digit\u00e1ln\u00edho zdrav\u00ed po elektronick\u00e9 karty, aby mohlo b\u00fdt absolutn\u00ed sledov\u00e1n\u00ed ka\u017ed\u00e9ho ob\u010dana.<\/p>\n<p>Pl\u00e1nem Velk\u00e9ho resetu je transformace kapitalismu na socialismus. St\u00e1t bude v\u0161emocn\u00fd, ob\u010dan\u00e9 si budou rovni. Bohat\u00ed z\u016fstanou bohat\u00fdmi \u010di je\u0161t\u011b v\u00edc zbohatnou, chud\u00ed z\u016fst\u00e1vaj\u00ed chud\u00ed, st\u0159edn\u00ed t\u0159\u00edda postupn\u011b zmiz\u00ed.<\/p>\n<p>Lidi se budou muset nau\u010dit, \u017ee kolektivismus je nutno preferovat a \u017ee ve\u0159ejn\u00e1 hodnota bude j\u00e1drem inovac\u00ed v oblasti zdrav\u00ed. Socialismus, kter\u00fd jsme kdysi pro\u017eili, byl proti tomu, co n\u00e1s \u010dek\u00e1, proch\u00e1zkou r\u016f\u017eovou zahradou.<\/p>\n<p>Velk\u00fd reset znamen\u00e1 regulovat du\u0161evn\u00ed vlastnictv\u00ed, ceny a v\u00fdrobu l\u00e9\u010div a vakc\u00edn covid po cel\u00e9m sv\u011bt\u011b. Bohat\u0161\u00ed zem\u011b budou muset zv\u00fd\u0161it v\u00fdrobu sv\u00fdch farmaceutik po cel\u00e9m sv\u011bt\u011b a vyu\u017e\u00edt masov\u00e9 glob\u00e1ln\u00ed zak\u00e1zky k n\u00e1kupu vakc\u00edn pro chud\u0161\u00ed zem\u011b. P\u016fjde o stamiliardov\u00fd obchod pro farmaceutick\u00fd pr\u016fmysl.<\/p>\n<p>Mal\u00e9 podniky budou st\u00e1le pochybovat o Velk\u00e9m resetu, proto se st\u00e1le budou sna\u017eit udr\u017eovat v\u00fdrobu. Po\u010d\u00edt\u00e1 se s ve\u0159ejn\u00fdmi protesty. Loutkov\u00e9 vl\u00e1dy u\u017e letos v l\u00e9t\u011b za\u010dnou otev\u0159en\u011b mluvit o transformaci spole\u010dnosti. Na l\u00e9to 2022 bude vyhl\u00e1\u0161ena dal\u0161\u00ed velk\u00e1 krize- &#8222;Zelen\u00fd Gretenismus&#8220;. Pl\u00e1nuje se na p\u0159\u00ed\u0161t\u00ed l\u00e9to v \u010d\u00e1sti USA velmi siln\u00e9 sucho, aby byla ne\u00faroda v oblasti z\u00e1sobuj\u00edc\u00ed \u0161estinu sv\u011bta v obil\u00ed. Lid\u00e9 budou hladov\u011bt. Kv\u016fli suchu v\u0161echny vl\u00e1dy \u00a0finan\u010dn\u011b podpo\u0159\u00ed glob\u00e1ln\u00ed podm\u00ednky na podporu Zelen\u00e9 ekonomiky. Sucho bude vytovo\u0159eno samoz\u0159ejm\u011b um\u011ble\u00a0 pravd\u011bpodobn\u011b prost\u0159ednictv\u00edm HAARP.<\/p>\n<p>V budoucnu budeme cestovat jen ve\u0159ejnou dopravou, na kole a p\u011b\u0161ky. V socialismu se z\u00e1kazy cestov\u00e1n\u00ed budou \u0159\u00eddit centr\u00e1ln\u00edmi z\u00e1kazy, z\u00e1kazy cestov\u00e1n\u00ed a dokonce i z\u00e1kazy vych\u00e1zen\u00ed.\u00a0Sal\u00e1movkou se u\u017e prov\u00e1d\u00ed \/zat\u00edm jen\/ z\u00e1kaz cestov\u00e1n\u00ed.<\/p>\n<p>V roce 2023 m\u00e1 doj\u00edt ke kone\u010dn\u00e9 transformaci kapitalismu na socialistickou diktaturu. Sv\u011bt by m\u011bl p\u0159ijmout &#8222;nov\u00fd norm\u00e1l&#8220;, aby zajistil, \u017ee spolupr\u00e1ce ve\u0159ejn\u00e9ho a soukrom\u00e9ho sektoru bude \u0159\u00edzena ve\u0159ejn\u00fdm z\u00e1jmem, nikoli soukrom\u00fdm ziskem. Tak by m\u011blo doj\u00edt k zru\u0161en\u00ed kapitalismu. WEF v\u011bdom\u011b pl\u00e1nuje zni\u010dit \u017eivobyt\u00ed drtiv\u00e9 v\u011bt\u0161in\u011b lid\u00ed a v\u011b\u0159\u00ed, \u017ee jim to d\u00e1 p\u0159\u00edle\u017eitost p\u0159etvo\u0159it na\u0161i glob\u00e1ln\u00ed ekonomiku podle viz\u00ed Schwaba. Za n\u00edm a za WEF, stoj i pape\u017e, podporuj\u00edc\u00ed pl\u00e1n Velk\u00e9ho resetu.<\/p>\n<p>Miroslav Petr<\/p>\n<p><em>Zdroj: \u010cesko aktu\u00e1ln\u011b bez cenzury- Co se bude d\u00edt a\u017e do roku 2023?<\/em><\/p>\n","protected":false},"excerpt":{"rendered":"<p>\u010casopis Time zve\u0159ejnil v \u0159\u00edjnu 2020 tyto \u0161\u00edlenosti, kter\u00e9 se brzo stanou p\u0159\u00edli\u0161 krutou realitou&#8230;.<\/p>\n","protected":false},"author":2,"featured_media":2460,"comment_status":"closed","ping_status":"closed","sticky":false,"template":"","format":"standard","meta":[],"categories":[6],"tags":[23,402,235,613],"_links":{"self":[{"href":"https:\/\/www.infokuryr.cz\/n\/wp-json\/wp\/v2\/posts\/2459"}],"collection":[{"href":"https:\/\/www.infokuryr.cz\/n\/wp-json\/wp\/v2\/posts"}],"about":[{"href":"https:\/\/www.infokuryr.cz\/n\/wp-json\/wp\/v2\/types\/post"}],"author":[{"embeddable":true,"href":"https:\/\/www.infokuryr.cz\/n\/wp-json\/wp\/v2\/users\/2"}],"replies":[{"embeddable":true,"href":"https:\/\/www.infokuryr.cz\/n\/wp-json\/wp\/v2\/comments?post=2459"}],"version-history":[{"count":0,"href":"https:\/\/www.infokuryr.cz\/n\/wp-json\/wp\/v2\/posts\/2459\/revisions"}],"wp:featuredmedia":[{"embeddable":true,"href":"https:\/\/www.infokuryr.cz\/n\/wp-json\/wp\/v2\/media\/2460"}],"wp:attachment":[{"href":"https:\/\/www.infokuryr.cz\/n\/wp-json\/wp\/v2\/media?parent=2459"}],"wp:term":[{"taxonomy":"category","embeddable":true,"href":"https:\/\/www.infokuryr.cz\/n\/wp-json\/wp\/v2\/categories?post=2459"},{"taxonomy":"post_tag","embeddable":true,"href":"https:\/\/www.infokuryr.cz\/n\/wp-json\/wp\/v2\/tags?post=2459"}],"curies":[{"name":"wp","href":"https:\/\/api.w.org\/{rel}","templated":true}]}}