{"id":2455,"date":"2021-06-12T06:23:07","date_gmt":"2021-06-12T04:23:07","guid":{"rendered":"http:\/\/www.infokuryr.cz\/n\/?p=2455"},"modified":"2021-06-12T06:23:07","modified_gmt":"2021-06-12T04:23:07","slug":"o-podobe-sochy-otto-bismarcka-v-hamburku-maji-rozhodnout-africti-vedci","status":"publish","type":"post","link":"https:\/\/www.infokuryr.cz\/n\/2021\/06\/12\/o-podobe-sochy-otto-bismarcka-v-hamburku-maji-rozhodnout-africti-vedci\/","title":{"rendered":"O podob\u011b sochy Otto Bismarcka v Hamburku maj\u00ed rozhodnout afri\u010dt\u00ed v\u011bdci"},"content":{"rendered":"<div id=\"fb-root\"><\/div>\n<p>V Hamburku maj\u00ed od roku 1906 sochu n\u011bmeck\u00e9ho \u201c\u017eelezn\u00e9ho\u201d kancl\u00e9\u0159e O. Bismarcka.\u00a0<strong>Nyn\u00ed vede neomarxistick\u00e9 veden\u00ed m\u011bsta (Soc. dem a Zelen\u00ed)\u00a0<a href=\"https:\/\/jungefreiheit.de\/politik\/deutschland\/2021\/afrikaner-bismarckdenkmal\/\">debatu<\/a>\u00a0o budoucnosti 34 m vysok\u00e9ho historick\u00e9ho pam\u00e1tn\u00edku n\u011bmeck\u00e9ho kancl\u00e9\u0159e \u201csjednotitele\u201d.<\/strong><\/p>\n<p><strong>Podle veden\u00ed radnice je pot\u0159eba k debat\u011b o budoucnosti sochy p\u0159izvat odborn\u00edky z Afriky, kv\u016fli Bismarckov\u011b anga\u017em\u00e1 v koloni\u00e1ln\u00ed politice.<\/strong>\u00a0Ta je nyn\u00ed v N\u011bmecku hork\u00fdm t\u00e9matem a ofici\u00e1ln\u00ed m\u00edsta se za koloni\u00e1ln\u00ed (zcela bezv\u00fdznamnou) minulost N\u011bmecka omlouvaj\u00ed horem dolem. Dokonce nab\u00edz\u00ed Afri\u010dan\u016fm finan\u010dn\u00ed kompenzace ve v\u00fd\u0161i 1,1 miliardy EUR, t\u011bm se to ale zd\u00e1 m\u00e1lo.<\/p>\n<p>N\u011bmecko je nyn\u00ed urychlen\u011b p\u0159em\u011b\u0148ov\u00e1no na multikulturn\u00ed mi\u0161 ma\u0161,\u00a0<strong>kde b\u00edl\u00fd N\u011bmec nem\u00e1 m\u00edsto a tak nejsp\u00ed\u0161 dojde k odstran\u011bn\u00ed sochy jako i dal\u0161\u00edch p\u0159ipom\u00ednek n\u011bmeck\u00e9 st\u00e1tnosti. Kdo ovl\u00e1d\u00e1 minulost, ovl\u00e1d\u00e1 p\u0159\u00edtomnost. Kdo ovl\u00e1d\u00e1 p\u0159\u00edtomnost, ovl\u00e1d\u00e1 budoucnost.<\/strong><\/p>\n<p><a href=\"https:\/\/ceskavec.com\/2021\/06\/o-podobe-sochy-otto-bismarcka-v-hamburku-maji-rozhodnout-africti-vedci\">Milan v N\u011bmecku<\/a><\/p>\n<p>&nbsp;<\/p>\n","protected":false},"excerpt":{"rendered":"<p>V Hamburku maj\u00ed od roku 1906 sochu n\u011bmeck\u00e9ho \u201c\u017eelezn\u00e9ho\u201d kancl\u00e9\u0159e O. Bismarcka.\u00a0Nyn\u00ed vede neomarxistick\u00e9 veden\u00ed&#8230;<\/p>\n","protected":false},"author":2,"featured_media":2456,"comment_status":"closed","ping_status":"closed","sticky":false,"template":"","format":"standard","meta":[],"categories":[7],"tags":[612,84,611,610],"_links":{"self":[{"href":"https:\/\/www.infokuryr.cz\/n\/wp-json\/wp\/v2\/posts\/2455"}],"collection":[{"href":"https:\/\/www.infokuryr.cz\/n\/wp-json\/wp\/v2\/posts"}],"about":[{"href":"https:\/\/www.infokuryr.cz\/n\/wp-json\/wp\/v2\/types\/post"}],"author":[{"embeddable":true,"href":"https:\/\/www.infokuryr.cz\/n\/wp-json\/wp\/v2\/users\/2"}],"replies":[{"embeddable":true,"href":"https:\/\/www.infokuryr.cz\/n\/wp-json\/wp\/v2\/comments?post=2455"}],"version-history":[{"count":0,"href":"https:\/\/www.infokuryr.cz\/n\/wp-json\/wp\/v2\/posts\/2455\/revisions"}],"wp:featuredmedia":[{"embeddable":true,"href":"https:\/\/www.infokuryr.cz\/n\/wp-json\/wp\/v2\/media\/2456"}],"wp:attachment":[{"href":"https:\/\/www.infokuryr.cz\/n\/wp-json\/wp\/v2\/media?parent=2455"}],"wp:term":[{"taxonomy":"category","embeddable":true,"href":"https:\/\/www.infokuryr.cz\/n\/wp-json\/wp\/v2\/categories?post=2455"},{"taxonomy":"post_tag","embeddable":true,"href":"https:\/\/www.infokuryr.cz\/n\/wp-json\/wp\/v2\/tags?post=2455"}],"curies":[{"name":"wp","href":"https:\/\/api.w.org\/{rel}","templated":true}]}}