{"id":2453,"date":"2021-06-12T06:19:57","date_gmt":"2021-06-12T04:19:57","guid":{"rendered":"http:\/\/www.infokuryr.cz\/n\/?p=2453"},"modified":"2021-06-12T06:19:57","modified_gmt":"2021-06-12T04:19:57","slug":"naprosty-sok-nemecko-ma-ve-svem-zakone-o-prevenci-a-kontrole-infekcnich-nemoci-u-lidi-uz-leta-paragraf-ktery-legalizuje-aerobni-ockovani","status":"publish","type":"post","link":"https:\/\/www.infokuryr.cz\/n\/2021\/06\/12\/naprosty-sok-nemecko-ma-ve-svem-zakone-o-prevenci-a-kontrole-infekcnich-nemoci-u-lidi-uz-leta-paragraf-ktery-legalizuje-aerobni-ockovani\/","title":{"rendered":"Naprost\u00fd \u0161ok: N\u011bmecko m\u00e1 ve sv\u00e9m z\u00e1kon\u011b o prevenci a kontrole infek\u010dn\u00edch nemoc\u00ed u lid\u00ed u\u017e l\u00e9ta paragraf, kter\u00fd legalizuje aerobn\u00ed o\u010dkov\u00e1n\u00ed&#8230;"},"content":{"rendered":"<div id=\"fb-root\"><\/div>\n<h4>Naprost\u00fd \u0161ok: N\u011bmecko m\u00e1 ve sv\u00e9m z\u00e1kon\u011b o prevenci a kontrole infek\u010dn\u00edch nemoc\u00ed u lid\u00ed u\u017e l\u00e9ta paragraf, kter\u00fd legalizuje aerobn\u00ed o\u010dkov\u00e1n\u00ed pomoc\u00ed mikroorganism\u016f vydechovan\u00fdch z o\u010dkovan\u00fdch lid\u00ed na neo\u010dkovan\u00e9, p\u0159i\u010dem\u017e t\u011bm se odeb\u00edr\u00e1 pr\u00e1vo na ochranu osobn\u00ed integrity p\u0159ed t\u00edmto zp\u016fsobem vektorov\u00e9 vakcinace! N\u011bmecko m\u00e1 tento paragraf v z\u00e1kon\u011b ji\u017e od roku 2001, kdy ale mRNA vakc\u00edny je\u0161t\u011b neexistovaly! Tak\u017ee v\u016fbec nez\u00e1le\u017e\u00ed, jestli p\u016fjdete na o\u010dkov\u00e1n\u00ed, proto\u017ee v\u00e1s sv\u00fdm dechem nao\u010dkuje kolega, kamar\u00e1d, spolupracovn\u00edk, nebo \u010dlen rodiny! Vymalov\u00e1no bez na\u0161eho v\u011bdom\u00ed a posledn\u00ed ani nestihne zhasnout?<\/h4>\n<p>D\u00e1my a p\u00e1nov\u00e9, situace s autogenocidou g\u00f3jsk\u00fdch n\u00e1rod\u016f tzv. z\u00e1padn\u00ed civilizace opravdu dramaticky eskaluje a ka\u017ed\u00fd den p\u0159ich\u00e1z\u00ed nov\u00e9 a hor\u0161\u00ed \u0161okuj\u00edc\u00ed informace. Je to kv\u016fli tomu, \u017ee procesy \u0159\u00edzen\u00ed se neuv\u011b\u0159iteln\u00fdm zp\u016fsobem urychluj\u00ed.\u00a0<strong>Co d\u0159\u00edve globalist\u016fm, tedy Domu Sion jako nejvy\u0161\u0161\u00edmu stolci sv\u011btov\u00e9ho sionismu, trvalo 20 let, je dnes ot\u00e1zkou dvou m\u011bs\u00edc\u016f.<\/strong>\u00a0Na serveru Infowars Alexe Jonese byla p\u0159ed n\u011bkolika dny zm\u00ednka o tom, \u017ee v n\u011bmeck\u00e9m z\u00e1kon\u011b o prevenci a kontrole infek\u010dn\u00edch nemoc\u00ed u lid\u00ed je jist\u00fd paragraf, kter\u00fd se tam dostal ned\u00e1vno, a kter\u00fd legalizuje aerobn\u00ed o\u010dkov\u00e1n\u00ed p\u0159enosem o\u010dkovac\u00edch organism\u016f vzduchem z respira\u010dn\u00edho syst\u00e9mu o\u010dkovan\u00e9 osoby na osobu neo\u010dkovanou.<\/p>\n<figure id=\"attachment_47077\" class=\"wp-caption aligncenter\" style=\"width: 597px;\"><a href=\"https:\/\/aeronet.cz\/news\/wp-content\/uploads\/VaxCenterGermany.jpg\"><img decoding=\"async\" loading=\"lazy\" class=\"wp-image-47077 \" src=\"https:\/\/aeronet.cz\/news\/wp-content\/uploads\/VaxCenterGermany-1024x576.jpg\" sizes=\"(max-width: 700px) 100vw, 700px\" srcset=\"https:\/\/aeronet.cz\/news\/wp-content\/uploads\/VaxCenterGermany-1024x576.jpg 1024w, https:\/\/aeronet.cz\/news\/wp-content\/uploads\/VaxCenterGermany-300x169.jpg 300w, https:\/\/aeronet.cz\/news\/wp-content\/uploads\/VaxCenterGermany-768x432.jpg 768w, https:\/\/aeronet.cz\/news\/wp-content\/uploads\/VaxCenterGermany-700x394.jpg 700w, https:\/\/aeronet.cz\/news\/wp-content\/uploads\/VaxCenterGermany-635x357.jpg 635w, https:\/\/aeronet.cz\/news\/wp-content\/uploads\/VaxCenterGermany-859x483.jpg 859w, https:\/\/aeronet.cz\/news\/wp-content\/uploads\/VaxCenterGermany.jpg 1067w\" alt=\"\" width=\"597\" height=\"336\" \/><\/a><figcaption class=\"wp-caption-text\">O\u010dkovac\u00ed centrum v Hamburku<\/figcaption><\/figure>\n<p>Informace vyzn\u011bly pon\u011bkud v\u00e1gn\u011b a v tom smyslu, \u017ee se jedn\u00e1 o jakousi novelu tohoto z\u00e1kona ve st\u00e1diu n\u00e1vrhu. Jen\u017ee, jak jsme zjistili v na\u0161\u00ed redakci, cel\u00e9 je to \u00fapln\u011b jinak. Nejde o \u017e\u00e1dnou novelu, ale o letit\u00fd a star\u00fd paragraf, kter\u00fd tam je v platnosti u\u017e od roku 2001. A p\u0159esto\u017ee to zn\u00ed jako neuv\u011b\u0159iteln\u00fd hoax, jako ta nejv\u011bt\u0161\u00ed konspirace, na kterou se sesypou hned v\u0161ichni cemperiza\u010dn\u00ed vyvrace\u010di, tak ve skute\u010dnosti budete v \u0161oku, ten paragraf jsme na\u0161li a opravdu tam je.<\/p>\n<h6><span style=\"font-size: 14pt;\">N\u011bmeck\u00fd zdravotn\u00ed z\u00e1kon legalizuje nevy\u017e\u00e1dan\u00e9 a necht\u011bn\u00e9 vakcinace proveden\u00e9 p\u0159enosem mikroorganism\u016f z o\u010dkovan\u00e9 osoby na neo\u010dkovanou<\/span><\/h6>\n<p><strong>Jedn\u00e1 se o nechvaln\u011b zn\u00e1m\u00fd\u00a0<em>Gesetz zur Verh\u00fctung und Bek\u00e4mpfung von Infektionskrankheiten beim Menschen<\/em>\u00a0[<a href=\"https:\/\/href.li\/?http:\/\/www.gesetze-im-internet.de\/ifsg\/index.html\" target=\"_blank\" rel=\"nofollow noopener\">1<\/a>], tedy v p\u0159ekladu\u00a0<em>Z\u00e1kon o prevenci a kontrole infek\u010dn\u00edch nemoc\u00ed u lid\u00ed<\/em>\u00a0a jedn\u00e1 se o\u00a0\u00a7 21 Impfstoffe, tedy v p\u0159ekladu paragraf 21 o vakc\u00edn\u00e1ch [<a href=\"https:\/\/href.li\/?http:\/\/www.gesetze-im-internet.de\/ifsg\/__21.html\" target=\"_blank\" rel=\"nofollow noopener\">2<\/a>].<\/strong>\u00a0V n\u011bmeck\u00e9m origin\u00e1le tento paragraf zn\u00ed takto:\u00a0<em>Bei einer auf Grund dieses Gesetzes angeordneten oder einer von der obersten Landesgesundheitsbeh\u00f6rde \u00f6ffentlich empfohlenen Schutzimpfung oder einer Impfung nach \u00a7 17a Absatz 2 des Soldatengesetzes d\u00fcrfen Impfstoffe verwendet werden, die Mikroorganismen enthalten, welche von den Geimpften ausgeschieden und von anderen Personen aufgenommen werden k\u00f6nnen. Das Grundrecht der k\u00f6rperlichen Unversehrtheit (Artikel 2 Abs. 2 Satz 1 Grundgesetz) wird insoweit eingeschr\u00e4nkt<\/em>.<\/p>\n<p>V \u010desk\u00e9m p\u0159ekladu zn\u00ed paragraf takto:<\/p>\n<p>\u201c<em>V p\u0159\u00edpad\u011b ochrann\u00e9ho o\u010dkov\u00e1n\u00ed na\u0159\u00edzen\u00e9ho na z\u00e1klad\u011b tohoto z\u00e1kona, nebo o\u010dkov\u00e1n\u00ed ve\u0159ejn\u011b doporu\u010den\u00e9ho nejvy\u0161\u0161\u00edm zemsk\u00fdm zdravotn\u00edm \u00fa\u0159adem, nebo o\u010dkov\u00e1n\u00ed podle \u00a7 17a odst. 2 z\u00e1kona o voj\u00e1c\u00edch z povol\u00e1n\u00ed,\u00a0<strong>lze pou\u017e\u00edt o\u010dkovac\u00ed l\u00e1tky, kter\u00e9 obsahuj\u00ed mikroorganismy, je\u017e mohou b\u00fdt o\u010dkovanou osobou vylu\u010dov\u00e1ny a jin\u00fdmi osobami po\u017e\u00edv\u00e1ny.<\/strong>\u00a0Z\u00e1kladn\u00ed pr\u00e1vo na t\u011blesnou integritu (\u010dl. 2 odst. 2 prvn\u00ed v\u011bta \u00dastavn\u00edho z\u00e1kona) je v tomto ohledu omezeno.<\/em>\u201c<\/p>\n<h6><span style=\"font-size: 14pt;\">Paragraf je v z\u00e1kon\u011b ji\u017e od roku 2001 a legalizuje de facto vektorovou vakcinaci z jedn\u00e9 osoby na druhou pomoc\u00ed \u0161\u00ed\u0159en\u00ed vir\u016f z o\u010dkovan\u00e9 osoby<\/span><\/h6>\n<p>Pokud nev\u011b\u0159\u00edte vlastn\u00edm o\u010d\u00edm, co jste si pr\u00e1v\u011b p\u0159e\u010detli, tak si to p\u0159e\u010dt\u011bte je\u0161t\u011b jednou. Ani my v redakci jsme nebyli schopni se z tohoto vzpamatovat, proto\u017ee do\u0161lo na potvrzen\u00ed dal\u0161\u00ed konspirace, kter\u00e1 byla neust\u00e1le vyvracena tolika cemperiz\u00e1tory v tolika zem\u00edch, \u017ee to ani nejde spo\u010d\u00edtat. A tady najednou je toto uvedeno p\u0159\u00edmo v n\u011bmeck\u00e9m zdravotn\u00edm z\u00e1kon\u011b. Jen\u017ee, to nen\u00ed ten nejv\u011bt\u0161\u00ed \u0161ok.<\/p>\n<p>Kdy se tam proboha tento paragraf dostal? V redakci jsme ihned za\u010dali p\u00e1trat na zn\u00e1m\u00e9m n\u011bmeck\u00e9m serveru Buzer.de, kter\u00fd se zab\u00fdv\u00e1 archivov\u00e1n\u00edm a sledov\u00e1n\u00edm zm\u011bn a novel \u00fapln\u011b v\u0161ech n\u011bmeck\u00fdch z\u00e1kon\u016f. A na tomto serveru jsme zjistili, \u017ee tento paragraf plat\u00ed v z\u00e1kon\u011b ji\u017e od ledna 2001, kdy tento z\u00e1kon jako celek poprv\u00e9 vstoupil v platnost.\u00a0<strong>Paragraf byl pouze lehce novelizov\u00e1n v roce 2019 [<a href=\"https:\/\/href.li\/?https:\/\/www.buzer.de\/gesetz\/2148\/al74743-0.htm\" target=\"_blank\" rel=\"nofollow noopener\">3<\/a>], kdy do\u0161lo ke zm\u011bn\u011b odkazu na jin\u00e9 p\u00edsmeno v paragrafu na o\u010dkov\u00e1n\u00ed ozbrojen\u00fdch sil, jinak nic jin\u00e9ho se nezm\u011bnilo. A to je \u0161ok.<\/strong><\/p>\n<figure id=\"attachment_47078\" class=\"wp-caption aligncenter\" style=\"width: 732px;\"><a href=\"https:\/\/aeronet.cz\/news\/wp-content\/uploads\/21-IfSG-Einzelnorm.jpg\"><img decoding=\"async\" loading=\"lazy\" class=\"wp-image-47078 \" src=\"https:\/\/aeronet.cz\/news\/wp-content\/uploads\/21-IfSG-Einzelnorm.jpg\" sizes=\"(max-width: 856px) 100vw, 856px\" srcset=\"https:\/\/aeronet.cz\/news\/wp-content\/uploads\/21-IfSG-Einzelnorm.jpg 856w, https:\/\/aeronet.cz\/news\/wp-content\/uploads\/21-IfSG-Einzelnorm-300x159.jpg 300w, https:\/\/aeronet.cz\/news\/wp-content\/uploads\/21-IfSG-Einzelnorm-768x408.jpg 768w, https:\/\/aeronet.cz\/news\/wp-content\/uploads\/21-IfSG-Einzelnorm-700x372.jpg 700w, https:\/\/aeronet.cz\/news\/wp-content\/uploads\/21-IfSG-Einzelnorm-672x357.jpg 672w\" alt=\"\" width=\"732\" height=\"389\" \/><\/a><figcaption class=\"wp-caption-text\">Paragraf 21 o vakc\u00edn\u00e1ch<\/figcaption><\/figure>\n<p>Mus\u00edme si vysv\u011btlit, co tento \u0161okuj\u00edc\u00ed paragraf ve skute\u010dnosti znamen\u00e1. Paragraf legalizuje tzv. vektorov\u00e9 o\u010dkov\u00e1n\u00ed aerobn\u00ed cestou. Pokud v\u00e1m tento v\u00fdraz moc ne\u0159\u00edk\u00e1, tak to vysv\u011btl\u00edm, \u017ee paragraf legalizuje situaci, kdy o\u010dkovan\u00e1 osoba v sob\u011b vyr\u00e1b\u00ed mikroorganismy, kter\u00e9 maj\u00ed o\u010dkovac\u00ed funkci.\u00a0<strong>Tyto mikroorganismy pot\u00e9 osoba vylu\u010duje, nej\u010dast\u011bji sv\u00fdm dechem, a mikroorganismy se pot\u00e9 aerobn\u00ed cestou dost\u00e1vaj\u00ed do plic ostatn\u00edch neo\u010dkovan\u00fdch lid\u00ed v okol\u00ed o\u010dkovan\u00e9 osoby.<\/strong>\u00a0Vektorov\u00e9 o\u010dkov\u00e1n\u00ed se to naz\u00fdv\u00e1 proto, \u017ee o\u010dkov\u00e1n\u00ed nezaji\u0161\u0165uje p\u0159\u00edmo vakc\u00edna, ale prost\u0159edn\u00edk, tedy vektor, \u010dili jedinec, kter\u00fd u\u017e o\u010dkovac\u00ed mikroorganismy s\u00e1m ve sv\u00e9m organismu vyr\u00e1b\u00ed po sv\u00e9m o\u010dkov\u00e1n\u00ed a vypou\u0161t\u011bj\u00ed je n\u00e1sledn\u011b okolo sebe. Proboha, to je \u0161\u00edlen\u00fd, napadne v\u00e1s my\u0161lenka!<\/p>\n<h6><span style=\"font-size: 14pt;\">D\u016fkazy m\u00e1me okolo sebe, \u017ee u\u017e se to d\u011bje po cel\u00e9m sv\u011bt\u011b! Neo\u010dkovan\u00e9 osoby v bl\u00edzkosti o\u010dkovan\u00fdch onemocn\u00ed, prod\u011blaj\u00ed nemoc, ale maj\u00ed i t\u011b\u017ek\u00e9 vedlej\u0161\u00ed pr\u016fb\u011bhy<\/span><\/h6>\n<p>Jen\u017ee, pro\u010d jste p\u0159ekvapen\u00ed? V\u017edy\u0165 d\u016fkazy a znamen\u00ed m\u00e1te okolo sebe po\u0159\u00e1d. P\u0159in\u00e1\u0161\u00edme \u010dl\u00e1nky o tom, jak t\u011bhotn\u00e9 \u017eeny v bl\u00edzkosti o\u010dkovan\u00fdch osob potr\u00e1c\u00ed plody, jak \u017een\u00e1m po menopauze se v bl\u00edzkosti o\u010dkovan\u00fdch po p\u00e1r dnech spust\u00ed znovu bolestiv\u00fd menses, lidem v bl\u00edzkosti o\u010dkovan\u00e9 osoby naskakuj\u00ed vyr\u00e1\u017eky a p\u00e1sov\u00e9 opary, a hlavn\u011b, lid\u00e9 v bl\u00edzkosti o\u010dkovan\u00fdch osob ve velk\u00e9m po\u010dtu p\u0159\u00edpad\u016f onemocn\u00ed, \u010d\u00edm\u017e prod\u011blaj\u00ed nemoc, obvykle m\u00edrn\u011bj\u0161\u00ed f\u00e1zi, ale prod\u011blaj\u00ed,\u00a0<strong>a t\u00edm se stanou nao\u010dkovan\u00fdmi, tedy skrze vektor, skrze prost\u0159edn\u00edka.<\/strong>\u00a0Anebo tak\u00e9 zem\u0159ou, to je druh\u00e1 mo\u017enost, proto\u017ee s virem poch\u00e1zej\u00edc\u00edm z americk\u00e9ho v\u00fdzkumu bojov\u00fdch vir\u016f nen\u00ed \u017e\u00e1dn\u00e1 legrace. Jen\u017ee, jak je mo\u017en\u00e9, \u017ee se takov\u00fd paragraf dostal do n\u011bmeck\u00e9ho z\u00e1kona ji\u017e v roce 2001?<\/p>\n<figure id=\"attachment_47076\" class=\"wp-caption aligncenter\" style=\"width: 571px;\"><a href=\"https:\/\/aeronet.cz\/news\/wp-content\/uploads\/VaxCenterCam.jpg\"><img decoding=\"async\" loading=\"lazy\" class=\"wp-image-47076 \" src=\"https:\/\/aeronet.cz\/news\/wp-content\/uploads\/VaxCenterCam.jpg\" sizes=\"(max-width: 840px) 100vw, 840px\" srcset=\"https:\/\/aeronet.cz\/news\/wp-content\/uploads\/VaxCenterCam.jpg 840w, https:\/\/aeronet.cz\/news\/wp-content\/uploads\/VaxCenterCam-300x225.jpg 300w, https:\/\/aeronet.cz\/news\/wp-content\/uploads\/VaxCenterCam-768x576.jpg 768w, https:\/\/aeronet.cz\/news\/wp-content\/uploads\/VaxCenterCam-700x525.jpg 700w, https:\/\/aeronet.cz\/news\/wp-content\/uploads\/VaxCenterCam-476x357.jpg 476w, https:\/\/aeronet.cz\/news\/wp-content\/uploads\/VaxCenterCam-644x483.jpg 644w\" alt=\"\" width=\"571\" height=\"428\" \/><\/a><figcaption class=\"wp-caption-text\">Hala o\u010dkovac\u00edho centra<\/figcaption><\/figure>\n<p>Paragraf vysloven\u011b hovo\u0159\u00ed o vylu\u010dov\u00e1n\u00ed mikroorganism\u016f, kter\u00e9 mohou b\u00fdt po\u017e\u00edv\u00e1ny neo\u010dkovan\u00fdmi osobami. A v takov\u00e9m p\u0159\u00edpad\u011b nemaj\u00ed neo\u010dkovan\u00e9 osoby pr\u00e1vo na ochranu integrity t\u011bla, nemohou tedy nikoho \u017ealovat, \u017ee jsou o\u010dkov\u00e1ni t\u00edmto zp\u016fsobem proti sv\u00e9 v\u016fli. Jen\u017ee tehdy v roce 2000, kdy byl z\u00e1kon p\u0159ipravov\u00e1n, je\u0161t\u011b neexistovaly mRNA vakc\u00edny, kter\u00e9 vyr\u00e1b\u00ed podle RNA \u0161ablon v lidsk\u00fdch bu\u0148k\u00e1ch mikroorganismy, tak\u017ee N\u011bmci tento paragraf vlo\u017eili do z\u00e1kona s p\u0159edstihem 20 let jen tak z plez\u00edru?<\/p>\n<p>Ne, proto\u017ee u\u017e p\u0159ed mRNA vakc\u00ednami existovaly vakc\u00edny, kter\u00e9 zp\u016fsobovaly u o\u010dkovan\u00fdch osob pouze rezistenci, nikoliv imunitu, tak\u017ee z t\u011bchto o\u010dkovan\u00fdch lid\u00ed se st\u00e1valy chodic\u00ed vironosi\u010di, kte\u0159\u00ed infikovali ostatn\u00ed lidi.\u00a0<strong>A tento paragraf je tak de facto ochranou farma lobby, aby ji nikdo nemohl \u017ealovat, \u017ee vakc\u00edna neposkytuje imunitu, ale pouze rezistenci<\/strong>, co\u017e v posledn\u00edch 2 dek\u00e1d\u00e1ch je zn\u00e1m\u00e1 zkratka, kterou se vydalo mnoho farmaceutick\u00fdch spole\u010dnost\u00ed.<\/p>\n<h6><span style=\"font-size: 14pt;\">Vakc\u00edny podle v\u0161eho poskytuj\u00ed jen rezistenci, a d\u00edky tomu mohou o\u010dkovan\u00e9 osoby \u201co\u010dkovat\u201d neo\u010dkovan\u00e9 lidi okolo sebe sv\u00fdmi viry<\/span><\/h6>\n<p>Rozd\u00edl mezi imunitou a rezistenc\u00ed u\u017e jsme vysv\u011btlovali, ale pro jistotu si to zopakujeme. Imunita znamen\u00e1, \u017ee lidsk\u00e9 t\u011blo napadne a zlikviduje v\u0161echny viry, proti kter\u00fdm byla osoba o\u010dkov\u00e1na. \u010clov\u011bk se t\u00edm stane bezinfek\u010dn\u00edm, tento virus mu z t\u011bla zmiz\u00ed, tak\u017ee logicky jej ani nem\u016f\u017ee u\u017e \u0161\u00ed\u0159it. Rezistence naproti tomu je druh o\u010dkov\u00e1n\u00ed, kdy vakc\u00edna obsad\u00ed lidsk\u00e9 bu\u0148ky jin\u00fdm virem, obvykle naprosto jalov\u00fdm, kter\u00fd obsad\u00ed lidsk\u00e9 bu\u0148ky, tak\u017ee jin\u00fd virus je ji\u017e nem\u016f\u017ee napadnout, proto\u017ee jsou obsazeny jin\u00fdm virem.<\/p>\n<p>Virus tak v t\u011ble hled\u00e1 m\u00edsto ke sv\u00e9mu mno\u017een\u00ed, ale nenach\u00e1z\u00ed jej, tak\u017ee se akumuluje v respira\u010dn\u00edm \u00fastroj\u00ed a sna\u017e\u00ed se dostat do nov\u00e9ho hostitele t\u00edm, \u017ee \u010dlov\u011bk tyto viry vydechuje ze sv\u00fdch plic. T\u00edm vznik\u00e1 rezistence \u010dlov\u011bka, nem\u016f\u017ee onemocn\u011bt, ale je st\u00e1le a nav\u00edc \u010dasto prudce infek\u010dn\u00ed pro sv\u00e9 bezprost\u0159edn\u00ed okol\u00ed.\u00a0<strong>A podle v\u0161eho se zd\u00e1, \u017ee vakc\u00edny mRNA sp\u00ed\u0161 opravdu vyr\u00e1b\u00ed rezistenci ne\u017e pravou imunitu.<\/strong>\u00a0N\u011bmci tak maj\u00ed ve sv\u00e9m z\u00e1kon\u011b paragraf, kter\u00fd ochra\u0148uje v\u00fdrobce vakc\u00edn produkuj\u00edc\u00edch v lidech rezistenci nam\u00edsto prav\u00e9 imunity, a sou\u010dasn\u011b t\u00edm ukotvuje a legalizuje nevy\u017e\u00e1dan\u00e9 o\u010dkov\u00e1n\u00ed, proti v\u016fli osoby, kter\u00e1 k tomu nedala souhlas, ale nem\u016f\u017ee nikoho \u017ealovat, proto\u017ee paragraf t\u00edmto omezuje pr\u00e1va na osobn\u00ed integritu dan\u00e9 osoby.<\/p>\n<figure id=\"attachment_40196\" class=\"wp-caption aligncenter\" style=\"width: 549px;\"><a href=\"https:\/\/aeronet.cz\/news\/wp-content\/uploads\/VaccineTest.jpg\"><img decoding=\"async\" loading=\"lazy\" class=\"wp-image-40196 \" src=\"https:\/\/aeronet.cz\/news\/wp-content\/uploads\/VaccineTest-1024x576.jpg\" sizes=\"(max-width: 700px) 100vw, 700px\" srcset=\"https:\/\/aeronet.cz\/news\/wp-content\/uploads\/VaccineTest-1024x576.jpg 1024w, https:\/\/aeronet.cz\/news\/wp-content\/uploads\/VaccineTest-300x169.jpg 300w, https:\/\/aeronet.cz\/news\/wp-content\/uploads\/VaccineTest-768x432.jpg 768w, https:\/\/aeronet.cz\/news\/wp-content\/uploads\/VaccineTest-700x394.jpg 700w, https:\/\/aeronet.cz\/news\/wp-content\/uploads\/VaccineTest-635x357.jpg 635w, https:\/\/aeronet.cz\/news\/wp-content\/uploads\/VaccineTest-859x483.jpg 859w, https:\/\/aeronet.cz\/news\/wp-content\/uploads\/VaccineTest.jpg 1600w\" alt=\"\" width=\"549\" height=\"309\" \/><\/a><figcaption class=\"wp-caption-text\">Vakcinovat 1 \u010dlov\u011bka znamen\u00e1, \u017ee on s\u00e1m za p\u00e1r m\u011bs\u00edc\u016f \u201cnao\u010dkuje\u201d dal\u0161\u00edch 10 a\u017e 120 lid\u00ed ve sv\u00e9m okol\u00ed\u2026<\/figcaption><\/figure>\n<p>A co to znamen\u00e1? Kdy\u017e v N\u011bmecku existuje takov\u00fdto skand\u00e1ln\u00ed paragraf, \u017ee je mo\u017en\u00e9 o\u010dkovat lidi bez jejich v\u011bdom\u00ed prost\u011b t\u00edm, \u017ee vdechnou mikroorganismus z t\u011bla o\u010dkovan\u00e9 osoby, tak to otev\u00edr\u00e1 neskute\u010dnou Pando\u0159inu sk\u0159\u00ed\u0148ku, kdy bude mo\u017en\u00e9 klidn\u011b rozpra\u0161ovat vakc\u00edny z letadel a nikdo nebude moci prok\u00e1zat, odkud ty mikroorganismy poch\u00e1z\u00ed.<\/p>\n<p>Jestli tady vedle od Franty naproti, co se nechal p\u0159ed p\u00e1r m\u011bs\u00edci o\u010dkovat, nebo t\u00e1mhle od Karla,\u00a0<strong>anebo jestli to sypou z t\u011bch letadel na m\u011bsto ka\u017ed\u00fd podve\u010der a r\u00e1no, kdy\u017e na FlightRadar24 je vid\u011bt, jak z N\u011bmecka, ale i ze \u0160v\u00fdcarska a Holandska startuj\u00ed u\u017e od jara lo\u0148sk\u00e9ho roku des\u00edtky letadel denn\u011b<\/strong>, krou\u017e\u00ed nad \u010desk\u00fdmi lesy, rybn\u00edky, obcemi, pokl\u00e1daj\u00ed koberce nebo ov\u00e1ly, a potom se vrac\u00ed zp\u00e1tky, a za chv\u00edli sly\u0161\u00edme zpr\u00e1vy o n\u00e1r\u016fstu pozitivn\u011b otestovan\u00fdch v dan\u00fdch regionech. N\u00e1hoda? Nic jako n\u00e1hoda neexistuje!<\/p>\n<h6><span style=\"font-size: 14pt;\">Pro\u010d to d\u011blat slo\u017eit\u011b a v mal\u00e9m, kdy\u017e to jde d\u011blat jednodu\u0161e a ve velk\u00e9m? Mikroorganismy rozpra\u0161ovan\u00e9 z plic virulentn\u00edch o\u010dka\u0159\u016f, anebo o\u010dkovac\u00ed mikroorganismy sypan\u00e9 ze vzduchu?<\/span><\/h6>\n<p>A m\u00e9dia maj\u00ed je\u0161t\u011b tu drzost to ozna\u010dovat za hoaxy a konspirace, kdy\u017e jsou o tom logy a letov\u00e9 z\u00e1znamy o bezc\u00edln\u00e9m bloud\u011bn\u00ed t\u011bchto letadel. D\u0159\u00edve nic takov\u00e9ho nikdo nepozoroval, ale od vypuknut\u00ed covidov\u00e9 hysterie vloni se zd\u00e1, \u017ee zahrani\u010dn\u00ed letadla nemaj\u00ed nic jin\u00e9ho na pr\u00e1ci, ne\u017e pokl\u00e1dat koberce nad \u010ceskem, ale i nad severn\u00ed It\u00e1li\u00ed a nad dal\u0161\u00edmi m\u00edsty v Evrop\u011b. No \u0159ekn\u011bte, nen\u00ed to geni\u00e1ln\u00ed?<\/p>\n<p><strong>Kdy\u017e v n\u011bmeck\u00e9m z\u00e1kon\u011b je legalizov\u00e1no nevy\u017e\u00e1dan\u00e9 aerobn\u00ed o\u010dkov\u00e1n\u00ed lid\u00ed mikroorganismy rozpra\u0161ovan\u00fdmi z plic o\u010dkovan\u00fdch osob, pro\u010d by ne\u0161lo rozpra\u0161ovat ve velk\u00e9m, t\u0159eba z letadel, a t\u00edm p\u00e1dem nevy\u017e\u00e1dan\u011b o\u010dkovat des\u00edtky milion\u016f Evropan\u016f?<\/strong>\u00a0Legislativa v N\u011bmecku ne\u0159\u00edk\u00e1, kde ta o\u010dkovan\u00e1 osoba mus\u00ed st\u00e1t, ani jak daleko od t\u00e9 neo\u010dkovan\u00e9, nebo kde mus\u00ed sed\u011bt, to prost\u011b je irelevantn\u00ed.<\/p>\n<figure id=\"attachment_42822\" class=\"wp-caption aligncenter\" style=\"width: 494px;\"><a href=\"https:\/\/aeronet.cz\/news\/wp-content\/uploads\/FlightR24Crop.jpg\"><img decoding=\"async\" loading=\"lazy\" class=\"wp-image-42822 \" src=\"https:\/\/aeronet.cz\/news\/wp-content\/uploads\/FlightR24Crop.jpg\" sizes=\"(max-width: 720px) 100vw, 720px\" srcset=\"https:\/\/aeronet.cz\/news\/wp-content\/uploads\/FlightR24Crop.jpg 720w, https:\/\/aeronet.cz\/news\/wp-content\/uploads\/FlightR24Crop-300x288.jpg 300w, https:\/\/aeronet.cz\/news\/wp-content\/uploads\/FlightR24Crop-700x671.jpg 700w, https:\/\/aeronet.cz\/news\/wp-content\/uploads\/FlightR24Crop-373x357.jpg 373w, https:\/\/aeronet.cz\/news\/wp-content\/uploads\/FlightR24Crop-504x483.jpg 504w\" alt=\"\" width=\"494\" height=\"473\" \/><\/a><figcaption class=\"wp-caption-text\">Koberec polo\u017een\u00fd letadlem nad severn\u00ed It\u00e1li\u00ed, jaro 2020<\/figcaption><\/figure>\n<p>Kdy\u017e ta osoba bude v letadle, bude \u0161\u00ed\u0159it mikroorganismy a o\u010dkovat lidi v letadle. A kdy\u017e naka\u0161le pln\u00fd kontejner vir\u016f, a ten kontejner se potom vysype z letadla n\u011bkde nad lesy a rybn\u00edky, tak je to po\u0159\u00e1d naprosto leg\u00e1ln\u00ed a z hlediska z\u00e1kona irelevantn\u00ed.\u00a0<strong>Ten paragraf je toti\u017e maxim\u00e1ln\u011b gumov\u00fd. Legalizuje nevy\u017e\u00e1dan\u00e9 vektorov\u00e9 o\u010dkov\u00e1n\u00ed aerobn\u00ed cestou a je jen ot\u00e1zka \u010dasu, kdy se podobn\u00fd paragraf dostane i do \u010desk\u00e9 legislativy.<\/strong><\/p>\n<p>Podle mn\u011b je vymalov\u00e1no, a posledn\u00ed ani nestihne zhasnout, proto\u017ee je-li v nejv\u011bt\u0161\u00ed ekonomice Evropsk\u00e9 unie legalizov\u00e1no nevy\u017e\u00e1dan\u00e9 vektorov\u00e9 o\u010dkov\u00e1n\u00ed z jedn\u00e9 osoby na druhou, potom nen\u00ed \u00faniku p\u0159ed o\u010dkov\u00e1n\u00edm. To by musel \u010dlov\u011bk \u017e\u00edt v izolaci, v permanentn\u00edm biohazard obleku, anebo v podzemn\u00edm bunkru. A to nen\u00ed re\u00e1ln\u00e9. Globalist\u00e9 prost\u011b nenechali nic na n\u00e1hod\u011b.<\/p>\n<p>-VK- \u0160\u00e9fredaktor AE News<\/p>\n<p><a href=\"https:\/\/aeronet.cz\/news\/naprosty-sok-nemecko-ma-ve-svem-zakone-o-prevenci-a-kontrole-infekcnich-nemoci-u-lidi-uz-leta-paragraf-ktery-legalizuje-aerobni-ockovani-pomoci-mikroorganismu-vydechovanych-z-ockovanych-lidi\/\">ZDROJ<\/a><\/p>\n<p>&nbsp;<\/p>\n","protected":false},"excerpt":{"rendered":"<p>Naprost\u00fd \u0161ok: N\u011bmecko m\u00e1 ve sv\u00e9m z\u00e1kon\u011b o prevenci a kontrole infek\u010dn\u00edch nemoc\u00ed u lid\u00ed&#8230;<\/p>\n","protected":false},"author":2,"featured_media":2454,"comment_status":"closed","ping_status":"closed","sticky":false,"template":"","format":"standard","meta":[],"categories":[7],"tags":[84,213,46,609],"_links":{"self":[{"href":"https:\/\/www.infokuryr.cz\/n\/wp-json\/wp\/v2\/posts\/2453"}],"collection":[{"href":"https:\/\/www.infokuryr.cz\/n\/wp-json\/wp\/v2\/posts"}],"about":[{"href":"https:\/\/www.infokuryr.cz\/n\/wp-json\/wp\/v2\/types\/post"}],"author":[{"embeddable":true,"href":"https:\/\/www.infokuryr.cz\/n\/wp-json\/wp\/v2\/users\/2"}],"replies":[{"embeddable":true,"href":"https:\/\/www.infokuryr.cz\/n\/wp-json\/wp\/v2\/comments?post=2453"}],"version-history":[{"count":0,"href":"https:\/\/www.infokuryr.cz\/n\/wp-json\/wp\/v2\/posts\/2453\/revisions"}],"wp:featuredmedia":[{"embeddable":true,"href":"https:\/\/www.infokuryr.cz\/n\/wp-json\/wp\/v2\/media\/2454"}],"wp:attachment":[{"href":"https:\/\/www.infokuryr.cz\/n\/wp-json\/wp\/v2\/media?parent=2453"}],"wp:term":[{"taxonomy":"category","embeddable":true,"href":"https:\/\/www.infokuryr.cz\/n\/wp-json\/wp\/v2\/categories?post=2453"},{"taxonomy":"post_tag","embeddable":true,"href":"https:\/\/www.infokuryr.cz\/n\/wp-json\/wp\/v2\/tags?post=2453"}],"curies":[{"name":"wp","href":"https:\/\/api.w.org\/{rel}","templated":true}]}}