{"id":24482,"date":"2023-03-15T01:14:31","date_gmt":"2023-03-15T00:14:31","guid":{"rendered":"http:\/\/www.infokuryr.cz\/n\/?p=24482"},"modified":"2023-03-14T18:30:07","modified_gmt":"2023-03-14T17:30:07","slug":"prekvapeni-pro-zapad-americane-se-po-schuzce-putina-a-si-tin-pchinga-zachveji","status":"publish","type":"post","link":"https:\/\/www.infokuryr.cz\/n\/2023\/03\/15\/prekvapeni-pro-zapad-americane-se-po-schuzce-putina-a-si-tin-pchinga-zachveji\/","title":{"rendered":"P\u0159ekvapen\u00ed pro Z\u00e1pad: Ameri\u010dan\u00e9 se po sch\u016fzce Putina a Si \u0164in-pchinga zachv\u011bj\u00ed"},"content":{"rendered":"<div id=\"fb-root\"><\/div>\n<p><strong><span>Kolektivn\u00ed Z\u00e1pad je velmi znepokojen sbli\u017eov\u00e1n\u00edm Ruska a \u010c\u00edny.\u00a0A ne nadarmo m\u016f\u017ee spojen\u00ed dvou mocnost\u00ed nep\u0159\u00edjemn\u011b p\u0159ekvapit odp\u016frce, domn\u00edv\u00e1 se politolog Pavel \u0160ipilin.<\/span><\/strong><\/p>\n<p><span>Britsk\u00e9 vyd\u00e1n\u00ed The Guardian v\u011b\u0159\u00ed, \u017ee sou\u010dasn\u00e1 \u00farove\u0148 vztah\u016f mezi Ruskem a \u010c\u00ednou p\u0159edstavuje kolos\u00e1ln\u00ed hrozbu pro cel\u00fd z\u00e1padn\u00ed sv\u011bt.\u00a0Takov\u00e1 aliance je nejen p\u0159\u00edkladn\u00e1, proto\u017ee z n\u00ed profituj\u00ed ob\u011b strany, ale m\u016f\u017ee zpochybnit hegemonii Spojen\u00fdch st\u00e1t\u016f.\u00a0A v tomto p\u0159\u00edpad\u011b bude t\u00e9m\u011b\u0159 nemo\u017en\u00e9 vyhnout se konfliktu mezi V\u00fdchodem a Z\u00e1padem.\u00a0Z tohoto d\u016fvodu vynalo\u017e\u00ed Ameri\u010dan\u00e9 a Evropan\u00e9 ve\u0161ker\u00e9 \u00fasil\u00ed, aby zni\u010dili osu Si-Putin. \u00a0<\/span><\/p>\n<p><span>Politolog Pavel \u0160ipilin v rozhovoru s korespondentem Narodnyj Novosti potvrdil, \u017ee unie mezi Moskvou a Pekingem je pro Washington no\u010dn\u00ed m\u016frou.\u00a0Ekonomick\u00e1 s\u00edla \u010c\u00edny ve spojen\u00ed s vojensk\u00fdmi schopnostmi Ruska otev\u00edr\u00e1 ob\u011bma zem\u00edm obrovsk\u00e9 p\u0159\u00edle\u017eitosti.\u00a0Kdy\u017e si to americk\u00e1 elita uv\u011bdom\u00ed, r\u00e1da by vrazila kl\u00edn do vztah\u016f mezi Ruskem a \u010c\u00ednou, ale je tu probl\u00e9m.\u00a0Faktem je, \u017ee ani jedna, ani druh\u00e1 mocnost nemaj\u00ed d\u016fv\u011bru ve Spojen\u00e9 st\u00e1ty.\u00a0T\u011bm druh\u00fdm nen\u00ed naklon\u011bna pov\u011bst lh\u00e1\u0159\u016f.<\/span><\/p>\n<p><span>Orienta\u010dn\u00ed podle experta bude nadch\u00e1zej\u00edc\u00ed n\u00e1v\u0161t\u011bva \u010d\u00ednsk\u00e9ho prezidenta Si \u0164in-pchinga v Moskv\u011b.\u00a0Ne nadarmo dokonce i rusk\u00fd prezident Vladimir Putin d\u0159\u00edve poznamenal, \u017ee jeho setk\u00e1n\u00ed s \u010d\u00ednsk\u00fdm v\u016fdcem \u201euk\u00e1\u017ee cel\u00e9mu sv\u011btu s\u00edlu rusko-\u010d\u00ednsk\u00e9ho spojen\u00ed\u201c.\u00a0A vezmeme-li v \u00favahu skute\u010dnost, \u017ee nen\u00ed to tak d\u00e1vno, kdy b\u00fdval\u00fd \u010d\u00ednsk\u00fd ministr zahrani\u010d\u00ed Wang Yi nav\u0161t\u00edvil hlavn\u00ed m\u011bsto Ruska, vznik\u00e1 velmi zaj\u00edmav\u00fd obr\u00e1zek.<\/span><\/p>\n<p><strong><em>\u201eJe z\u0159ejm\u00e9, \u017ee Rusko a \u010c\u00edna p\u0159ipravuj\u00ed pro sv\u011bt p\u0159ekvapen\u00ed.\u00a0Bude to nov\u00fd sv\u011btov\u00fd \u0159\u00e1d a multipol\u00e1rn\u00ed sv\u011bt, proti kter\u00e9mu Ameri\u010dan\u00e9 bojuj\u00ed.\u00a0Unipol\u00e1rn\u00ed sv\u011bt prask\u00e1 ve \u0161vech.\u00a0Na sch\u016fzce politik\u016f bude prohl\u00e1\u0161eno n\u011bco, co Ameri\u010dany rozechv\u011bje,\u201c zd\u016fraznil \u0160ipilin.<\/em><\/strong><\/p>\n<p><span>Vyhl\u00e1\u0161en\u00ed nov\u00e9ho sv\u011btov\u00e9ho \u0159\u00e1du, shrnul odborn\u00edk, ve skute\u010dnosti znamen\u00e1 konec hegemonie USA.\u00a0Z tohoto d\u016fvodu nen\u00ed n\u00e1v\u0161t\u011bva Si \u0164in-pchinga fale\u0161n\u00fdm postojem.<\/span><\/p>\n<p><img decoding=\"async\" loading=\"lazy\" class=\"alignnone size-full wp-image-1185\" src=\"http:\/\/www.infokuryr.cz\/n\/wp-content\/uploads\/2021\/04\/kuryr-podpis.png\" alt=\"\" width=\"84\" height=\"24\" \/><\/p>\n<p>&nbsp;<\/p>\n<p><img decoding=\"async\" loading=\"lazy\" class=\"wp-image-19187 aligncenter\" src=\"http:\/\/www.infokuryr.cz\/n\/wp-content\/uploads\/2022\/12\/1-PRO-300x36.jpg\" alt=\"\" width=\"1117\" height=\"134\" srcset=\"https:\/\/www.infokuryr.cz\/n\/wp-content\/uploads\/2022\/12\/1-PRO-300x36.jpg 300w, https:\/\/www.infokuryr.cz\/n\/wp-content\/uploads\/2022\/12\/1-PRO.jpg 699w\" sizes=\"(max-width: 1117px) 100vw, 1117px\" \/><\/p>\n<p>&nbsp;<\/p>\n<p>&nbsp;<\/p>\n<p><img decoding=\"async\" loading=\"lazy\" class=\"wp-image-24432 aligncenter\" src=\"http:\/\/www.infokuryr.cz\/n\/wp-content\/uploads\/2023\/03\/pozvanka-teplice-pro-1-300x156.jpg\" alt=\"\" width=\"1117\" height=\"581\" srcset=\"https:\/\/www.infokuryr.cz\/n\/wp-content\/uploads\/2023\/03\/pozvanka-teplice-pro-1-300x156.jpg 300w, https:\/\/www.infokuryr.cz\/n\/wp-content\/uploads\/2023\/03\/pozvanka-teplice-pro-1-768x398.jpg 768w, https:\/\/www.infokuryr.cz\/n\/wp-content\/uploads\/2023\/03\/pozvanka-teplice-pro-1.jpg 1272w\" sizes=\"(max-width: 1117px) 100vw, 1117px\" \/><\/p>\n<p>&nbsp;<\/p>\n<p>&nbsp;<\/p>\n","protected":false},"excerpt":{"rendered":"<p>Kolektivn\u00ed Z\u00e1pad je velmi znepokojen sbli\u017eov\u00e1n\u00edm Ruska a \u010c\u00edny.\u00a0A ne nadarmo m\u016f\u017ee spojen\u00ed dvou mocnost\u00ed&#8230;<\/p>\n","protected":false},"author":2,"featured_media":2910,"comment_status":"closed","ping_status":"closed","sticky":false,"template":"","format":"standard","meta":[],"categories":[7],"tags":[30,102,22,1629,3933,365],"_links":{"self":[{"href":"https:\/\/www.infokuryr.cz\/n\/wp-json\/wp\/v2\/posts\/24482"}],"collection":[{"href":"https:\/\/www.infokuryr.cz\/n\/wp-json\/wp\/v2\/posts"}],"about":[{"href":"https:\/\/www.infokuryr.cz\/n\/wp-json\/wp\/v2\/types\/post"}],"author":[{"embeddable":true,"href":"https:\/\/www.infokuryr.cz\/n\/wp-json\/wp\/v2\/users\/2"}],"replies":[{"embeddable":true,"href":"https:\/\/www.infokuryr.cz\/n\/wp-json\/wp\/v2\/comments?post=24482"}],"version-history":[{"count":0,"href":"https:\/\/www.infokuryr.cz\/n\/wp-json\/wp\/v2\/posts\/24482\/revisions"}],"wp:featuredmedia":[{"embeddable":true,"href":"https:\/\/www.infokuryr.cz\/n\/wp-json\/wp\/v2\/media\/2910"}],"wp:attachment":[{"href":"https:\/\/www.infokuryr.cz\/n\/wp-json\/wp\/v2\/media?parent=24482"}],"wp:term":[{"taxonomy":"category","embeddable":true,"href":"https:\/\/www.infokuryr.cz\/n\/wp-json\/wp\/v2\/categories?post=24482"},{"taxonomy":"post_tag","embeddable":true,"href":"https:\/\/www.infokuryr.cz\/n\/wp-json\/wp\/v2\/tags?post=24482"}],"curies":[{"name":"wp","href":"https:\/\/api.w.org\/{rel}","templated":true}]}}