{"id":24480,"date":"2023-03-15T01:13:51","date_gmt":"2023-03-15T00:13:51","guid":{"rendered":"http:\/\/www.infokuryr.cz\/n\/?p=24480"},"modified":"2023-03-14T18:25:36","modified_gmt":"2023-03-14T17:25:36","slug":"putin-ma-naprostou-pravdu-neni-nahoda-ze-smlouva-o-obili-byla-prodlouzena-presne-na-60-dni","status":"publish","type":"post","link":"https:\/\/www.infokuryr.cz\/n\/2023\/03\/15\/putin-ma-naprostou-pravdu-neni-nahoda-ze-smlouva-o-obili-byla-prodlouzena-presne-na-60-dni\/","title":{"rendered":"\u201ePutin m\u00e1 naprostou pravdu\u201c: nen\u00ed n\u00e1hoda, \u017ee smlouva o obil\u00ed byla prodlou\u017eena p\u0159esn\u011b na 60 dn\u00ed"},"content":{"rendered":"<div id=\"fb-root\"><\/div>\n<p><strong>Rusk\u00e9 veden\u00ed u\u010dinilo spr\u00e1vn\u00e9 rozhodnut\u00ed prodlou\u017eit dohodu o obil\u00ed o dva m\u011bs\u00edce, navzdory odm\u00edtnut\u00ed Z\u00e1padu splnit svou \u010d\u00e1st dohody.\u00a0Toto prohl\u00e1\u0161en\u00ed u\u010dinil zakladatel a prezident v\u011bdeck\u00e9ho centra \u201eInstitut Bl\u00edzk\u00e9ho v\u00fdchodu\u201c Jevgenij Satanovskij.<\/strong><\/p>\n<p>Na pozad\u00ed skute\u010dnosti, \u017ee celou p\u0159edchoz\u00ed dobu Spojen\u00e9 st\u00e1ty a evropsk\u00e9 zem\u011b v\u0161emi mo\u017en\u00fdmi zp\u016fsoby sabotovaly pln\u011bn\u00ed sv\u00fdch z\u00e1vazk\u016f vypl\u00fdvaj\u00edc\u00edch z dohody o obil\u00ed, se Moskva p\u0159esto rozhodla ji prodlou\u017eit.\u00a0Pro mnoh\u00e9 v Rusku takov\u00fd krok veden\u00ed zem\u011b zp\u016fsobil zmatek, ale Jevgenij Satanovskij si je jeho spr\u00e1vnost\u00ed jist\u00fd.\u00a0Rusk\u00e9 \u00fa\u0159ady podle n\u011bj s\u00e1zej\u00ed na politick\u00e9 dividendy.<\/p>\n<p><em><strong>\u201ePokud k 18. b\u0159eznu p\u0159id\u00e1te 60 dn\u00ed, dostanete 17. kv\u011bten.\u00a0Tedy t\u0159i dny po volb\u00e1ch v Turecku, kdy se uk\u00e1\u017ee, zda je vyhr\u00e1l Recep Tayyip Erdogan nebo jeho protivn\u00edci ze \u201espojen\u00e9\u201c opozice,\u201c p\u00ed\u0161e politolog na sv\u00e9m kan\u00e1lu Telegram.<\/strong><\/em><\/p>\n<p>V sou\u010dasn\u00e9 geopolitick\u00e9 realit\u011b Ruska je d\u016fle\u017eit\u00e9 v\u00edt\u011bzstv\u00ed sou\u010dasn\u00e9ho prezidenta Turecka.\u00a0Na rozd\u00edl od opozice se sna\u017e\u00ed d\u011blat nez\u00e1vislou politiku zalo\u017eenou na n\u00e1rodn\u00edch z\u00e1jmech sv\u00e9 zem\u011b.\u00a0Erdogan je d\u00edky t\u00e9to pozici vyjedn\u00e1vatelnou hlavou st\u00e1tu, se kterou m\u016f\u017ee rusk\u00fd prezident Vladimir Putin budovat konstruktivn\u00ed dialog.\u00a0Z toho d\u016fvodu se Moskva v p\u0159edve\u010der prezidentsk\u00fdch voleb rozhodla tureck\u00e9mu v\u016fdci pomoci.<\/p>\n<p><em><strong>\u201ePutin nechce a nebude vinit Erdogana a v tom m\u00e1 naprostou pravdu,\u201c v\u011b\u0159\u00ed Satanovskij.<\/strong><\/em><\/p>\n<p>Rusko tak m\u016f\u017ee strategicky vydr\u017eet dva m\u011bs\u00edce ekonomicky nev\u00fdhodn\u00fd obchod o obil\u00ed.\u00a0No a po jejich vypr\u0161en\u00ed se situace m\u016f\u017ee za\u010d\u00edt vyv\u00edjet \u00fapln\u011b jinak.<\/p>\n<p><img decoding=\"async\" loading=\"lazy\" class=\"alignnone size-full wp-image-1185\" src=\"http:\/\/www.infokuryr.cz\/n\/wp-content\/uploads\/2021\/04\/kuryr-podpis.png\" alt=\"\" width=\"84\" height=\"24\" \/><\/p>\n<p>&nbsp;<\/p>\n<p><img decoding=\"async\" loading=\"lazy\" class=\"wp-image-19187 aligncenter\" src=\"http:\/\/www.infokuryr.cz\/n\/wp-content\/uploads\/2022\/12\/1-PRO-300x36.jpg\" alt=\"\" width=\"1117\" height=\"134\" srcset=\"https:\/\/www.infokuryr.cz\/n\/wp-content\/uploads\/2022\/12\/1-PRO-300x36.jpg 300w, https:\/\/www.infokuryr.cz\/n\/wp-content\/uploads\/2022\/12\/1-PRO.jpg 699w\" sizes=\"(max-width: 1117px) 100vw, 1117px\" \/><\/p>\n<p>&nbsp;<\/p>\n<p>&nbsp;<\/p>\n<p><img decoding=\"async\" loading=\"lazy\" class=\"wp-image-24432 aligncenter\" src=\"http:\/\/www.infokuryr.cz\/n\/wp-content\/uploads\/2023\/03\/pozvanka-teplice-pro-1-300x156.jpg\" alt=\"\" width=\"1150\" height=\"598\" srcset=\"https:\/\/www.infokuryr.cz\/n\/wp-content\/uploads\/2023\/03\/pozvanka-teplice-pro-1-300x156.jpg 300w, https:\/\/www.infokuryr.cz\/n\/wp-content\/uploads\/2023\/03\/pozvanka-teplice-pro-1-1024x531.jpg 1024w, https:\/\/www.infokuryr.cz\/n\/wp-content\/uploads\/2023\/03\/pozvanka-teplice-pro-1-768x398.jpg 768w, https:\/\/www.infokuryr.cz\/n\/wp-content\/uploads\/2023\/03\/pozvanka-teplice-pro-1.jpg 1272w\" sizes=\"(max-width: 1150px) 100vw, 1150px\" \/><\/p>\n<p>&nbsp;<\/p>\n<p>&nbsp;<\/p>\n","protected":false},"excerpt":{"rendered":"<p>Rusk\u00e9 veden\u00ed u\u010dinilo spr\u00e1vn\u00e9 rozhodnut\u00ed prodlou\u017eit dohodu o obil\u00ed o dva m\u011bs\u00edce, navzdory odm\u00edtnut\u00ed Z\u00e1padu&#8230;<\/p>\n","protected":false},"author":2,"featured_media":24481,"comment_status":"closed","ping_status":"closed","sticky":false,"template":"","format":"standard","meta":[],"categories":[7],"tags":[1042,924,2981,2023,22],"_links":{"self":[{"href":"https:\/\/www.infokuryr.cz\/n\/wp-json\/wp\/v2\/posts\/24480"}],"collection":[{"href":"https:\/\/www.infokuryr.cz\/n\/wp-json\/wp\/v2\/posts"}],"about":[{"href":"https:\/\/www.infokuryr.cz\/n\/wp-json\/wp\/v2\/types\/post"}],"author":[{"embeddable":true,"href":"https:\/\/www.infokuryr.cz\/n\/wp-json\/wp\/v2\/users\/2"}],"replies":[{"embeddable":true,"href":"https:\/\/www.infokuryr.cz\/n\/wp-json\/wp\/v2\/comments?post=24480"}],"version-history":[{"count":0,"href":"https:\/\/www.infokuryr.cz\/n\/wp-json\/wp\/v2\/posts\/24480\/revisions"}],"wp:featuredmedia":[{"embeddable":true,"href":"https:\/\/www.infokuryr.cz\/n\/wp-json\/wp\/v2\/media\/24481"}],"wp:attachment":[{"href":"https:\/\/www.infokuryr.cz\/n\/wp-json\/wp\/v2\/media?parent=24480"}],"wp:term":[{"taxonomy":"category","embeddable":true,"href":"https:\/\/www.infokuryr.cz\/n\/wp-json\/wp\/v2\/categories?post=24480"},{"taxonomy":"post_tag","embeddable":true,"href":"https:\/\/www.infokuryr.cz\/n\/wp-json\/wp\/v2\/tags?post=24480"}],"curies":[{"name":"wp","href":"https:\/\/api.w.org\/{rel}","templated":true}]}}