{"id":24479,"date":"2023-03-15T01:12:49","date_gmt":"2023-03-15T00:12:49","guid":{"rendered":"http:\/\/www.infokuryr.cz\/n\/?p=24479"},"modified":"2023-03-14T18:17:55","modified_gmt":"2023-03-14T17:17:55","slug":"rusko-rozsirilo-v-osn-kopii-korespondence-o-nord-stream","status":"publish","type":"post","link":"https:\/\/www.infokuryr.cz\/n\/2023\/03\/15\/rusko-rozsirilo-v-osn-kopii-korespondence-o-nord-stream\/","title":{"rendered":"Rusko roz\u0161\u00ed\u0159ilo v OSN kopii korespondence o Nord Stream"},"content":{"rendered":"<div id=\"fb-root\"><\/div>\n<p><strong>Moskva roz\u0161\u00ed\u0159ila v Rad\u011b bezpe\u010dnosti a ve Valn\u00e9m shrom\u00e1\u017ed\u011bn\u00ed OSN kopii korespondence s N\u011bmeckem, D\u00e1nskem a \u0160v\u00e9dskem, kter\u00e9 vy\u0161et\u0159uj\u00ed diverze na plynovodech Nord Stream, napsal prvn\u00ed n\u00e1m\u011bstek st\u00e1l\u00e9ho z\u00e1stupce Ruska Dmitrij Poljanskij na sv\u00e9m Telegramu.<\/strong><\/p>\n<p>\u201eTyto dokumenty umo\u017e\u0148uj\u00ed na\u0161im koleg\u016fm v OSN p\u0159esv\u011bd\u010dit se o tom, \u017ee tvrzen\u00ed, \u017ee tyto zem\u011b n\u00e1s informovaly o pr\u016fb\u011bhu vy\u0161et\u0159ov\u00e1n\u00ed, neodpov\u00eddaj\u00ed skute\u010dnosti,\u201c zd\u016fraznil diplomat.<\/p>\n<p>26.z\u00e1\u0159\u00ed lo\u0148sk\u00e9ho roku do\u0161lo k exploz\u00edm hned na dvou plynovodech z Ruska do Evropy \u2013 Nord Stream a Nord Stream 2. Berl\u00edn, Koda\u0148 a Stockholm nevylou\u010dily c\u00edlev\u011bdomou diverzi. Podle odhad\u016f provozn\u00ed spole\u010dnosti Nord Stream AG je po\u0161kozen\u00ed plynovod\u016f bezprecedentn\u00ed a term\u00edny oprav se nedaj\u00ed odhadnout. Gener\u00e1ln\u00ed prokuratura Ruska zah\u00e1jila trestn\u00ed \u0159\u00edzen\u00ed v kauze mezin\u00e1rodn\u00edho terorismu.<\/p>\n<p>Moskva p\u0159ipravila d\u0159\u00edve n\u00e1vrh rezoluce Rady bezpe\u010dnosti OSN s v\u00fdzvou ke gener\u00e1ln\u00edmu tajemn\u00edkovi, aby zalo\u017eil nez\u00e1vislou mezin\u00e1rodn\u00ed komisi pro vy\u0161et\u0159ov\u00e1n\u00ed diverze na plynovodech. Hlasov\u00e1n\u00ed o n\u00ed se o\u010dek\u00e1v\u00e1 do konce b\u0159ezna.<\/p>\n<p><img decoding=\"async\" loading=\"lazy\" class=\"alignnone size-full wp-image-1185\" src=\"http:\/\/www.infokuryr.cz\/n\/wp-content\/uploads\/2021\/04\/kuryr-podpis.png\" alt=\"\" width=\"84\" height=\"24\" \/><\/p>\n<p>&nbsp;<\/p>\n<p><img decoding=\"async\" loading=\"lazy\" class=\"wp-image-19187 aligncenter\" src=\"http:\/\/www.infokuryr.cz\/n\/wp-content\/uploads\/2022\/12\/1-PRO-300x36.jpg\" alt=\"\" width=\"1125\" height=\"135\" srcset=\"https:\/\/www.infokuryr.cz\/n\/wp-content\/uploads\/2022\/12\/1-PRO-300x36.jpg 300w, https:\/\/www.infokuryr.cz\/n\/wp-content\/uploads\/2022\/12\/1-PRO.jpg 699w\" sizes=\"(max-width: 1125px) 100vw, 1125px\" \/><\/p>\n<p>&nbsp;<\/p>\n<p>&nbsp;<\/p>\n<p><img decoding=\"async\" loading=\"lazy\" class=\"wp-image-24432 aligncenter\" src=\"http:\/\/www.infokuryr.cz\/n\/wp-content\/uploads\/2023\/03\/pozvanka-teplice-pro-1-300x156.jpg\" alt=\"\" width=\"1121\" height=\"583\" srcset=\"https:\/\/www.infokuryr.cz\/n\/wp-content\/uploads\/2023\/03\/pozvanka-teplice-pro-1-300x156.jpg 300w, https:\/\/www.infokuryr.cz\/n\/wp-content\/uploads\/2023\/03\/pozvanka-teplice-pro-1-768x398.jpg 768w, https:\/\/www.infokuryr.cz\/n\/wp-content\/uploads\/2023\/03\/pozvanka-teplice-pro-1.jpg 1272w\" sizes=\"(max-width: 1121px) 100vw, 1121px\" \/><\/p>\n<p>&nbsp;<\/p>\n<p>&nbsp;<\/p>\n<p>&nbsp;<\/p>\n","protected":false},"excerpt":{"rendered":"<p>Moskva roz\u0161\u00ed\u0159ila v Rad\u011b bezpe\u010dnosti a ve Valn\u00e9m shrom\u00e1\u017ed\u011bn\u00ed OSN kopii korespondence s N\u011bmeckem, D\u00e1nskem&#8230;<\/p>\n","protected":false},"author":2,"featured_media":9726,"comment_status":"closed","ping_status":"closed","sticky":false,"template":"","format":"standard","meta":[],"categories":[7],"tags":[4563,415,186,1408,22],"_links":{"self":[{"href":"https:\/\/www.infokuryr.cz\/n\/wp-json\/wp\/v2\/posts\/24479"}],"collection":[{"href":"https:\/\/www.infokuryr.cz\/n\/wp-json\/wp\/v2\/posts"}],"about":[{"href":"https:\/\/www.infokuryr.cz\/n\/wp-json\/wp\/v2\/types\/post"}],"author":[{"embeddable":true,"href":"https:\/\/www.infokuryr.cz\/n\/wp-json\/wp\/v2\/users\/2"}],"replies":[{"embeddable":true,"href":"https:\/\/www.infokuryr.cz\/n\/wp-json\/wp\/v2\/comments?post=24479"}],"version-history":[{"count":0,"href":"https:\/\/www.infokuryr.cz\/n\/wp-json\/wp\/v2\/posts\/24479\/revisions"}],"wp:featuredmedia":[{"embeddable":true,"href":"https:\/\/www.infokuryr.cz\/n\/wp-json\/wp\/v2\/media\/9726"}],"wp:attachment":[{"href":"https:\/\/www.infokuryr.cz\/n\/wp-json\/wp\/v2\/media?parent=24479"}],"wp:term":[{"taxonomy":"category","embeddable":true,"href":"https:\/\/www.infokuryr.cz\/n\/wp-json\/wp\/v2\/categories?post=24479"},{"taxonomy":"post_tag","embeddable":true,"href":"https:\/\/www.infokuryr.cz\/n\/wp-json\/wp\/v2\/tags?post=24479"}],"curies":[{"name":"wp","href":"https:\/\/api.w.org\/{rel}","templated":true}]}}