{"id":24477,"date":"2023-03-15T01:11:04","date_gmt":"2023-03-15T00:11:04","guid":{"rendered":"http:\/\/www.infokuryr.cz\/n\/?p=24477"},"modified":"2023-03-14T18:12:27","modified_gmt":"2023-03-14T17:12:27","slug":"lidr-vagnerovcu-prigozin-ukrajina-pripravuje-protiofenzivu-v-oblasti-artomovska","status":"publish","type":"post","link":"https:\/\/www.infokuryr.cz\/n\/2023\/03\/15\/lidr-vagnerovcu-prigozin-ukrajina-pripravuje-protiofenzivu-v-oblasti-artomovska\/","title":{"rendered":"L\u00eddr Vagnerovc\u016f Prigo\u017ein: Ukrajina p\u0159ipravuje protiofenz\u00edvu v oblasti Ar\u0165omovska"},"content":{"rendered":"<div id=\"fb-root\"><\/div>\n<p><strong>Ukrajin\u0161t\u00ed voj\u00e1ci p\u0159ipravuj\u00ed protiofenz\u00edvu v Ar\u0165omovsk\u00e9 oblasti v nad\u011bji, \u017ee se jim poda\u0159\u00ed prorazit Vagnerovu skupinu, \u0159ekl novin\u00e1\u0159\u016fm jej\u00ed zakladatel Jevgenij Prigo\u017ein.<\/strong><\/p>\n<p>Uvedl, \u017ee nyn\u00ed se jednotky Vagnerovy skupiny nach\u00e1zej\u00ed v t\u011bsn\u00e9 bl\u00edzkosti m\u011bstsk\u00e9 spr\u00e1vy Ar\u0165omovska. Podle jeho \u00fadaj\u016f se v oblasti m\u011bsta neust\u00e1le nach\u00e1z\u00ed asi 50 000 ukrajinsk\u00fdch voj\u00e1k\u016f, v\u010detn\u011b 12 000\u201320 000 t\u011bch ve m\u011bst\u011b.<\/p>\n<p>\u201eOzbrojen\u00e9 s\u00edly Ukrajiny pro n\u00e1s dnes p\u0159ipravily dal\u0161\u00ed p\u0159ekvapen\u00ed a tyto dodate\u010dn\u00e9 \u00fadery, kter\u00e9 jsou p\u0159ipraveny zasadit, p\u0159edstavuj\u00ed asi 20 000 dal\u0161\u00edch lid\u00ed. Vych\u00e1z\u00ed to na p\u0159ibli\u017en\u011b 70 000, ale to neznamen\u00e1, \u017ee jsou v\u0161ichni uvnit\u0159 Ar\u0165omovska,\u201c vysv\u011btlil Prigo\u017ein.<\/p>\n<p>Krut\u00e9 boje o Ar\u0165omovsk vysv\u011btlil t\u00edm, \u017ee toto m\u011bsto je v t\u00e9to f\u00e1zi speci\u00e1ln\u00ed vojensk\u00e9 operace \u201em\u00edstem shrom\u00e1\u017ed\u011bn\u00ed\u201c a \u201em\u00edstem, kde se sch\u00e1zej\u00ed arm\u00e1dy\u201c.<\/p>\n<p>Ztr\u00e1ty ukrajinsk\u00fdch voj\u00e1k\u016f v oblasti Ar\u0165omovska se podle Prigo\u017eina vy\u010d\u00edsluj\u00ed v tis\u00edc\u00edch.<\/p>\n<p>\u201ePodle odhad\u016f ministerstva obrany se jedn\u00e1 asi o 10-11 tis\u00edc lid\u00ed m\u011bs\u00ed\u010dn\u011b. Ti jsou zabiti, \u201c \u0159ekl.<\/p>\n<p>Prigo\u017ein z\u00e1rove\u0148 odm\u00edtl zhodnotit ukrajinsk\u00e9 ztr\u00e1ty na vojensk\u00e9 technice. Zd\u016fvodnil to utajenou povahou t\u011bchto \u00fadaj\u016f.<\/p>\n<p><img decoding=\"async\" loading=\"lazy\" class=\"alignnone size-full wp-image-1185\" src=\"http:\/\/www.infokuryr.cz\/n\/wp-content\/uploads\/2021\/04\/kuryr-podpis.png\" alt=\"\" width=\"84\" height=\"24\" \/><\/p>\n<p>&nbsp;<\/p>\n<p><img decoding=\"async\" loading=\"lazy\" class=\"wp-image-19187 aligncenter\" src=\"http:\/\/www.infokuryr.cz\/n\/wp-content\/uploads\/2022\/12\/1-PRO-300x36.jpg\" alt=\"\" width=\"1125\" height=\"135\" srcset=\"https:\/\/www.infokuryr.cz\/n\/wp-content\/uploads\/2022\/12\/1-PRO-300x36.jpg 300w, https:\/\/www.infokuryr.cz\/n\/wp-content\/uploads\/2022\/12\/1-PRO.jpg 699w\" sizes=\"(max-width: 1125px) 100vw, 1125px\" \/><\/p>\n<p>&nbsp;<\/p>\n<p>&nbsp;<\/p>\n<p><img decoding=\"async\" loading=\"lazy\" class=\"wp-image-24432 aligncenter\" src=\"http:\/\/www.infokuryr.cz\/n\/wp-content\/uploads\/2023\/03\/pozvanka-teplice-pro-1-300x156.jpg\" alt=\"\" width=\"1119\" height=\"582\" srcset=\"https:\/\/www.infokuryr.cz\/n\/wp-content\/uploads\/2023\/03\/pozvanka-teplice-pro-1-300x156.jpg 300w, https:\/\/www.infokuryr.cz\/n\/wp-content\/uploads\/2023\/03\/pozvanka-teplice-pro-1-768x398.jpg 768w, https:\/\/www.infokuryr.cz\/n\/wp-content\/uploads\/2023\/03\/pozvanka-teplice-pro-1.jpg 1272w\" sizes=\"(max-width: 1119px) 100vw, 1119px\" \/><\/p>\n<p>&nbsp;<\/p>\n","protected":false},"excerpt":{"rendered":"<p>Ukrajin\u0161t\u00ed voj\u00e1ci p\u0159ipravuj\u00ed protiofenz\u00edvu v Ar\u0165omovsk\u00e9 oblasti v nad\u011bji, \u017ee se jim poda\u0159\u00ed prorazit Vagnerovu&#8230;<\/p>\n","protected":false},"author":2,"featured_media":24478,"comment_status":"closed","ping_status":"closed","sticky":false,"template":"","format":"standard","meta":[],"categories":[7],"tags":[80,2751,26,4058],"_links":{"self":[{"href":"https:\/\/www.infokuryr.cz\/n\/wp-json\/wp\/v2\/posts\/24477"}],"collection":[{"href":"https:\/\/www.infokuryr.cz\/n\/wp-json\/wp\/v2\/posts"}],"about":[{"href":"https:\/\/www.infokuryr.cz\/n\/wp-json\/wp\/v2\/types\/post"}],"author":[{"embeddable":true,"href":"https:\/\/www.infokuryr.cz\/n\/wp-json\/wp\/v2\/users\/2"}],"replies":[{"embeddable":true,"href":"https:\/\/www.infokuryr.cz\/n\/wp-json\/wp\/v2\/comments?post=24477"}],"version-history":[{"count":0,"href":"https:\/\/www.infokuryr.cz\/n\/wp-json\/wp\/v2\/posts\/24477\/revisions"}],"wp:featuredmedia":[{"embeddable":true,"href":"https:\/\/www.infokuryr.cz\/n\/wp-json\/wp\/v2\/media\/24478"}],"wp:attachment":[{"href":"https:\/\/www.infokuryr.cz\/n\/wp-json\/wp\/v2\/media?parent=24477"}],"wp:term":[{"taxonomy":"category","embeddable":true,"href":"https:\/\/www.infokuryr.cz\/n\/wp-json\/wp\/v2\/categories?post=24477"},{"taxonomy":"post_tag","embeddable":true,"href":"https:\/\/www.infokuryr.cz\/n\/wp-json\/wp\/v2\/tags?post=24477"}],"curies":[{"name":"wp","href":"https:\/\/api.w.org\/{rel}","templated":true}]}}