{"id":24476,"date":"2023-03-15T01:10:16","date_gmt":"2023-03-15T00:10:16","guid":{"rendered":"http:\/\/www.infokuryr.cz\/n\/?p=24476"},"modified":"2023-03-14T18:09:26","modified_gmt":"2023-03-14T17:09:26","slug":"v-srbsku-pozadali-o-demisi-ministra-kvuli-jeho-protiruskemu-postoji","status":"publish","type":"post","link":"https:\/\/www.infokuryr.cz\/n\/2023\/03\/15\/v-srbsku-pozadali-o-demisi-ministra-kvuli-jeho-protiruskemu-postoji\/","title":{"rendered":"V Srbsku po\u017e\u00e1dali o demisi ministra kv\u016fli jeho protirusk\u00e9mu postoji"},"content":{"rendered":"<div id=\"fb-root\"><\/div>\n<p><strong>Hnut\u00ed socialist\u016f \u0159editele Srbsk\u00e9 bezpe\u010dnostn\u00ed a informa\u010dn\u00ed agentury Aleksandra Vulina po\u017e\u00e1dalo o demisi ministra hospod\u00e1\u0159stv\u00ed Rade Basty, kter\u00fd vyzval vl\u00e1du, aby ur\u010dila svou pozici v ot\u00e1zce sankc\u00ed proti Rusku.<\/strong><\/p>\n<p>\u201eO\u010dek\u00e1v\u00e1me, \u017ee Basta svou osobn\u00ed demis\u00ed uk\u00e1\u017ee, jak je mu d\u016fle\u017eit\u00e9 to, o co \u017e\u00e1d\u00e1,\u201c uv\u00e1d\u00ed se ve zpr\u00e1v\u011b.<\/p>\n<p>Hnut\u00ed ministrovi navrhlo, aby p\u0159istoupil na tento krok, \u201enez\u00edsk\u00e1-li od jin\u00fdch \u010dlen\u016f vl\u00e1dy podporu v boji proti nez\u00e1visl\u00e9 a neutr\u00e1ln\u00ed svobodymilovn\u00e9 politice na\u0161eho Srbska\u201c.<\/p>\n<p>Basta v pond\u011bl\u00ed prohl\u00e1sil, \u017ee podporuje sankce Z\u00e1padu proti Rusku, a vyzval v\u0161echny ministry, aby se k t\u00e9to ot\u00e1zce vyslovili. Pouk\u00e1zal rovn\u011b\u017e na \u201evelkou cenu\u201c odm\u00edtnut\u00ed podpory z\u00e1padn\u00edch sankc\u00ed.<\/p>\n<p>Srbsk\u00fd prezident Aleksandar Vu\u010di\u0107 nejednou prohl\u00e1sil, \u017ee B\u011blehrad bude pokra\u010dovat v politice vojensk\u00e9 neutrality a \u201evynasna\u017e\u00ed se vydr\u017eet bez zaveden\u00ed sankc\u00ed proti Rusku tak dlouho, jak jen bude moci\u201c.<\/p>\n<p><img decoding=\"async\" loading=\"lazy\" class=\"alignnone size-full wp-image-1185\" src=\"http:\/\/www.infokuryr.cz\/n\/wp-content\/uploads\/2021\/04\/kuryr-podpis.png\" alt=\"\" width=\"84\" height=\"24\" \/><\/p>\n<p>&nbsp;<\/p>\n<p><img decoding=\"async\" loading=\"lazy\" class=\"wp-image-19187 aligncenter\" src=\"http:\/\/www.infokuryr.cz\/n\/wp-content\/uploads\/2022\/12\/1-PRO-300x36.jpg\" alt=\"\" width=\"1125\" height=\"135\" srcset=\"https:\/\/www.infokuryr.cz\/n\/wp-content\/uploads\/2022\/12\/1-PRO-300x36.jpg 300w, https:\/\/www.infokuryr.cz\/n\/wp-content\/uploads\/2022\/12\/1-PRO.jpg 699w\" sizes=\"(max-width: 1125px) 100vw, 1125px\" \/><\/p>\n<p>&nbsp;<\/p>\n<p>&nbsp;<\/p>\n<p><img decoding=\"async\" loading=\"lazy\" class=\"wp-image-24432 aligncenter\" src=\"http:\/\/www.infokuryr.cz\/n\/wp-content\/uploads\/2023\/03\/pozvanka-teplice-pro-1-300x156.jpg\" alt=\"\" width=\"1119\" height=\"582\" srcset=\"https:\/\/www.infokuryr.cz\/n\/wp-content\/uploads\/2023\/03\/pozvanka-teplice-pro-1-300x156.jpg 300w, https:\/\/www.infokuryr.cz\/n\/wp-content\/uploads\/2023\/03\/pozvanka-teplice-pro-1-768x398.jpg 768w, https:\/\/www.infokuryr.cz\/n\/wp-content\/uploads\/2023\/03\/pozvanka-teplice-pro-1.jpg 1272w\" sizes=\"(max-width: 1119px) 100vw, 1119px\" \/><\/p>\n<p>&nbsp;<\/p>\n<p>&nbsp;<\/p>\n","protected":false},"excerpt":{"rendered":"<p>Hnut\u00ed socialist\u016f \u0159editele Srbsk\u00e9 bezpe\u010dnostn\u00ed a informa\u010dn\u00ed agentury Aleksandra Vulina po\u017e\u00e1dalo o demisi ministra hospod\u00e1\u0159stv\u00ed&#8230;<\/p>\n","protected":false},"author":2,"featured_media":12711,"comment_status":"closed","ping_status":"closed","sticky":false,"template":"","format":"standard","meta":[],"categories":[7],"tags":[458,1081,139],"_links":{"self":[{"href":"https:\/\/www.infokuryr.cz\/n\/wp-json\/wp\/v2\/posts\/24476"}],"collection":[{"href":"https:\/\/www.infokuryr.cz\/n\/wp-json\/wp\/v2\/posts"}],"about":[{"href":"https:\/\/www.infokuryr.cz\/n\/wp-json\/wp\/v2\/types\/post"}],"author":[{"embeddable":true,"href":"https:\/\/www.infokuryr.cz\/n\/wp-json\/wp\/v2\/users\/2"}],"replies":[{"embeddable":true,"href":"https:\/\/www.infokuryr.cz\/n\/wp-json\/wp\/v2\/comments?post=24476"}],"version-history":[{"count":0,"href":"https:\/\/www.infokuryr.cz\/n\/wp-json\/wp\/v2\/posts\/24476\/revisions"}],"wp:featuredmedia":[{"embeddable":true,"href":"https:\/\/www.infokuryr.cz\/n\/wp-json\/wp\/v2\/media\/12711"}],"wp:attachment":[{"href":"https:\/\/www.infokuryr.cz\/n\/wp-json\/wp\/v2\/media?parent=24476"}],"wp:term":[{"taxonomy":"category","embeddable":true,"href":"https:\/\/www.infokuryr.cz\/n\/wp-json\/wp\/v2\/categories?post=24476"},{"taxonomy":"post_tag","embeddable":true,"href":"https:\/\/www.infokuryr.cz\/n\/wp-json\/wp\/v2\/tags?post=24476"}],"curies":[{"name":"wp","href":"https:\/\/api.w.org\/{rel}","templated":true}]}}