{"id":2447,"date":"2021-06-12T05:40:06","date_gmt":"2021-06-12T03:40:06","guid":{"rendered":"http:\/\/www.infokuryr.cz\/n\/?p=2447"},"modified":"2021-06-12T05:40:06","modified_gmt":"2021-06-12T03:40:06","slug":"hin-sa-hukaze-soud-eu-nebo-polsky-ustavni-soud","status":"publish","type":"post","link":"https:\/\/www.infokuryr.cz\/n\/2021\/06\/12\/hin-sa-hukaze-soud-eu-nebo-polsky-ustavni-soud\/","title":{"rendered":"Hin sa huk\u00e1\u017ee! Soud EU nebo Polsk\u00fd \u00fastavn\u00ed soud?!?"},"content":{"rendered":"<div id=\"fb-root\"><\/div>\n<p>EU asi nedopadne dob\u0159e. Pol\u00e1ci ji de facto dali k soudu. A ani na \u017e\u00e1dost EU podn\u011bt nem\u00edn\u00ed st\u00e1hnout.<\/p>\n<p>Pot\u00e9, co v b\u0159eznu EU \u00fasty komisa\u0159e spravedlnosti Didiera Reynderse, nak\u00e1zala \u017ee Polsko je povinno pod\u0159\u00eddit se Soudn\u00edmu dvoru EU, podal\u00a0to\u00a0polsk\u00fd premi\u00e9r Meteusz Morawiecki na p\u0159ezkum polk\u00e9mu \u00dastavn\u00edmu soudu. Kdy\u017e si EU spo\u010d\u00edtala, jak to asi dopadne, a \u017ee z\u0159ejm\u011b bude zpochybn\u011bna \u010d\u00e1st j\u00ed si osobovan\u00e9 legitimity EU, Reynders p\u0159i\u0161el s pros\u00edkem, aby Morawiecki pod\u00e1n\u00ed st\u00e1hl. A to zrovna! Morawiecki Reyndersovi vzk\u00e1zal, \u017ee se k tomu nechyst\u00e1.<\/p>\n<p>Brusel\u0161t\u00ed kap\u0159i si tak p\u0159inejmen\u0161\u00edm \u010d\u00e1ste\u010dn\u011b vypustili rybn\u00edk&#8230;<\/p>\n<p><a href=\"https:\/\/wpolityce.pl\/polityka\/554395-twarda-postawa-premiera-morawieckiego-wobec-zadan-reyndersa\">ZDROJ<\/a><\/p>\n<p>&nbsp;<\/p>\n","protected":false},"excerpt":{"rendered":"<p>EU asi nedopadne dob\u0159e. Pol\u00e1ci ji de facto dali k soudu. A ani na \u017e\u00e1dost&#8230;<\/p>\n","protected":false},"author":2,"featured_media":1207,"comment_status":"closed","ping_status":"closed","sticky":false,"template":"","format":"standard","meta":[],"categories":[7],"tags":[41,31,335],"_links":{"self":[{"href":"https:\/\/www.infokuryr.cz\/n\/wp-json\/wp\/v2\/posts\/2447"}],"collection":[{"href":"https:\/\/www.infokuryr.cz\/n\/wp-json\/wp\/v2\/posts"}],"about":[{"href":"https:\/\/www.infokuryr.cz\/n\/wp-json\/wp\/v2\/types\/post"}],"author":[{"embeddable":true,"href":"https:\/\/www.infokuryr.cz\/n\/wp-json\/wp\/v2\/users\/2"}],"replies":[{"embeddable":true,"href":"https:\/\/www.infokuryr.cz\/n\/wp-json\/wp\/v2\/comments?post=2447"}],"version-history":[{"count":0,"href":"https:\/\/www.infokuryr.cz\/n\/wp-json\/wp\/v2\/posts\/2447\/revisions"}],"wp:featuredmedia":[{"embeddable":true,"href":"https:\/\/www.infokuryr.cz\/n\/wp-json\/wp\/v2\/media\/1207"}],"wp:attachment":[{"href":"https:\/\/www.infokuryr.cz\/n\/wp-json\/wp\/v2\/media?parent=2447"}],"wp:term":[{"taxonomy":"category","embeddable":true,"href":"https:\/\/www.infokuryr.cz\/n\/wp-json\/wp\/v2\/categories?post=2447"},{"taxonomy":"post_tag","embeddable":true,"href":"https:\/\/www.infokuryr.cz\/n\/wp-json\/wp\/v2\/tags?post=2447"}],"curies":[{"name":"wp","href":"https:\/\/api.w.org\/{rel}","templated":true}]}}