{"id":24442,"date":"2023-03-15T00:59:21","date_gmt":"2023-03-14T23:59:21","guid":{"rendered":"http:\/\/www.infokuryr.cz\/n\/?p=24442"},"modified":"2023-03-14T16:27:56","modified_gmt":"2023-03-14T15:27:56","slug":"nemecky-mainstreamovy-pisalek-rozpitvava-vlastni-manipulace-a-podnecovani-nenavisti-proti-odpurcum-covidismu","status":"publish","type":"post","link":"https:\/\/www.infokuryr.cz\/n\/2023\/03\/15\/nemecky-mainstreamovy-pisalek-rozpitvava-vlastni-manipulace-a-podnecovani-nenavisti-proti-odpurcum-covidismu\/","title":{"rendered":"N\u011bmeck\u00fd mainstreamov\u00fd pis\u00e1lek rozpitv\u00e1v\u00e1 vlastn\u00ed manipulace a podn\u011bcov\u00e1n\u00ed nen\u00e1visti proti odp\u016frc\u016fm covidismu"},"content":{"rendered":"<div id=\"fb-root\"><\/div>\n<p>Nejde v posledn\u00ed dob\u011b o prvn\u00edho pis\u00e1lka, kter\u00fd si tak trochu sype popel na hlavu a p\u0159izn\u00e1v\u00e1, \u017ee pr\u00e1v\u011b m\u00e9dium, pro kter\u00e9 on s\u00e1m p\u00ed\u0161e, se pod\u00edlelo na v\u0161ech covidov\u00fdch l\u017e\u00edch a podn\u011bcov\u00e1n\u00ed nen\u00e1visti nejprve proti v\u0161em, kdo odm\u00edtali nesmysln\u00e1 na\u0159\u00edzen\u00ed a pozd\u011bji proti v\u0161em, kdo se odm\u00edtli st\u00e1t ob\u011bt\u00ed experiment\u00e1ln\u00ed genov\u00e9 terapie.<\/p>\n<p>Zat\u00edm se tedy toto p\u0159izn\u00e1n\u00ed na vlastn\u00edm pod\u00edlen\u00ed se na zlo\u010dinech covidismu objevuje jen v zahrani\u010d\u00ed, na\u0161i propagandist\u00e9 ze Seznamu, iD\u011bsu, Bakalovo Aktu\u00e1ln\u011b, Hospod\u00e1\u0159sk\u00e9 noviny a z \u0159ady dal\u0161\u00edch dezinforma\u010dn\u00edch m\u00e9di\u00ed se k \u0161\u00ed\u0159en\u00ed l\u017e\u00ed a nen\u00e1visti rad\u011bji nep\u0159izn\u00e1vaj\u00ed a bu\u010f je st\u00e1le obhajuj\u00ed nebo d\u011blaj\u00ed, jako by se nic nestalo a n\u00e1lepku dezinform\u00e1tor\u016f nad\u00e1le d\u00e1vaj\u00ed t\u011bm, kdo od za\u010d\u00e1tku psali pravdu a byli za ni cenzurov\u00e1ni.<\/p>\n<p>Tato propagandistick\u00e1 m\u00e9dia obhajovala v\u0161echna nesmysln\u00e1 na\u0159\u00edzen\u00ed, za nemal\u00e9 \u00faplatky propagovala genov\u00e9 injekce a podn\u011bcovala nen\u00e1vist ke v\u0161em, kdo se proti st\u00e1tn\u00ed \u0161ikan\u011b vzep\u0159eli. Mimo jin\u00e9 m\u011bla na sv\u011bdom\u00ed i diskreditaci l\u00e9ka\u0159\u016f a jin\u00fdch odborn\u00edk\u016f, kte\u0159\u00ed na v\u0161echny l\u017ei upozor\u0148ovali, aby se dnes uk\u00e1zalo, \u017ee pr\u00e1v\u011b oni m\u011bli pravdu.<\/p>\n<p>V N\u011bmecku je jednou z obdob na\u0161ich jednostrann\u00fdch propagandist\u016f mimo jin\u00e9 i \u201eSpiegel,\u201c kter\u00fd pat\u0159\u00ed asi k tomu nejhor\u0161\u00edmu, co u na\u0161ich z\u00e1padn\u00edch soused\u016f mezi mainstreamovou \u017eumpou najdete.<\/p>\n<p>Novin\u00e1\u0159 Spiegelu nyn\u00ed ost\u0159e kritizuje nedostatek kontroly feder\u00e1ln\u00ed vl\u00e1dy b\u011bhem covidov\u00e9 krize ze strany mainstreamov\u00fdch novin\u00e1\u0159\u016f, kte\u0159\u00ed bezmezn\u011b v\u0161e s \u010d\u00edm vl\u00e1dy p\u0159i\u0161ly, podporovali.<\/p>\n<p><a href=\"https:\/\/report24.news\/wir-coronaversager-spiegel-kolumnist-zerlegt-corona-berichterstattung-seines-mediums\/\">Zd\u00e1 se zvl\u00e1\u0161tn<\/a>\u00ed, \u017ee sloupec skryt\u00fd za platebn\u00ed bari\u00e9rou s n\u00e1zvem \u201e\u00a0<a href=\"https:\/\/www.spiegel.de\/politik\/deutschland\/verbote-in-der-corona-pandemie-wir-corona-versager-kolumne-a-7bdd915e-d9db-4daf-8b09-21fbe49c533a\" target=\"_blank\" rel=\"noreferrer noopener\">Wir Coronaversager<\/a>\u00a0\u201c se ve \u201eSpiegelu\u201c objevuje a\u017e zhruba t\u0159i roky po za\u010d\u00e1tku takzvan\u00e9 pandemie \u2013 dlouho, dlouho po prokazateln\u00e9 ne\u00fa\u010dinnosti opat\u0159en\u00ed jejich\u017e jedin\u00fdm c\u00edlem bylo omezen\u00ed ob\u010dansk\u00fdch svobod.<\/p>\n<p>Pro p\u0159ipomenut\u00ed: Ji\u017e v roce 2021 se dalo s jistotou p\u0159edpokl\u00e1dat, \u017ee opat\u0159en\u00ed m\u011bla devastuj\u00edc\u00ed d\u016fsledky pro ekonomiku a obyvatelstvo, ale nezachr\u00e1nila \u017e\u00e1dn\u00e9 \u017eivoty (viz\u00a0<a href=\"https:\/\/necenzurovanapravda.cz\/2021\/12\/rakouska-a-nemecka-vlada-praktikuji-globalistickou-totalitu-prohlasil-vynalezce-mrna-ockovani\/\">zde,<\/a>\u00a0<a href=\"https:\/\/necenzurovanapravda.cz\/2022\/08\/britsky-mainstream-de-facto-potvrzuje-ze-narizene-lockdowny-zvysily-umrtnost-znicily-prosperitu-a-nechranily-pred-virem\/\">zde<\/a>\u00a0a\u00a0<a href=\"https:\/\/necenzurovanapravda.cz\/2022\/04\/americka-studie-ukazuje-ze-covidova-opatreni-nepomohla-ale-mela-fatalni-dusledky-pro-ekonomiku\/\">zde<\/a>\u00a0). Dal\u0161\u00ed studie pozd\u011bji potvrdily ne\u00fa\u010dinnost covidov\u00fdch opat\u0159en\u00ed (viz nap\u0159.\u00a0<a href=\"https:\/\/report24.news\/metastudie-der-johns-hopkins-universitaet-lockdowns-waren-weltweit-sinnlos\/\">zde<\/a>\u00a0a\u00a0<a href=\"https:\/\/report24.news\/studie-in-169-laendern-corona-massnahmen-hatten-nirgendwo-effekt\/\">zde<\/a>).<\/p>\n<p>To, co kriti\u010dt\u00ed odborn\u00edci a v neposledn\u00ed \u0159ad\u011b alternativn\u00ed m\u00e9dia od za\u010d\u00e1tku odsuzovali, bylo v mainstreamu dlouhou dobu p\u0159ev\u00e1\u017en\u011b ignorov\u00e1no. M\u00edsto toho byli v z\u00e1jmu vl\u00e1dy kritici odsuzov\u00e1ni, kriminalizov\u00e1ni a vykreslov\u00e1ni jako hloup\u00ed pravicov\u00ed extremist\u00e9, jedinci, kte\u0159\u00ed vra\u017ed\u00ed babi\u010dky a antidemokrat\u00e9.<\/p>\n<p>Spiegel si ov\u0161em sype popel na hlavu a\u017e nyn\u00ed, kdy ji\u017e jejich l\u017ei a manipulace nejsou nad\u00e1le udr\u017eiteln\u00e9: \u201eNyn\u00ed v\u00edme, \u017ee mnoh\u00e1 pandemick\u00e1 opat\u0159en\u00ed byla nesmysln\u00e1, p\u0159ehnan\u00e1 a nez\u00e1konn\u00e1,\u201c p\u00ed\u0161e mainstreamov\u00fd novin\u00e1\u0159.<\/p>\n<p>Autor d\u00e1le kritizuje, jak snadno byla v \u00fadajn\u011b liber\u00e1ln\u00ed spole\u010dnosti pozastavena pr\u00e1va na svobodu, a \u017ee samotn\u00e9 org\u00e1ny odpov\u011bdn\u00e9 za kontrolu vl\u00e1dy selhaly.<\/p>\n<p>\u201eM\u00e1lo lid\u00ed se ohradilo, kdy\u017e politici p\u0159ed t\u0159emi lety nejprve na\u0159\u00eddili uzav\u0159en\u00ed \u0161kol a pak toto uzav\u0159en\u00ed opakovan\u011b prodlu\u017eovali na m\u011bs\u00edce,\u201c pokra\u010duje. To je samoz\u0159ejm\u011b \u0161patn\u011b, proto\u017ee od za\u010d\u00e1tku existovali kritici \u2013 ale mainstreamov\u00e1\u00a0 m\u00e9dia jako je i n\u011bmeck\u00fd \u201eSpiegel\u201c je obecn\u011b rad\u011bji vykreslovala jako dezinform\u00e1tory a pseudov\u011bdce a masivn\u011b po\u0161kozovala jejich pov\u011bst, aby jim lid\u00e9 nic nev\u011b\u0159ili.<\/p>\n<p>V n\u00e1sleduj\u00edc\u00edm odstavci koment\u00e1tor poznamen\u00e1v\u00e1, \u017ee m\u00e9dia \u2013 \u201ev\u010detn\u011b n\u00e1s ve Spiegelu\u201c \u2013 selhala: \u201eOb\u00e1v\u00e1m se, \u017ee dikt\u00e1tor v n\u00e1s byl dost siln\u00fd,\u201c uv\u00e1d\u00ed. Tato v\u00fdtka v\u016f\u010di vlastn\u00edmu m\u00e9diu mu je jist\u011b ke cti a ne nadarmo se mu na soci\u00e1ln\u00edch s\u00edt\u00edch dost\u00e1v\u00e1 za jeho text hodn\u011b povzbuzen\u00ed.<\/p>\n<p>Nab\u00edz\u00ed se v\u0161ak ot\u00e1zka, kdy se tato forma sebekritiky zcela ofici\u00e1ln\u011b objev\u00ed ve v\u0161ech t\u011bch m\u00e9di\u00edch, kter\u00e1 v posledn\u00edch letech prov\u00e1d\u011bj\u00ed vl\u00e1dn\u00ed propagandu t\u00e9m\u011b\u0159 v\u00fdhradn\u011b bez kritiky.<\/p>\n<p>A kdy se tito manipul\u00e1to\u0159i ve\u0159ejn\u011b omluv\u00ed v\u0161em odborn\u00edk\u016fm, kte\u0159\u00ed od za\u010d\u00e1tku hovo\u0159ili pravdu, ale byli touto mainstreamovou \u017eumpou dehonestov\u00e1ni a pos\u00edl\u00e1ni do sf\u00e9ry dezinform\u00e1tor\u016f?<\/p>\n<p>Je t\u0159eba ov\u0161em zd\u016fraznit, \u017ee n\u011bme\u010dt\u00ed pis\u00e1lci si posledn\u00ed dobou sypou popel na hlavu pravd\u011bpodobn\u011b zejm\u00e9na kv\u016fli ned\u00e1vn\u00e9mu<a href=\"https:\/\/jungefreiheit.de\/kultur\/medien\/2023\/spiegel-corona-selbstkritik\/\">\u00a0rozhodnut\u00ed<\/a>\u00a0braniborsk\u00e9ho \u00fastavn\u00edho soudu, \u017ee takzvan\u00fd \u201em\u011bstsk\u00fd z\u00e1kon o covidu\u201c poru\u0161il zemskou \u00fastavu, co\u017e znamen\u00e1, \u017ee politici \u0161li skute\u010dn\u011b za hranu z\u00e1kon\u016f i \u00fastav zem\u00edch, kde se restrikce zav\u00e1d\u011bly. \u017daloba byla pod\u00e1na AfD v reakci na tato na\u0159\u00edzen\u00ed.<\/p>\n<p>P\u0159edpokl\u00e1d\u00e1m, \u017ee na\u0161e mainstreamov\u00e1 \u017eumpa se neomluv\u00ed nikdy. Ani za l\u017ei \u201eo \u00fa\u010dinn\u00fdch a bezpe\u010dn\u00fdch vakc\u00edn\u00e1ch, kter\u00e9 p\u0159inesou st\u00e1dn\u00ed imunitu,\u201c ani za podn\u011bcov\u00e1n\u00ed proti neo\u010dkovan\u00fdm a pln\u00fd souhlas s ka\u017ed\u00fdm nesmysln\u00fdm na\u0159\u00edzen\u00edm, se kter\u00fdm p\u0159i\u0161la vl\u00e1da\u2026<\/p>\n<p><a href=\"https:\/\/necenzurovanapravda.cz\/2023\/03\/nemecky-mainstreamovy-pisalek-rozpitvava-vlastni-manipulace-a-podnecovani-nenavisti-proti-odpurcum-covidismu\/\">Slovanka<\/a><\/p>\n<p>&nbsp;<\/p>\n<p><img decoding=\"async\" loading=\"lazy\" class=\"wp-image-19187 aligncenter\" src=\"http:\/\/www.infokuryr.cz\/n\/wp-content\/uploads\/2022\/12\/1-PRO-300x36.jpg\" alt=\"\" width=\"1150\" height=\"138\" srcset=\"https:\/\/www.infokuryr.cz\/n\/wp-content\/uploads\/2022\/12\/1-PRO-300x36.jpg 300w, https:\/\/www.infokuryr.cz\/n\/wp-content\/uploads\/2022\/12\/1-PRO.jpg 699w\" sizes=\"(max-width: 1150px) 100vw, 1150px\" \/><\/p>\n<p>&nbsp;<\/p>\n<p>&nbsp;<\/p>\n<p><img decoding=\"async\" loading=\"lazy\" class=\"wp-image-24432 aligncenter\" src=\"http:\/\/www.infokuryr.cz\/n\/wp-content\/uploads\/2023\/03\/pozvanka-teplice-pro-1-300x156.jpg\" alt=\"\" width=\"1102\" height=\"573\" srcset=\"https:\/\/www.infokuryr.cz\/n\/wp-content\/uploads\/2023\/03\/pozvanka-teplice-pro-1-300x156.jpg 300w, https:\/\/www.infokuryr.cz\/n\/wp-content\/uploads\/2023\/03\/pozvanka-teplice-pro-1-1024x531.jpg 1024w, https:\/\/www.infokuryr.cz\/n\/wp-content\/uploads\/2023\/03\/pozvanka-teplice-pro-1-768x398.jpg 768w, https:\/\/www.infokuryr.cz\/n\/wp-content\/uploads\/2023\/03\/pozvanka-teplice-pro-1.jpg 1272w\" sizes=\"(max-width: 1102px) 100vw, 1102px\" \/><\/p>\n","protected":false},"excerpt":{"rendered":"<p>Nejde v posledn\u00ed dob\u011b o prvn\u00edho pis\u00e1lka, kter\u00fd si tak trochu sype popel na hlavu&#8230;<\/p>\n","protected":false},"author":2,"featured_media":17128,"comment_status":"closed","ping_status":"closed","sticky":false,"template":"","format":"standard","meta":[],"categories":[6],"tags":[23,28,158],"_links":{"self":[{"href":"https:\/\/www.infokuryr.cz\/n\/wp-json\/wp\/v2\/posts\/24442"}],"collection":[{"href":"https:\/\/www.infokuryr.cz\/n\/wp-json\/wp\/v2\/posts"}],"about":[{"href":"https:\/\/www.infokuryr.cz\/n\/wp-json\/wp\/v2\/types\/post"}],"author":[{"embeddable":true,"href":"https:\/\/www.infokuryr.cz\/n\/wp-json\/wp\/v2\/users\/2"}],"replies":[{"embeddable":true,"href":"https:\/\/www.infokuryr.cz\/n\/wp-json\/wp\/v2\/comments?post=24442"}],"version-history":[{"count":0,"href":"https:\/\/www.infokuryr.cz\/n\/wp-json\/wp\/v2\/posts\/24442\/revisions"}],"wp:featuredmedia":[{"embeddable":true,"href":"https:\/\/www.infokuryr.cz\/n\/wp-json\/wp\/v2\/media\/17128"}],"wp:attachment":[{"href":"https:\/\/www.infokuryr.cz\/n\/wp-json\/wp\/v2\/media?parent=24442"}],"wp:term":[{"taxonomy":"category","embeddable":true,"href":"https:\/\/www.infokuryr.cz\/n\/wp-json\/wp\/v2\/categories?post=24442"},{"taxonomy":"post_tag","embeddable":true,"href":"https:\/\/www.infokuryr.cz\/n\/wp-json\/wp\/v2\/tags?post=24442"}],"curies":[{"name":"wp","href":"https:\/\/api.w.org\/{rel}","templated":true}]}}