{"id":24441,"date":"2023-03-14T08:17:35","date_gmt":"2023-03-14T07:17:35","guid":{"rendered":"http:\/\/www.infokuryr.cz\/n\/?p=24441"},"modified":"2023-03-14T08:17:35","modified_gmt":"2023-03-14T07:17:35","slug":"iran-omilostnil-22-000-demonstrantu","status":"publish","type":"post","link":"https:\/\/www.infokuryr.cz\/n\/2023\/03\/14\/iran-omilostnil-22-000-demonstrantu\/","title":{"rendered":"\u00cdr\u00e1n omilostnil 22 000 demonstrant\u016f"},"content":{"rendered":"<div id=\"fb-root\"><\/div>\n<p><span style=\"font-size: 18pt;\"><strong>Celkov\u011b bylo ud\u011bleno amnestii v\u00edce ne\u017e 82 000 lid\u00ed v ozn\u00e1men\u00ed k v\u00fdro\u010d\u00ed isl\u00e1msk\u00e9 revoluce.<\/strong><\/span><\/p>\n<p><span>\u00cdr\u00e1nsk\u00fd nejvy\u0161\u0161\u00ed v\u016fdce ajatoll\u00e1h Al\u00ed Chamene\u00ed ud\u011blil milost 22 628 lidem zat\u010den\u00fdm b\u011bhem demonstrac\u00ed, kter\u00e9 n\u00e1sledovaly po lo\u0148sk\u00e9 smrti 22let\u00e9 Kurdky Mahsy Aminiov\u00e9 v policejn\u00ed vazb\u011b.\u00a0V pond\u011bln\u00edm prohl\u00e1\u0161en\u00ed, o kter\u00e9m informovala \u00edr\u00e1nsk\u00e1 st\u00e1tn\u00ed m\u00e9dia, to prohl\u00e1sil \u0161\u00e9f justice Gholamhossein Mohseni Ejei. \u00a0<\/span><\/p>\n<p><span>Ejei objasnil, \u017ee ti, kdo obdr\u017eeli milost, nebyli obvin\u011bni z kr\u00e1de\u017ee nebo n\u00e1siln\u00e9ho zlo\u010dinu, \u0161pion\u00e1\u017ee nebo \u010dlenstv\u00ed v ur\u010dit\u00fdch skupin\u00e1ch. \u00a0<\/span><\/p>\n<p><span>Celkov\u011b Chamene\u00ed omilostnil celkem 82 656 \u00edr\u00e1nsk\u00fdch v\u011bz\u0148\u016f a jednotlivc\u016f \u010del\u00edc\u00edch obvin\u011bn\u00ed v r\u00e1mci masov\u00e9 amnestie, kter\u00e1 si p\u0159ipom\u00edn\u00e1 44. v\u00fdro\u010d\u00ed isl\u00e1msk\u00e9 revoluce z roku 1979.\u00a0Ozn\u00e1men\u00ed tak\u00e9 p\u0159ich\u00e1z\u00ed t\u00fdden p\u0159ed oslavou persk\u00e9ho nov\u00e9ho roku Nowruz a za\u010d\u00e1tkem muslimsk\u00e9ho svat\u00e9ho m\u011bs\u00edce ramad\u00e1nu.\u00a0 \u00a0<\/span><\/p>\n<p><span>Masov\u00e1 amnestie byla poprv\u00e9 ozn\u00e1mena minul\u00fd m\u011bs\u00edc, kdy ajatoll\u00e1h souhlasil s omilostn\u011bn\u00edm \u201e\u00a0<\/span><em><span>desetitis\u00edc\u016f<\/span><\/em><span>\u00a0\u201c v\u011bz\u0148\u016f.\u00a0Mezi nimi mohli b\u00fdt v\u0161ichni \u00fa\u010dastn\u00edci ned\u00e1vn\u00fdch nepokoj\u016f, kte\u0159\u00ed nebyli obvin\u011bni ze \u0161pion\u00e1\u017ee nebo zapojen\u00ed do ciz\u00edch zpravodajsk\u00fdch agent\u016f, nepo\u0161kodili st\u00e1tn\u00ed majetek a b\u011bhem nepokoj\u016f nikoho nezranili ani nezabili.\u00a0<\/span><\/p>\n<p><span>Opozi\u010dn\u00ed skupiny a aktivist\u00e9, kte\u0159\u00ed volali po propu\u0161t\u011bn\u00ed uv\u011bzn\u011bn\u00fdch demonstrant\u016f, po\u017eaduj\u00ed, aby byli \u00edr\u00e1n\u0161t\u00ed p\u0159edstavitel\u00e9 \u201e\u00a0<\/span><em><span>pohn\u00e1ni k odpov\u011bdnosti<\/span><\/em><span>\u00a0\u201c za to, co z\u00e1stupce \u0159editele Centra pro lidsk\u00e1 pr\u00e1va v \u00cdr\u00e1nu se s\u00eddlem v USA popsal jako \u201e\u00a0<\/span><em><span>sv\u00e9voln\u00e9 uv\u011bzn\u011bn\u00ed des\u00edtek tis\u00edc lid\u00ed\u201c. .\u00a0<\/span><\/em><span>\u201c \u00a0<\/span><\/p>\n<p><span>\u00cdr\u00e1n obvinil USA a Izrael z podn\u011bcov\u00e1n\u00ed nepokoj\u016f, kter\u00e9 vypukly v z\u00e1\u0159\u00ed pot\u00e9, co se Amini, zadr\u017een\u00e1 takzvanou mravnostn\u00ed polici\u00ed za no\u0161en\u00ed \u201e <\/span><em><span>nevhodn\u00e9ho<\/span><\/em><span> \u201c hid\u017e\u00e1bu, \u00fadajn\u011b se zhroutila a zem\u0159ela ve vazb\u011b. Zat\u00edmco l\u00e9ka\u0159sk\u00e1 prohl\u00eddka p\u0159isoudila jej\u00ed smrt v\u00edce\u010detn\u00e9mu selh\u00e1n\u00ed org\u00e1n\u016f vypl\u00fdvaj\u00edc\u00edmu z ji\u017e existuj\u00edc\u00edho stavu, protivl\u00e1dn\u00ed nevl\u00e1dn\u00ed organizace a skupiny podporovan\u00e9 USA tvrdily, \u017ee byla polici\u00ed ubita k smrti.\u00a0\u00a0<\/span><\/p>\n<p><span>Aminiho smrt se stala pok\u0159ikem na shrom\u00e1\u017ed\u011bn\u00ed \u010dasto n\u00e1siln\u00fdch demonstrac\u00ed, o nich\u017e \u00cdr\u00e1n tvrd\u00ed, \u017ee byly z\u00e1m\u011brn\u011b zorganizovan\u00e9, aby vyprovokovaly policejn\u00ed z\u00e1sah, kter\u00fd by Z\u00e1pad mohl pou\u017e\u00edt jako ospravedln\u011bn\u00ed pro dal\u0161\u00ed sankce proti isl\u00e1msk\u00e9 republice. \u00a0<\/span><\/p>\n<p><span>Snaha EU n\u00e1sledovat USA prohl\u00e1\u0161en\u00edm isl\u00e1msk\u00fdch revolu\u010dn\u00edch gard za teroristickou organizaci byla v lednu na posledn\u00ed chv\u00edli zara\u017eena. \u0160\u00e9f zahrani\u010dn\u00ed politiky bloku Josep Borrell p\u0159ipustil, \u017ee zem\u011b EU bude muset nejprve shledat \u00edr\u00e1nskou vojenskou organizaci vinnou z terorismu.<\/span><\/p>\n<p><img decoding=\"async\" loading=\"lazy\" class=\"alignnone size-full wp-image-1185\" src=\"http:\/\/www.infokuryr.cz\/n\/wp-content\/uploads\/2021\/04\/kuryr-podpis.png\" alt=\"\" width=\"84\" height=\"24\" \/><\/p>\n<p>&nbsp;<\/p>\n<p><img decoding=\"async\" loading=\"lazy\" class=\"wp-image-19187 aligncenter\" src=\"http:\/\/www.infokuryr.cz\/n\/wp-content\/uploads\/2022\/12\/1-PRO-300x36.jpg\" alt=\"\" width=\"1150\" height=\"138\" srcset=\"https:\/\/www.infokuryr.cz\/n\/wp-content\/uploads\/2022\/12\/1-PRO-300x36.jpg 300w, https:\/\/www.infokuryr.cz\/n\/wp-content\/uploads\/2022\/12\/1-PRO.jpg 699w\" sizes=\"(max-width: 1150px) 100vw, 1150px\" \/><\/p>\n<p>&nbsp;<\/p>\n<p>&nbsp;<\/p>\n<p><img decoding=\"async\" loading=\"lazy\" class=\"wp-image-24432 aligncenter\" src=\"http:\/\/www.infokuryr.cz\/n\/wp-content\/uploads\/2023\/03\/pozvanka-teplice-pro-1-300x156.jpg\" alt=\"\" width=\"1104\" height=\"574\" srcset=\"https:\/\/www.infokuryr.cz\/n\/wp-content\/uploads\/2023\/03\/pozvanka-teplice-pro-1-300x156.jpg 300w, https:\/\/www.infokuryr.cz\/n\/wp-content\/uploads\/2023\/03\/pozvanka-teplice-pro-1-1024x531.jpg 1024w, https:\/\/www.infokuryr.cz\/n\/wp-content\/uploads\/2023\/03\/pozvanka-teplice-pro-1-768x398.jpg 768w, https:\/\/www.infokuryr.cz\/n\/wp-content\/uploads\/2023\/03\/pozvanka-teplice-pro-1.jpg 1272w\" sizes=\"(max-width: 1104px) 100vw, 1104px\" \/><\/p>\n<p>&nbsp;<\/p>\n<p>&nbsp;<\/p>\n","protected":false},"excerpt":{"rendered":"<p>Celkov\u011b bylo ud\u011bleno amnestii v\u00edce ne\u017e 82 000 lid\u00ed v ozn\u00e1men\u00ed k v\u00fdro\u010d\u00ed isl\u00e1msk\u00e9 revoluce&#8230;.<\/p>\n","protected":false},"author":2,"featured_media":20099,"comment_status":"closed","ping_status":"closed","sticky":false,"template":"","format":"standard","meta":[],"categories":[7],"tags":[38,4582,4581],"_links":{"self":[{"href":"https:\/\/www.infokuryr.cz\/n\/wp-json\/wp\/v2\/posts\/24441"}],"collection":[{"href":"https:\/\/www.infokuryr.cz\/n\/wp-json\/wp\/v2\/posts"}],"about":[{"href":"https:\/\/www.infokuryr.cz\/n\/wp-json\/wp\/v2\/types\/post"}],"author":[{"embeddable":true,"href":"https:\/\/www.infokuryr.cz\/n\/wp-json\/wp\/v2\/users\/2"}],"replies":[{"embeddable":true,"href":"https:\/\/www.infokuryr.cz\/n\/wp-json\/wp\/v2\/comments?post=24441"}],"version-history":[{"count":0,"href":"https:\/\/www.infokuryr.cz\/n\/wp-json\/wp\/v2\/posts\/24441\/revisions"}],"wp:featuredmedia":[{"embeddable":true,"href":"https:\/\/www.infokuryr.cz\/n\/wp-json\/wp\/v2\/media\/20099"}],"wp:attachment":[{"href":"https:\/\/www.infokuryr.cz\/n\/wp-json\/wp\/v2\/media?parent=24441"}],"wp:term":[{"taxonomy":"category","embeddable":true,"href":"https:\/\/www.infokuryr.cz\/n\/wp-json\/wp\/v2\/categories?post=24441"},{"taxonomy":"post_tag","embeddable":true,"href":"https:\/\/www.infokuryr.cz\/n\/wp-json\/wp\/v2\/tags?post=24441"}],"curies":[{"name":"wp","href":"https:\/\/api.w.org\/{rel}","templated":true}]}}