{"id":24439,"date":"2023-03-14T08:12:11","date_gmt":"2023-03-14T07:12:11","guid":{"rendered":"http:\/\/www.infokuryr.cz\/n\/?p=24439"},"modified":"2023-03-14T08:12:11","modified_gmt":"2023-03-14T07:12:11","slug":"zelenskyj-podporuje-vyhnani-pravoslavnych-mnichu","status":"publish","type":"post","link":"https:\/\/www.infokuryr.cz\/n\/2023\/03\/14\/zelenskyj-podporuje-vyhnani-pravoslavnych-mnichu\/","title":{"rendered":"Zelenskyj podporuje vyhn\u00e1n\u00ed pravoslavn\u00fdch mnich\u016f"},"content":{"rendered":"<div id=\"fb-root\"><\/div>\n<p><span style=\"font-size: 18pt;\"><strong>Ukrajinsk\u00fd v\u016fdce v\u011b\u0159\u00ed, \u017ee obsazen\u00ed historick\u00e9 Kyjevskope\u010dersk\u00e9 l\u00e1vry pos\u00edl\u00ed \u201educhovn\u00ed nez\u00e1vislost\u201c<\/strong><\/span><\/p>\n<p><span>Ukrajinsk\u00fd prezident Vladimir Zelenskij schv\u00e1lil p\u0159\u00edkaz k vyhn\u00e1n\u00ed mnich\u016f kanonick\u00e9 pravoslavn\u00e9 c\u00edrkve z Kyjevskope\u010dersk\u00e9 l\u00e1vry a nazna\u010dil, \u017ee jsou agenty Ruska. Moskva vyzvala v\u0161echny k\u0159es\u0165ansk\u00e9 c\u00edrkve, stejn\u011b jako OSN a dal\u0161\u00ed mezin\u00e1rodn\u00ed organizace, aby na\u00a0<\/span><em><span>\u201epobu\u0159uj\u00edc\u00ed\u201c<\/span><\/em><span>\u00a0rozhodnut\u00ed reagovaly.<\/span><\/p>\n<p><strong><em>&#8222;Tento t\u00fdden tak\u00e9 do\u0161lo k posunu k pos\u00edlen\u00ed na\u0161\u00ed duchovn\u00ed nez\u00e1vislosti,&#8220;<\/em><\/strong><span>\u00a0\u0159ekl Zelenskyj v t\u00fddenn\u00edm projevu k n\u00e1rodu v ned\u011bli ve\u010der.<strong>\u00a0<\/strong><\/span><strong><em>&#8222;Nedovol\u00edme teroristick\u00e9mu st\u00e1tu \u017e\u00e1dnou p\u0159\u00edle\u017eitost manipulovat se spiritualitou na\u0161ich lid\u00ed, zni\u010dit na\u0161e svat\u00e1 m\u00edsta &#8211; na\u0161e L\u00e1vry &#8211; nebo jim ukr\u00e1st cennosti.&#8220;<\/em><\/strong><\/p>\n<p><span>Tvrdil tak\u00e9, \u017ee kroky jeho vl\u00e1dy byly\u00a0<\/span><strong><em>\u201ezcela leg\u00e1ln\u00ed\u201c<\/em><\/strong><span><strong>\u00a0<\/strong>a m\u011bly plnou podporu ukrajinsk\u00e9 ve\u0159ejnosti.<\/span><\/p>\n<p><span>Ukrajinsk\u00e9 ministerstvo kultury v p\u00e1tek\u00a0<\/span><a href=\"https:\/\/www.rt.com\/russia\/572773-kiev-pechersk-lavra-zelensky-eviction\/\"><span>informovalo mnichy<\/span><\/a><span> , kte\u0159\u00ed mus\u00ed do 29. b\u0159ezna vyklidit kl\u00e1\u0161ter, a tvrdilo, \u017ee poru\u0161ili dohodu z roku 2013, podle kter\u00e9 jim st\u00e1t povolil spravovat n\u00e1rodn\u00ed pam\u00e1tkovou rezervaci. Pe\u010dersk\u00e1 l\u00e1vra (\u201eKl\u00e1\u0161ter jeskyn\u00ed\u201c), zalo\u017een\u00e1 v roce 1051, je pova\u017eov\u00e1na za nejv\u00fdznamn\u011bj\u0161\u00ed ortodoxn\u00ed k\u0159es\u0165ansk\u00e9 m\u00edsto na Ukrajin\u011b.<\/span><\/p>\n<p><span>Kyjev u\u017e vyhnal kanonickou Ukrajinskou pravoslavnou c\u00edrkev (UOC) ze dvou katedr\u00e1l nad kl\u00e1\u0161terem.\u00a0B\u011bhem n\u011bkolika dn\u00ed po tomto rozhodnut\u00ed, na za\u010d\u00e1tku ledna, bylo vl\u00e1dou vytvo\u0159en\u00e9 Pravoslavn\u00e9 c\u00edrkvi Ukrajiny (OCU) povoleno konat bohoslu\u017eby v prostor\u00e1ch.<\/span><\/p>\n<p><span>Mni\u0161i UOC\u00a0<\/span><strong><em>\u201eneuposlechnou p\u0159\u00edkaz\u201c<\/em><\/strong><span><strong>\u00a0<\/strong>k odchodu, \u0159ekl v pond\u011bl\u00ed opat kl\u00e1\u0161tera.\u00a0Hlava c\u00edrkve, metropolita Kliment, ozna\u010dil p\u00e1te\u010dn\u00ed n\u00f3tu za osobn\u00ed n\u00e1zor \u00fa\u0159edn\u00edka ministerstva kultury bez pr\u00e1vn\u00edho postaven\u00ed.\u00a0UOC z\u016fst\u00e1v\u00e1 ve spojen\u00ed s ruskou pravoslavnou c\u00edrkv\u00ed, ale prohl\u00e1sila se za nez\u00e1vislou a odsoudila ruskou\u00a0<\/span><strong><em>\u201einvazi\u201c<\/em><\/strong><span> , aby z\u016fstala v dobr\u00e9m stavu s ukrajinskou vl\u00e1dou.<\/span><\/p>\n<p><span>Krok Kyjeva k vyhn\u00e1n\u00ed mnich\u016f je <\/span><em><span>\u201enep\u0159ijateln\u00fd\u201c<\/span><\/em><span>\u00a0a\u00a0<\/span><em><span>\u201enaprosto bezprecedentn\u00ed,\u201c<\/span><\/em><span>\u00a0\u0159ekl v pond\u011bl\u00ed mluv\u010d\u00ed Kremlu Dmitrij Peskov.\u00a0<\/span><strong><em>&#8222;V\u011b\u0159\u00edme, \u017ee sv\u011btov\u00e9 spole\u010denstv\u00ed by m\u011blo na takov\u00e9 pobu\u0159uj\u00edc\u00ed rozhodnut\u00ed reagovat.&#8220;<\/em><\/strong><\/p>\n<p><span>Hlava rusk\u00e9 pravoslavn\u00e9 c\u00edrkve v sobotu\u00a0<\/span><a href=\"https:\/\/www.rt.com\/russia\/572822-ukraine-orthodox-monastery-patriarch\/\"><span>p\u0159irovnala<\/span><\/a><span>\u00a0vyst\u011bhov\u00e1n\u00ed k vyhn\u00e1n\u00ed pravoslavn\u00fdch duchovn\u00edch za komunismu.\u00a0Takov\u00fd krok by\u00a0<\/span><strong><em>\u201evedl k poru\u0161en\u00ed pr\u00e1v milion\u016f ukrajinsk\u00fdch pravoslavn\u00fdch v\u011b\u0159\u00edc\u00edch,\u201c<\/em><\/strong><span> uvedl patriarcha Kirill v dopise zaslan\u00e9m OSN p\u0159edstavitel\u016fm dal\u0161\u00edch pravoslavn\u00fdch c\u00edrkv\u00ed, pape\u017ei Franti\u0161kovi do \u0158\u00edma, arcibiskupovi z Canterbury, kopt. alexandrijsk\u00e9mu pape\u017ei Tawadrosovi II. a dal\u0161\u00edm.<\/span><\/p>\n<p><img decoding=\"async\" loading=\"lazy\" class=\"alignnone size-full wp-image-1185\" src=\"http:\/\/www.infokuryr.cz\/n\/wp-content\/uploads\/2021\/04\/kuryr-podpis.png\" alt=\"\" width=\"84\" height=\"24\" \/><\/p>\n<p>&nbsp;<\/p>\n<p><img decoding=\"async\" loading=\"lazy\" class=\"wp-image-19187 aligncenter\" src=\"http:\/\/www.infokuryr.cz\/n\/wp-content\/uploads\/2022\/12\/1-PRO-300x36.jpg\" alt=\"\" width=\"1133\" height=\"136\" srcset=\"https:\/\/www.infokuryr.cz\/n\/wp-content\/uploads\/2022\/12\/1-PRO-300x36.jpg 300w, https:\/\/www.infokuryr.cz\/n\/wp-content\/uploads\/2022\/12\/1-PRO.jpg 699w\" sizes=\"(max-width: 1133px) 100vw, 1133px\" \/><\/p>\n<p>&nbsp;<\/p>\n<p><img decoding=\"async\" loading=\"lazy\" class=\"wp-image-24432 aligncenter\" src=\"http:\/\/www.infokuryr.cz\/n\/wp-content\/uploads\/2023\/03\/pozvanka-teplice-pro-1-300x156.jpg\" alt=\"\" width=\"1108\" height=\"576\" srcset=\"https:\/\/www.infokuryr.cz\/n\/wp-content\/uploads\/2023\/03\/pozvanka-teplice-pro-1-300x156.jpg 300w, https:\/\/www.infokuryr.cz\/n\/wp-content\/uploads\/2023\/03\/pozvanka-teplice-pro-1-1024x531.jpg 1024w, https:\/\/www.infokuryr.cz\/n\/wp-content\/uploads\/2023\/03\/pozvanka-teplice-pro-1-768x398.jpg 768w, https:\/\/www.infokuryr.cz\/n\/wp-content\/uploads\/2023\/03\/pozvanka-teplice-pro-1.jpg 1272w\" sizes=\"(max-width: 1108px) 100vw, 1108px\" \/><\/p>\n<p>&nbsp;<\/p>\n<p>&nbsp;<\/p>\n<p>&nbsp;<\/p>\n","protected":false},"excerpt":{"rendered":"<p>Ukrajinsk\u00fd v\u016fdce v\u011b\u0159\u00ed, \u017ee obsazen\u00ed historick\u00e9 Kyjevskope\u010dersk\u00e9 l\u00e1vry pos\u00edl\u00ed \u201educhovn\u00ed nez\u00e1vislost\u201c Ukrajinsk\u00fd prezident Vladimir Zelenskij&#8230;<\/p>\n","protected":false},"author":2,"featured_media":24440,"comment_status":"closed","ping_status":"closed","sticky":false,"template":"","format":"standard","meta":[],"categories":[7],"tags":[1236,239,1131,4580,1000],"_links":{"self":[{"href":"https:\/\/www.infokuryr.cz\/n\/wp-json\/wp\/v2\/posts\/24439"}],"collection":[{"href":"https:\/\/www.infokuryr.cz\/n\/wp-json\/wp\/v2\/posts"}],"about":[{"href":"https:\/\/www.infokuryr.cz\/n\/wp-json\/wp\/v2\/types\/post"}],"author":[{"embeddable":true,"href":"https:\/\/www.infokuryr.cz\/n\/wp-json\/wp\/v2\/users\/2"}],"replies":[{"embeddable":true,"href":"https:\/\/www.infokuryr.cz\/n\/wp-json\/wp\/v2\/comments?post=24439"}],"version-history":[{"count":0,"href":"https:\/\/www.infokuryr.cz\/n\/wp-json\/wp\/v2\/posts\/24439\/revisions"}],"wp:featuredmedia":[{"embeddable":true,"href":"https:\/\/www.infokuryr.cz\/n\/wp-json\/wp\/v2\/media\/24440"}],"wp:attachment":[{"href":"https:\/\/www.infokuryr.cz\/n\/wp-json\/wp\/v2\/media?parent=24439"}],"wp:term":[{"taxonomy":"category","embeddable":true,"href":"https:\/\/www.infokuryr.cz\/n\/wp-json\/wp\/v2\/categories?post=24439"},{"taxonomy":"post_tag","embeddable":true,"href":"https:\/\/www.infokuryr.cz\/n\/wp-json\/wp\/v2\/tags?post=24439"}],"curies":[{"name":"wp","href":"https:\/\/api.w.org\/{rel}","templated":true}]}}