{"id":24437,"date":"2023-03-14T08:02:58","date_gmt":"2023-03-14T07:02:58","guid":{"rendered":"http:\/\/www.infokuryr.cz\/n\/?p=24437"},"modified":"2023-03-14T08:02:58","modified_gmt":"2023-03-14T07:02:58","slug":"americko-ukrajinska-jednota-se-rozpada","status":"publish","type":"post","link":"https:\/\/www.infokuryr.cz\/n\/2023\/03\/14\/americko-ukrajinska-jednota-se-rozpada\/","title":{"rendered":"Americko-ukrajinsk\u00e1 jednota se rozpad\u00e1"},"content":{"rendered":"<div id=\"fb-root\"><\/div>\n<div class=\"elementor-element elementor-element-1fb4c2c elementor-widget elementor-widget-theme-post-content\" data-id=\"1fb4c2c\" data-element_type=\"widget\" data-widget_type=\"theme-post-content.default\">\n<div class=\"elementor-widget-container\">\n<p><strong>V\u00edce ne\u017e rok od chv\u00edle, kdy Rusko zah\u00e1jilo invazi na Ukrajinu, nar\u016fstaj\u00ed mezi Washingtonem a Kyjevem rozd\u00edly v tom, jak postupovat v konfliktu,\u00a0\u00a0\u00a0uvedl v ned\u011bli\u00a0<a href=\"https:\/\/www.politico.com\/news\/2023\/03\/12\/biden-united-states-ukraine-relationship-cracks-00086654\"><em>Politico.<\/em><\/a><\/strong><\/p>\n<p><span>Jeden probl\u00e9m se t\u00fdk\u00e1 Bachmutu, v\u00fdchodoukrajinsk\u00e9ho m\u011bsta, kde rusk\u00e9 a ukrajinsk\u00e9 s\u00edly bojuj\u00ed v\u00edce ne\u017e osm m\u011bs\u00edc\u016f.\u00a0P\u0159edstavitel\u00e9 Bidenovy administrativy si mysl\u00ed, \u017ee Ukrajina vynalo\u017eila\u00a0<\/span><strong><span>p\u0159\u00edli\u0161 mnoho zdroj\u016f na obranu Bakhmutu a ob\u00e1vaj\u00ed se, \u017ee to bude m\u00edt dopad na jejich schopnost zah\u00e1jit protiofenz\u00edvu<\/span><\/strong><span>\u00a0letos na ja\u0159e, ale \u00fa\u0159edn\u00edci v Kyjev\u011b se rozhodli pokra\u010dovat v boji za m\u011bsto.<\/span><\/p>\n<div class=\"AdvertisingSlot_desktop__eL99N AdvertisingSlot_tablet__3SxtX AdvertisingSlot_placement__udF_V\"><\/div>\n<p><span>Dal\u0161\u00edm bodem sporu je Krym, proto\u017ee ukrajinsk\u00fd prezident Volodymyr Zelenskij\u00a0<\/span><strong><span>trv\u00e1 na tom, \u017ee znovu ovl\u00e1dnou poloostrov<\/span><\/strong><span>\u00a0, kter\u00fd je pod ruskou kontrolou od roku 2014 a je os\u00eddlen lidmi\u00a0\u00a0<\/span><a href=\"https:\/\/www.nbcnews.com\/news\/world\/inside-crimea-russian-military-annexed-ukraine-retake-putin-rcna72606\"><span>, kte\u0159\u00ed jsou r\u00e1di, \u017ee jsou sou\u010d\u00e1st\u00ed<\/span><\/a><span>\u00a0Rusk\u00e9 federace.<\/span><\/p>\n<p><span>Zat\u00edmco n\u011bkte\u0159\u00ed p\u0159edstavitel\u00e9 Bidenovy administrativy p\u0159isl\u00edbili\u00a0\u00a0<\/span><a href=\"https:\/\/news.antiwar.com\/2023\/02\/20\/victoria-nuland-says-us-is-supporting-ukrainian-attacks-on-crimea\/\"><span>podporu ukrajinsk\u00fdm \u00fatok\u016fm na Krym<\/span><\/a><span>\u00a0,\u00a0 zpr\u00e1va\u00a0<\/span><em><span>Politico<\/span><\/em><span>\u00a0\u00a0uvedla, \u017ee jin\u00ed ameri\u010dt\u00ed p\u0159edstavitel\u00e9 v\u011b\u0159\u00ed, \u017ee Zelensk\u00e9ho trv\u00e1 na tom, \u017ee dokud nebude poloostrov obsazen,\u00a0<\/span><strong><span>pouze prodlou\u017e\u00ed v\u00e1lku<\/span><\/strong><span>\u00a0.\u00a0Prezident Biden a dal\u0161\u00ed ameri\u010dt\u00ed p\u0159edstavitel\u00e9 v\u0161ak ve\u0159ejn\u011b tvrd\u00ed, \u017ee jedn\u00e1n\u00ed prob\u011bhnou pouze za podm\u00ednek Kyjeva.<\/span><\/p>\n<p><span>Ministr zahrani\u010d\u00ed Antony Blinken tak\u00e9 uznal riziko eskalace, kter\u00e1 by p\u0159i\u0161la s ukrajinsk\u00fdm pokusem o Krym,\u00a0\u00a0<\/span><a href=\"https:\/\/news.antiwar.com\/2023\/02\/16\/blinken-warns-attempting-to-retake-crimea-is-a-red-line-for-putin\/\"><span>ozna\u010dil to za<\/span><\/a><span>\u00a0\u201e\u010dervenou \u010d\u00e1ru\u201c pro rusk\u00e9ho prezidenta Vladimira Putina a Pentagon\u00a0<\/span><a href=\"https:\/\/news.antiwar.com\/2023\/02\/02\/pentagon-tells-lawmakers-ukraine-unlikely-to-retake-crimea\/\"><span>uvedl,<\/span><\/a><span>\u00a0\u017ee je nepravd\u011bpodobn\u00e9, \u017ee by Kyjev mohl poloostrov ovl\u00e1dnout.<\/span><\/p>\n<p><span>Zd\u00e1 se tak\u00e9, \u017ee USA jsou unaven\u00e9 neust\u00e1l\u00fdmi po\u017eadavky Zelensk\u00e9ho na zbran\u011b.\u00a0Dva p\u0159edstavitel\u00e9 B\u00edl\u00e9ho domu sd\u011blili\u00a0\u00a0<\/span><em><span>Politico<\/span><\/em><span>\u00a0\u00a0, \u017ee ve Washingtonu doch\u00e1z\u00ed k\u00a0<\/span><strong><span>\u201eremc\u00e1n\u00ed\u201c kv\u016fli neust\u00e1l\u00fdm \u017e\u00e1dostem a nedostatku vd\u011b\u010dnosti Zelensk\u00e9ho<\/span><\/strong><span>\u00a0.\u00a0Navzdory obrovsk\u00e9mu mno\u017estv\u00ed podpory poskytovan\u00e9 USA a jejich spojenci, ukrajin\u0161t\u00ed p\u0159edstavitel\u00e9\u00a0\u00a0<\/span><a href=\"https:\/\/news.antiwar.com\/2023\/01\/09\/ukraine-fm-says-no-one-has-done-enough-to-support-ukraine\/\"><span>\u010dasto \u0159\u00edkali, \u017ee to \u201enesta\u010d\u00ed\u201c<\/span><\/a><span>\u00a0\u00a0a\u00a0<\/span><strong><span>po\u017eaduj\u00ed bojov\u00e9 letouny a rakety del\u0161\u00edho doletu<\/span><\/strong><span>\u00a0.<\/span><\/p>\n<p><span>Zpr\u00e1va\u00a0\u00a0<\/span><em><span>Politico<\/span><\/em><span>\u00a0\u00a0se zm\u00ednila o sabot\u00e1\u017ei Nord Stream a o tom, jak ameri\u010dt\u00ed \u00fa\u0159edn\u00edci nyn\u00ed spojuj\u00ed \u00fatok s Ukrajinou, p\u0159i\u010dem\u017e trvaj\u00ed na tom, \u017ee ukrajinsk\u00e1 vl\u00e1da nebyla zapojena.\u00a0Ale v\u00e1gn\u00ed tvrzen\u00ed jsou pravd\u011bpodobn\u011b pokusem p\u0159esunout vinu z USA po bombov\u00e9\u00a0\u00a0<\/span><a href=\"https:\/\/seymourhersh.substack.com\/p\/how-america-took-out-the-nord-stream\"><span>zpr\u00e1v\u011b<\/span><\/a><span> investigativn\u00edho novin\u00e1\u0159e Seymoura Hershe, \u017ee \u00fadajn\u011b prezident Biden na\u0159\u00eddil bombardov\u00e1n\u00ed ropovod\u016f.<\/span><\/p>\n<div class=\"twitter-tweet twitter-tweet-rendered\"><iframe id=\"twitter-widget-0\" class=\"\" title=\"Twitter Tweet\" src=\"https:\/\/platform.twitter.com\/embed\/Tweet.html?dnt=false&amp;embedId=twitter-widget-0&amp;features=eyJ0ZndfdGltZWxpbmVfbGlzdCI6eyJidWNrZXQiOltdLCJ2ZXJzaW9uIjpudWxsfSwidGZ3X2ZvbGxvd2VyX2NvdW50X3N1bnNldCI6eyJidWNrZXQiOnRydWUsInZlcnNpb24iOm51bGx9LCJ0ZndfdHdlZXRfZWRpdF9iYWNrZW5kIjp7ImJ1Y2tldCI6Im9uIiwidmVyc2lvbiI6bnVsbH0sInRmd19yZWZzcmNfc2Vzc2lvbiI6eyJidWNrZXQiOiJvbiIsInZlcnNpb24iOm51bGx9LCJ0ZndfbWl4ZWRfbWVkaWFfMTU4OTciOnsiYnVja2V0IjoidHJlYXRtZW50IiwidmVyc2lvbiI6bnVsbH0sInRmd19leHBlcmltZW50c19jb29raWVfZXhwaXJhdGlvbiI6eyJidWNrZXQiOjEyMDk2MDAsInZlcnNpb24iOm51bGx9LCJ0ZndfZHVwbGljYXRlX3NjcmliZXNfdG9fc2V0dGluZ3MiOnsiYnVja2V0Ijoib24iLCJ2ZXJzaW9uIjpudWxsfSwidGZ3X3ZpZGVvX2hsc19keW5hbWljX21hbmlmZXN0c18xNTA4MiI6eyJidWNrZXQiOiJ0cnVlX2JpdHJhdGUiLCJ2ZXJzaW9uIjpudWxsfSwidGZ3X2xlZ2FjeV90aW1lbGluZV9zdW5zZXQiOnsiYnVja2V0Ijp0cnVlLCJ2ZXJzaW9uIjpudWxsfSwidGZ3X3R3ZWV0X2VkaXRfZnJvbnRlbmQiOnsiYnVja2V0Ijoib24iLCJ2ZXJzaW9uIjpudWxsfX0%3D&amp;frame=false&amp;hideCard=false&amp;hideThread=false&amp;id=1634962572175872002&amp;lang=en&amp;origin=https%3A%2F%2Fwww.zerohedge.com%2Fgeopolitical%2Fus-ukraine-unity-cracking-apart&amp;sessionId=c0dd7475045c8ce7a7224a0d6d1f7f9c48f2d95f&amp;siteScreenName=zerohedge&amp;theme=light&amp;widgetsVersion=aaf4084522e3a%3A1674595607486&amp;width=550px\" frameborder=\"0\" scrolling=\"no\" allowfullscreen=\"allowfullscreen\" data-tweet-id=\"1634962572175872002\" data-mce-fragment=\"1\"><\/iframe><\/div>\n<p><span>Ve\u0159ejn\u011b Biden st\u00e1le tvrd\u00ed, \u017ee bude podporovat Ukrajinu \u201etak dlouho, jak to bude pot\u0159eba\u201c, ale existuj\u00ed dal\u0161\u00ed zn\u00e1mky toho, \u017ee USA uva\u017euj\u00ed o ukon\u010den\u00ed sv\u00e9 podpory.\u00a0\u0158editel CIA William Burns\u00a0\u00a0<\/span><a href=\"https:\/\/news.antiwar.com\/2023\/02\/21\/ukraine-worries-the-biden-administration-might-use-congress-as-an-excuse-to-wind-down-aid\/\"><span>nav\u0161t\u00edvil Kyjev v lednu<\/span><\/a><span>\u00a0\u00a0a\u00a0<\/span><strong><span>\u0159ekl Zelensk\u00e9mu, \u017ee Kongres mo\u017en\u00e1 neschv\u00e1l\u00ed \u017e\u00e1dn\u00e9 masivn\u011bj\u0161\u00ed bal\u00ed\u010dky pomoci pro v\u00e1lku<\/span><\/strong><span>\u00a0.\u00a0Ukrajin\u0161t\u00ed p\u0159edstavitel\u00e9 se ob\u00e1vaj\u00ed, \u017ee by administrativa mohla vyu\u017e\u00edt Kongres jako z\u00e1minku k omezen\u00ed pomoci.<\/span><\/p>\n<p>TYLER DURDEN<\/p>\n<\/div>\n<\/div>\n<div class=\"elementor-element elementor-element-8c57238 quelle dc-has-condition dc-condition-empty elementor-widget elementor-widget-heading\" data-id=\"8c57238\" data-element_type=\"widget\" data-widget_type=\"heading.default\">\n<div class=\"elementor-widget-container\">\n<h3 class=\"elementor-heading-title elementor-size-default\"><span style=\"font-size: 8pt;\"><a href=\"https:\/\/www.zerohedge.com\/geopolitical\/us-ukraine-unity-cracking-apart\" target=\"_blank\" rel=\"nofollow noopener\">ZDROJ<\/a><\/span><\/h3>\n<\/div>\n<\/div>\n<p>&nbsp;<\/p>\n<p><img decoding=\"async\" loading=\"lazy\" class=\"wp-image-19187 aligncenter\" src=\"http:\/\/www.infokuryr.cz\/n\/wp-content\/uploads\/2022\/12\/1-PRO-300x36.jpg\" alt=\"\" width=\"1125\" height=\"135\" srcset=\"https:\/\/www.infokuryr.cz\/n\/wp-content\/uploads\/2022\/12\/1-PRO-300x36.jpg 300w, https:\/\/www.infokuryr.cz\/n\/wp-content\/uploads\/2022\/12\/1-PRO.jpg 699w\" sizes=\"(max-width: 1125px) 100vw, 1125px\" \/><\/p>\n<p>&nbsp;<\/p>\n<p>&nbsp;<\/p>\n<p><img decoding=\"async\" loading=\"lazy\" class=\"wp-image-24432 aligncenter\" src=\"http:\/\/www.infokuryr.cz\/n\/wp-content\/uploads\/2023\/03\/pozvanka-teplice-pro-1-300x156.jpg\" alt=\"\" width=\"1096\" height=\"570\" srcset=\"https:\/\/www.infokuryr.cz\/n\/wp-content\/uploads\/2023\/03\/pozvanka-teplice-pro-1-300x156.jpg 300w, https:\/\/www.infokuryr.cz\/n\/wp-content\/uploads\/2023\/03\/pozvanka-teplice-pro-1-768x398.jpg 768w, https:\/\/www.infokuryr.cz\/n\/wp-content\/uploads\/2023\/03\/pozvanka-teplice-pro-1.jpg 1272w\" sizes=\"(max-width: 1096px) 100vw, 1096px\" \/><\/p>\n<p>&nbsp;<\/p>\n","protected":false},"excerpt":{"rendered":"<p>V\u00edce ne\u017e rok od chv\u00edle, kdy Rusko zah\u00e1jilo invazi na Ukrajinu, nar\u016fstaj\u00ed mezi Washingtonem a&#8230;<\/p>\n","protected":false},"author":2,"featured_media":24438,"comment_status":"closed","ping_status":"closed","sticky":false,"template":"","format":"standard","meta":[],"categories":[7],"tags":[1242,26,37],"_links":{"self":[{"href":"https:\/\/www.infokuryr.cz\/n\/wp-json\/wp\/v2\/posts\/24437"}],"collection":[{"href":"https:\/\/www.infokuryr.cz\/n\/wp-json\/wp\/v2\/posts"}],"about":[{"href":"https:\/\/www.infokuryr.cz\/n\/wp-json\/wp\/v2\/types\/post"}],"author":[{"embeddable":true,"href":"https:\/\/www.infokuryr.cz\/n\/wp-json\/wp\/v2\/users\/2"}],"replies":[{"embeddable":true,"href":"https:\/\/www.infokuryr.cz\/n\/wp-json\/wp\/v2\/comments?post=24437"}],"version-history":[{"count":0,"href":"https:\/\/www.infokuryr.cz\/n\/wp-json\/wp\/v2\/posts\/24437\/revisions"}],"wp:featuredmedia":[{"embeddable":true,"href":"https:\/\/www.infokuryr.cz\/n\/wp-json\/wp\/v2\/media\/24438"}],"wp:attachment":[{"href":"https:\/\/www.infokuryr.cz\/n\/wp-json\/wp\/v2\/media?parent=24437"}],"wp:term":[{"taxonomy":"category","embeddable":true,"href":"https:\/\/www.infokuryr.cz\/n\/wp-json\/wp\/v2\/categories?post=24437"},{"taxonomy":"post_tag","embeddable":true,"href":"https:\/\/www.infokuryr.cz\/n\/wp-json\/wp\/v2\/tags?post=24437"}],"curies":[{"name":"wp","href":"https:\/\/api.w.org\/{rel}","templated":true}]}}