{"id":24435,"date":"2023-03-14T07:50:45","date_gmt":"2023-03-14T06:50:45","guid":{"rendered":"http:\/\/www.infokuryr.cz\/n\/?p=24435"},"modified":"2023-03-14T07:50:45","modified_gmt":"2023-03-14T06:50:45","slug":"meli-bychom-mit-obavy-komisarka-von-der-leyenova-se-setkava-s-bidenem-aby-prodiskutovala-cinskou-hrozbu","status":"publish","type":"post","link":"https:\/\/www.infokuryr.cz\/n\/2023\/03\/14\/meli-bychom-mit-obavy-komisarka-von-der-leyenova-se-setkava-s-bidenem-aby-prodiskutovala-cinskou-hrozbu\/","title":{"rendered":"M\u011bli bychom m\u00edt obavy! Komisa\u0159ka von der Leyenov\u00e1 se setk\u00e1v\u00e1 s Bidenem, aby prodiskutovala \u010d\u00ednskou hrozbu"},"content":{"rendered":"<div id=\"fb-root\"><\/div>\n<div class=\"elementor-element elementor-element-1fb4c2c elementor-widget elementor-widget-theme-post-content\" data-id=\"1fb4c2c\" data-element_type=\"widget\" data-widget_type=\"theme-post-content.default\">\n<div class=\"elementor-widget-container\">\n<p><strong><span>NATO se ti\u0161e vzdaluje od Ukrajiny \u2013 sm\u011brem ke studen\u00e9 v\u00e1lce s \u010c\u00ednou, zat\u00edmco USA se p\u0159ipravuj\u00ed na \u201ebezprecedentn\u00ed\u201c studenou v\u00e1lku se sankcemi v\u016f\u010di Pekingu.<\/span><\/strong><\/p>\n<p><span>V ned\u00e1vn\u00e9m rozhovoru Nicholas Burns, americk\u00fd velvyslanec v \u010c\u00edn\u011b, pot\u00e9, co ozna\u010dil \u010c\u00ednu za \u201ehrozbu\u201c, bez obalu \u0159ekl: \u201eJsme v\u016fdci v tomto Indo-pacifick\u00e9m regionu. A my takov\u00ed z\u016fstaneme.&#8220;\u00a0Tazatel, americk\u00fd kongresman Mike Gallagher, popsal novou americkou studenou v\u00e1lku nikoli jako zdvo\u0159il\u00fd tenisov\u00fd z\u00e1pas, ale jako existen\u010dn\u00ed boj o \u017eivot v 21. stolet\u00ed.<\/span><\/p>\n<p><span>D\u0159\u00edv\u011bj\u0161\u00ed pokus prezidenta Si \u0164in-pchinga dos\u00e1hnout \u201enov\u00e9ho uvoln\u011bn\u00ed\u201c s USA b\u011bhem listopadov\u00e9ho summitu G20 na Bali \u2013 ve skute\u010dnosti pokus prozkoumat, zda by byl mo\u017en\u00fd minim\u00e1ln\u00ed modus vivendi s USA \u2013 je u konce.<\/span><\/p>\n<p><span>\u010c\u00ednsk\u00e1 bal\u00f3nov\u00e1 hysterie, nar\u016fstaj\u00edc\u00ed zn\u00e1mky toho, \u017ee Ukrajina se st\u00e1v\u00e1 debaklem pro Bidenovu administrativu v regionu Bachmut, a hrub\u00e9 hrozby \u201ed\u016fsledk\u016f\u201c pro \u010c\u00ednu, pokud vojensky podpo\u0159\u00ed Rusko (stejn\u011b jako Washington sliboval v\u00edce zbran\u00ed Tchaj-wanu) byly pro Peking p\u0159\u00edli\u0161 mnoho.<\/span><\/p>\n<p><span>\u010c\u00edna, vzd\u00e1len\u00e1 od sv\u00fdch d\u0159\u00edv\u011bj\u0161\u00edch pokusn\u00fdch pokus\u016f o uvoln\u011bn\u00ed v USA, se od t\u00e9 doby vydala opa\u010dn\u00fdm sm\u011brem.\u00a0Sama se \u201ep\u0159ekalibrovala\u201c.<\/span><\/p>\n<p><span>Najednou se \u010c\u00edna odvr\u00e1tila od americk\u00e9ho zm\u00edrn\u011bn\u00ed nap\u011bt\u00ed, za\u0159adila vy\u0161\u0161\u00ed rychlost a m\u00ed\u0159\u00ed k Rusku (a B\u011blorusku).\u00a0NATO se mezit\u00edm ti\u0161e vzdaluje od Ukrajiny sm\u011brem ke studen\u00e9 v\u00e1lce s \u010c\u00ednou. A Washington p\u0159ipravuje \u201ebezprecedentn\u00ed\u201c studenou v\u00e1lku proti \u010c\u00edn\u011b, kter\u00e1 tak\u00e9 p\u0159esouv\u00e1 pozornost z Ruska na \u010c\u00ednu.<\/span><\/p>\n<p><span>Co to znamen\u00e1 pro Bl\u00edzk\u00fd v\u00fdchod?\u00a0Jednodu\u0161e \u0159e\u010deno, bojov\u00e9 taktiky studen\u00e9 v\u00e1lky se bl\u00ed\u017e\u00ed.<\/span><\/p>\n<p><span>Nemyslete si, \u017ee pouh\u00e9 dr\u017een\u00ed se stranou a dokonce i nab\u00eddka prost\u0159edn\u00edka v ukrajinsk\u00e9m konfliktu v\u00e1s ochr\u00e1n\u00ed p\u0159ed t\u00edm, co p\u0159ich\u00e1z\u00ed.\u00a0Prezident M\u00f3d\u00ed tak\u00e9 zva\u017eoval triangulaci indick\u00e9ho vlivu na glob\u00e1ln\u00edm Jihu proti Z\u00e1padu na jedn\u00e9 stran\u011b a rusko-\u010d\u00ednsk\u00e9 ose na stran\u011b druh\u00e9.<\/span><\/p>\n<p><span>A co se stalo?\u00a0No, v\u00fdsledkem byla nar\u016fstaj\u00edc\u00ed \u201ev\u00e1lka\u201c proti Modimu (<em>Indie<\/em>), po\u010d\u00ednaje kritikou New York Times, prost\u0159ednictv\u00edm nep\u0159\u00e1telsk\u00e9ho dokumentu BBC, po n\u00ed\u017e n\u00e1sledovala Hindenburgova zpr\u00e1va o konglomer\u00e1tu Adani Group (jeho\u017e \u0161\u00e9f je shodou okolnost\u00ed p\u0159\u00edtel a d\u016fle\u017eit\u011bj\u0161\u00ed Modiho finan\u010dn\u00edk), Georgi Sorosovi, kter\u00fd na mnichovsk\u00e9 bezpe\u010dnostn\u00ed konferenci \u0159ekl, \u017ee Modiho dny byly \u201ese\u010dteny\u201c a \u201enen\u00ed demokrat\u201c \u2013 kon\u010d\u00edc\u00ed zkreslenou hrozbou: \u201eMo\u017en\u00e1 jsem naivn\u00ed, ale o\u010dek\u00e1v\u00e1m jedno demokratick\u00e9 o\u017eiven\u00ed v Indii \u201c.<\/span><\/p>\n<p><span>Tak\u017ee te\u010f je to jasn\u00e9: p\u0159ed chv\u00edl\u00ed se zd\u00e1lo, \u017ee Modi t\u00edhne k USA.\u00a0Ale ned\u00e1vno se p\u0159\u00e1tel\u00ed s Putinem (a\u010dkoli Indie vyd\u011bl\u00e1v\u00e1 k\u00fdble pen\u011bz na rusk\u00fdch ropn\u00fdch produktech a b\u011b\u017en\u00fd obchod mezi t\u011bmito dv\u011bma zem\u011bmi exploduje).<\/span><\/p>\n<p><span>A tak byl M\u00f3di Z\u00e1padem n\u00e1le\u017eit\u011b potrest\u00e1n \u2013 jak ministry financ\u00ed G20, tak sch\u016fzky ministr\u016f zahrani\u010d\u00ed G20 se prom\u011bnily v trosky se z\u00e1padn\u00edmi po\u017eadavky, aby se nic nestalo, dokud z\u00e1v\u011bre\u010dn\u00e1 komunik\u00e9 nebudou jednozna\u010dn\u011b obvi\u0148ovat Rusko z Ukrajiny. Modiho troj\u00faheln\u00edkov\u00fd vztah G20 byl pon\u00ed\u017een.<\/span><\/p>\n<p><span>St\u00e1ty Persk\u00e9ho z\u00e1livu maj\u00ed samoz\u0159ejm\u011b tak\u00e9 zvl\u00e1\u0161tn\u00ed vztah s USA.\u00a0Ty v\u0161ak ji\u017e varuj\u00ed Evropany, \u017ee se chystaj\u00ed vyzvat sv\u00e9 spojence k uvalen\u00ed \u201ebezprecedentn\u00edch sankc\u00ed\u201c na \u010c\u00ednu, pokud poskytne Rusku vojenskou podporu.<\/span><\/p>\n<p><span>Tento p\u00e1d by zas\u00e1hl N\u011bmecko, kde to bol\u00ed nejv\u00edce (kv\u016fli jeho siln\u00fdm obchodn\u00edm vazb\u00e1m s \u010c\u00ednou).<\/span><\/p>\n<p><span>P\u0159esto (zpr\u00e1vy Politico) n\u011bkte\u0159\u00ed ze Scholzovi vlastn\u00ed\u00a0 demokratick\u00e9 strany ji\u017e signalizuj\u00ed svou otev\u0159enost tomuto mo\u017en\u00e9mu kroku:<\/span><\/p>\n<p><span>\u201ePokud by se \u010c\u00edna skute\u010dn\u011b rozhodla poskytnout p\u0159\u00edmou vojenskou podporu rusk\u00e9 ileg\u00e1ln\u00ed \u00fato\u010dn\u00e9 v\u00e1lce, prodiskutujeme a rozhodneme o nezbytn\u00fdch reakc\u00edch v \u00fazk\u00e9 konzultaci s na\u0161imi spojenci v EU a G7&#8230; Ve skute\u010dnosti by to znamenalo pro \u010c\u00ednu stejn\u011b jako \u00cdr\u00e1n jako dodavatel zbran\u00ed, proti kter\u00e9mu EU ned\u00e1vno uvalila sankce\u201c.<\/span><\/p>\n<p><strong><span>N\u00e1klady, kter\u00e9 by Evropa uvalila sankcemi na Rusko i \u010c\u00ednu (a pozd\u011bji Indii), by pro Evropu znamenala katastrof\u00e1ln\u00ed ztr\u00e1tu. Zd\u00e1 se, \u017ee vyrovnanost Evropy tv\u00e1\u0159\u00ed v tv\u00e1\u0159 takov\u00e9 vyhl\u00eddce je skute\u010dn\u011b nevysv\u011btliteln\u00e1.<\/span><\/strong><\/p>\n<p><span>V rozhovoru pro \u0161v\u00fdcarsk\u00fd t\u00fdden\u00edk v\u0161ak premi\u00e9r Viktor Orb\u00e1n \u0159ekl, \u017ee nejd\u016fle\u017eit\u011bj\u0161\u00edm ponau\u010den\u00edm z v\u00e1lky na Ukrajin\u011b bylo, \u017ee \u201eEvropa se st\u00e1hla z debaty:<\/span><\/p>\n<p><strong>\u201eEvropa se st\u00e1hla z debaty&#8230; V rozhodnut\u00edch p\u0159ijat\u00fdch v Bruselu vid\u00edm americk\u00e9 z\u00e1jmy \u010dast\u011bji ne\u017e evropsk\u00e9.\u00a0Ve v\u00e1lce, kter\u00e1 se odehr\u00e1v\u00e1 v Evrop\u011b, maj\u00ed posledn\u00ed slovo Ameri\u010dan\u00e9.&#8220;<\/strong><\/p>\n<p><span>Bl\u00edzk\u00fd v\u00fdchod se m\u016f\u017ee t\u011b\u0161it, \u017ee v bl\u00edzk\u00e9 budoucnosti usly\u0161\u00ed o \u010c\u00edn\u011b mnohem v\u00edce od sv\u00fdch evropsk\u00fdch prot\u011bj\u0161k\u016f.\u00a0Tento p\u00e1tek pan\u00ed von der Leyenov\u00e1 odcestuje do Washingtonu na sch\u016fzku s Bidenem.\u00a0V prohl\u00e1\u0161en\u00ed B\u00edl\u00e9ho domu se uv\u00e1d\u00ed, \u017ee Biden bude s von der Leyenovou diskutovat o \u201ena\u0161\u00ed spole\u010dn\u00e9 pr\u00e1ci na \u0159e\u0161en\u00ed v\u00fdzev, kter\u00e9 p\u0159edstavuje \u010c\u00ednsk\u00e1 lidov\u00e1 republika\u201c.<\/span><\/p>\n<p><span>\u017d\u00e1dn\u00e9 d\u016fkazy o dod\u00e1vk\u00e1ch zbran\u00ed z \u010c\u00edny?\u00a0Bude se to po\u010d\u00edtat, a\u017e v\u00e1le\u010dn\u00e1 dynamika nabere na s\u00edle?<\/span><\/p>\n<p><strong>Pozor \u2013 toto nen\u00ed \u201ezdvo\u0159il\u00fd diplomatick\u00fd ping-pong\u201c!<\/strong><\/p>\n<\/div>\n<\/div>\n<div class=\"elementor-element elementor-element-8c57238 quelle dc-has-condition dc-condition-empty elementor-widget elementor-widget-heading\" data-id=\"8c57238\" data-element_type=\"widget\" data-widget_type=\"heading.default\">\n<div class=\"elementor-widget-container\">\n<h3 class=\"elementor-heading-title elementor-size-default\"><span style=\"font-size: 8pt;\"><a href=\"https:\/\/english.almayadeen.net\/articles\/analysis\/eus-von-der-leyen-to-meet-biden-to-discuss-jointly-addressin\" target=\"_blank\" rel=\"nofollow noopener\">ZDROJ<\/a><\/span><\/h3>\n<\/div>\n<\/div>\n<p>&nbsp;<\/p>\n<p><img decoding=\"async\" loading=\"lazy\" class=\"wp-image-19187 aligncenter\" src=\"http:\/\/www.infokuryr.cz\/n\/wp-content\/uploads\/2022\/12\/1-PRO-300x36.jpg\" alt=\"\" width=\"1125\" height=\"135\" srcset=\"https:\/\/www.infokuryr.cz\/n\/wp-content\/uploads\/2022\/12\/1-PRO-300x36.jpg 300w, https:\/\/www.infokuryr.cz\/n\/wp-content\/uploads\/2022\/12\/1-PRO.jpg 699w\" sizes=\"(max-width: 1125px) 100vw, 1125px\" \/><\/p>\n<p>&nbsp;<\/p>\n<p>&nbsp;<\/p>\n<p><img decoding=\"async\" loading=\"lazy\" class=\"wp-image-24432 aligncenter\" src=\"http:\/\/www.infokuryr.cz\/n\/wp-content\/uploads\/2023\/03\/pozvanka-teplice-pro-1-300x156.jpg\" alt=\"\" width=\"1042\" height=\"542\" srcset=\"https:\/\/www.infokuryr.cz\/n\/wp-content\/uploads\/2023\/03\/pozvanka-teplice-pro-1-300x156.jpg 300w, https:\/\/www.infokuryr.cz\/n\/wp-content\/uploads\/2023\/03\/pozvanka-teplice-pro-1-768x398.jpg 768w, https:\/\/www.infokuryr.cz\/n\/wp-content\/uploads\/2023\/03\/pozvanka-teplice-pro-1.jpg 1272w\" sizes=\"(max-width: 1042px) 100vw, 1042px\" \/><\/p>\n<p>&nbsp;<\/p>\n","protected":false},"excerpt":{"rendered":"<p>NATO se ti\u0161e vzdaluje od Ukrajiny \u2013 sm\u011brem ke studen\u00e9 v\u00e1lce s \u010c\u00ednou, zat\u00edmco USA&#8230;<\/p>\n","protected":false},"author":2,"featured_media":24436,"comment_status":"closed","ping_status":"closed","sticky":false,"template":"","format":"standard","meta":[],"categories":[7],"tags":[72,30,41,3251,37],"_links":{"self":[{"href":"https:\/\/www.infokuryr.cz\/n\/wp-json\/wp\/v2\/posts\/24435"}],"collection":[{"href":"https:\/\/www.infokuryr.cz\/n\/wp-json\/wp\/v2\/posts"}],"about":[{"href":"https:\/\/www.infokuryr.cz\/n\/wp-json\/wp\/v2\/types\/post"}],"author":[{"embeddable":true,"href":"https:\/\/www.infokuryr.cz\/n\/wp-json\/wp\/v2\/users\/2"}],"replies":[{"embeddable":true,"href":"https:\/\/www.infokuryr.cz\/n\/wp-json\/wp\/v2\/comments?post=24435"}],"version-history":[{"count":0,"href":"https:\/\/www.infokuryr.cz\/n\/wp-json\/wp\/v2\/posts\/24435\/revisions"}],"wp:featuredmedia":[{"embeddable":true,"href":"https:\/\/www.infokuryr.cz\/n\/wp-json\/wp\/v2\/media\/24436"}],"wp:attachment":[{"href":"https:\/\/www.infokuryr.cz\/n\/wp-json\/wp\/v2\/media?parent=24435"}],"wp:term":[{"taxonomy":"category","embeddable":true,"href":"https:\/\/www.infokuryr.cz\/n\/wp-json\/wp\/v2\/categories?post=24435"},{"taxonomy":"post_tag","embeddable":true,"href":"https:\/\/www.infokuryr.cz\/n\/wp-json\/wp\/v2\/tags?post=24435"}],"curies":[{"name":"wp","href":"https:\/\/api.w.org\/{rel}","templated":true}]}}