{"id":2443,"date":"2021-06-12T05:07:45","date_gmt":"2021-06-12T03:07:45","guid":{"rendered":"http:\/\/www.infokuryr.cz\/n\/?p=2443"},"modified":"2021-06-12T05:07:45","modified_gmt":"2021-06-12T03:07:45","slug":"p-c-roberts-kdy-bude-i-do-americkeho-senatu-jmenovan-kun","status":"publish","type":"post","link":"https:\/\/www.infokuryr.cz\/n\/2021\/06\/12\/p-c-roberts-kdy-bude-i-do-americkeho-senatu-jmenovan-kun\/","title":{"rendered":"P.C.Roberts: Kdy bude i do americk\u00e9ho Sen\u00e1tu jmenov\u00e1n k\u016f\u0148?"},"content":{"rendered":"<div id=\"fb-root\"><\/div>\n<p>Civilizovan\u00e1 spole\u010dnost je zalo\u017eena na pravd\u011b a na faktech, nikoli na klamu a podvodu. Nu a jeliko\u017e pravda a fakta jsou cenzurov\u00e1ny a klam a podvod jsou to jedin\u00e9, co dnes m\u00e1me, nelze vyvodit jin\u00fd z\u00e1v\u011br ne\u017e ten, \u017ee civilizovanou spole\u010dnost\u00ed nejsme.<\/p>\n<p>\u010clov\u011bk dnes skute\u010dn\u011b znaky civilizovan\u00e9 spole\u010dnosti v USA nenalezne. Nam\u00edsto debat m\u00e1me vy\u0159v\u00e1van\u00e9 ur\u00e1\u017eky, hrozby a vyhazovy ze zam\u011bstn\u00e1n\u00ed. O osudech obr\u00e1nc\u016f pravdy, jak\u00fdm je nap\u0159.\u00a0 policista Chauvin (obvin\u011bn\u00fd z vra\u017edy George Floyda \u2013 pozn. LM), se rozhoduje v m\u00e9di\u00edch a nikoli v poctiv\u00fdch soudn\u00edch \u0159\u00edzen\u00edch. V\u011bdci a l\u00e9ka\u0159sk\u00e9 autority za pen\u011b\u017en\u00ed odm\u011bnu l\u017eou a takt\u00e9\u017e se chovaj\u00ed \u017eurnalist\u00e9. Pravda na ofici\u00e1ln\u00edch m\u00edstech nem\u00e1 zast\u00e1nce a u\u017e v\u016fbec ne na univerzit\u00e1ch. Vl\u00e1da posluhuje nevyhl\u00e1\u0161en\u00fdm agend\u00e1m a m\u00e9dia se ve ve\u0159ejnosti sna\u017e\u00ed vybudit strach, aby dos\u00e1hla spln\u011bn\u00ed agend vlastn\u00edch. Zem\u011b jsou napad\u00e1ny a bombardov\u00e1ny na z\u00e1klad\u011b l\u017e\u00ed a fale\u0161n\u00fdch obvin\u011bn\u00ed. \u00dastavn\u00ed ochrana ob\u010dan\u016f se odsunuje stranou a nahrazuje ji nev\u00e1zan\u00e1 a nezodpov\u011bdn\u00e1 vl\u00e1dn\u00ed a policejn\u00ed moc.<\/p>\n<p>Jak by bylo lze takov\u00fdto stav v\u011bc\u00ed napravit? N\u011bkte\u0159\u00ed lid\u00e9 maj\u00ed za to, \u017ee nyn\u00ed, kdy\u017e Demokrat\u00e9 v r\u00e1mci \u201em\u00edrov\u00fdch protest\u016f\u201c projevili tak krutou lhostejnost v\u016f\u010di rabov\u00e1n\u00ed a p\u00e1len\u00ed jejich m\u011bst, by to mohli za\u0159\u00eddit Republik\u00e1ni. Ano, lze mezi Republik\u00e1ny nal\u00e9zt p\u00e1r vz\u00e1cn\u00fdch osobnost\u00ed, jak\u00fdmi jsou nap\u0159. guvern\u00e9\u0159i Floridy, Texasu, Ji\u017en\u00ed Karol\u00edny a sen\u00e1to\u0159i Arizony, av\u0161ak v\u011bt\u0161ina Republik\u00e1n\u016f se u\u017e dostate\u010dn\u011b pou\u010dila o tom, \u017ee nejbezpe\u010dn\u011bj\u0161\u00ed cestou k \u017eivotn\u00edmu \u00fasp\u011bchu je ned\u011blat vlny. Jsou prost\u011b spokojeni s t\u00edm, \u017ee se v\u011bc\u00ed \u00fa\u010dastn\u00ed, ale necht\u011bj\u00ed se st\u00e1t v\u016fdci, kr\u00e1\u010dej\u00edc\u00edmi proti v\u011btru. A proto se t\u00e9\u017e nena\u0161lo dost Republik\u00e1n\u016f ochotn\u00fdch zabojovat proti kr\u00e1de\u017ei voleb.<\/p>\n<p>Odpov\u011bd\u00ed na sou\u010dasnou n\u011but\u011b\u0161enou situaci nejsou ani protiameri\u010dt\u00ed b\u00edl\u00ed liber\u00e1lov\u00e9 a ani proameri\u010dt\u00ed konzervativci. Historie b\u00edl\u00fdch liber\u00e1l\u016f nen\u00ed nic jin\u00e9ho ne\u017e denunciace Ameriky. T\u00edm mechci \u0159\u00edct, \u017ee Amerika se nedopou\u0161t\u011bla zlo\u010din\u016f a j\u00e1 s\u00e1m jsem o t\u011bchto zlo\u010dinech psal. Av\u0161ak pro b\u00edl\u00e9 liber\u00e1ly neexistuje krom\u011b t\u011bchto zlo\u010din\u016f u\u017e nic jin\u00e9ho.<\/p>\n<p>Nu a ameri\u010dt\u00ed konzervativci jsou zas p\u0159\u00edli\u0161 patrioti\u010dt\u00ed, co\u017e jim zabra\u0148uje vid\u011bt fakta, jak\u00e1 skute\u010dn\u011b jsou. Jsou v\u017edy pohotovi spolknou n\u00e1vnady \u201eciz\u00edch nep\u0159\u00e1tel\u201c, kter\u00e9 pro n\u011b vyr\u00e1b\u00ed vojenskobezpe\u010dnostn\u00ed komplex a tak ospravedl\u0148uje jak sv\u016fj enormn\u00ed\u00a0 rozpo\u010det, tak svoji moc. Vzpome\u0148me jen komplexem a jeho m\u00e9di\u00ed \u0161\u00ed\u0159en\u00e9 tvrzen\u00ed, \u017ee kdy\u017e Vietnam propadne komunizmu, bude to sou\u010dasn\u011b znamenat i z\u00e1nik svobodn\u00e9ho sv\u011bta. I tak absurdn\u00ed nesmysl se v\u0161ak stal v Americe \u010dl\u00e1nkem v\u00edry.<\/p>\n<p>Tyto konzervativce lze velmi snadno odl\u00e1kat od skute\u010dn\u00fdch dom\u00e1c\u00edch vnit\u0159n\u00edch hrozeb k vl\u00e1dou vyroben\u00fdm a m\u00e9di\u00ed pak profesion\u00e1ln\u011b zpracovan\u00fdm \u201eciz\u00edm nep\u0159\u00e1tel\u016fm\u201c. U Bushe ml. \u0161lo o \u201ev\u00e1lku proti teroru\u201c, kterou pak Obama rozvinul k poprav\u00e1m Ameri\u010dan\u016f na z\u00e1klad\u011b pouh\u00e9ho podez\u0159en\u00ed ze sp\u00e1ch\u00e1n\u00ed zlo\u010dinu proti USA, a to i bez \u0159\u00e1dn\u00e9ho soudu.<\/p>\n<p>Trump sjednotil Ameri\u010dany proti \u010c\u00edn\u011b a Demokrat\u00e9 sjednotili Ameri\u010dany proti Rusku. P\u0159i\u010dem\u017e plat\u00ed pravidlo, \u017ee konzervativce lze v\u017edy snadn\u011bji zbuntovat proti \u201eciz\u00edm nep\u0159\u00e1tel\u016fm\u201c ne\u017e pro \u0159e\u0161en\u00ed dom\u00e1c\u00edch nepo\u0159\u00e1dk\u016f.<\/p>\n<p>\u017dijeme mimoto v zemi, ve kter\u00e9 mohou b\u00fdt lid\u00e9 dobr\u00e9ho charakteru a odborn\u011b zdatn\u00ed propou\u0161t\u011bni ignorantsk\u00fdmi hlup\u00e1ky z pr\u00e1ce, \u010di b\u00fdt jimi i d\u00e9monizov\u00e1ni. \u010ci \u0159e\u010deno jinak: Veden\u00ed prov\u00e1d\u011bn\u00e9 schopn\u00fdmi lidmi je u n\u00e1s nemo\u017en\u00e9. V dne\u0161n\u00edch USA nemaj\u00ed charakter, mravn\u00ed integrita, fakta a pravda \u017e\u00e1dnou cenu. Agendu maj\u00ed v ruce elity a v\u0161ichni, kdo se t\u011bmto elit\u00e1m postav\u00ed do cesty, jsou smeteni.<\/p>\n<p>V n\u011bkdej\u0161\u00edch dob\u00e1ch, kdy Ameri\u010dan\u00e9 studovali na \u0161kol\u00e1ch historii starov\u011bk\u00e9ho \u0158\u00edma, nejsp\u00ed\u0161 i proto, aby se jeho podobn\u00e9mu zl\u00e9mu osudu vyhnuli, narazili i na p\u0159\u00edb\u011bh o koni Incit\u00e1tovi. Do \u0159\u00edmsk\u00e9ho sen\u00e1tu vj\u00ed\u017ed\u00ed c\u00edsa\u0159 Caligula a oznamuje sen\u00e1tor\u016fm, \u017ee maj\u00ed nov\u00e9ho kolegu &#8211; jeho kon\u011b Incitata. Ctihodn\u00ed mu\u017ei se na sebe nejprve rozpa\u010dit\u011b d\u00edvaj\u00ed, n\u00e1sleduje zprvu nesm\u011bl\u00fd potlesk a posl\u00e9ze ovace, oslavuj\u00edc\u00ed nov\u00fd po\u010din jejich c\u00edsa\u0159e. \u010c\u00edm\u017e historik Suetonius nazna\u010duje jedin\u00e9: S \u0158\u00edmem je \u00e1men a kdysi tak mocn\u00fd \u0159\u00edmsk\u00fd sen\u00e1t, str\u00e1\u017ece \u0158\u00edmsk\u00e9 Republiky, upadl na \u00farove\u0148 st\u00e1je pro zv\u00ed\u0159ata.<\/p>\n<p>Nen\u00ed tohle, jen tak n\u00e1hodou, popis sou\u010dasn\u00e9ho Washingtonu?<\/p>\n<p><em>Vybral a p\u0159elo\u017eil Lubom\u00edr Man<\/em><\/p>\n<p>&nbsp;<\/p>\n","protected":false},"excerpt":{"rendered":"<p>Civilizovan\u00e1 spole\u010dnost je zalo\u017eena na pravd\u011b a na faktech, nikoli na klamu a podvodu. Nu&#8230;<\/p>\n","protected":false},"author":2,"featured_media":810,"comment_status":"closed","ping_status":"closed","sticky":false,"template":"","format":"standard","meta":[],"categories":[7],"tags":[29,144,37],"_links":{"self":[{"href":"https:\/\/www.infokuryr.cz\/n\/wp-json\/wp\/v2\/posts\/2443"}],"collection":[{"href":"https:\/\/www.infokuryr.cz\/n\/wp-json\/wp\/v2\/posts"}],"about":[{"href":"https:\/\/www.infokuryr.cz\/n\/wp-json\/wp\/v2\/types\/post"}],"author":[{"embeddable":true,"href":"https:\/\/www.infokuryr.cz\/n\/wp-json\/wp\/v2\/users\/2"}],"replies":[{"embeddable":true,"href":"https:\/\/www.infokuryr.cz\/n\/wp-json\/wp\/v2\/comments?post=2443"}],"version-history":[{"count":0,"href":"https:\/\/www.infokuryr.cz\/n\/wp-json\/wp\/v2\/posts\/2443\/revisions"}],"wp:featuredmedia":[{"embeddable":true,"href":"https:\/\/www.infokuryr.cz\/n\/wp-json\/wp\/v2\/media\/810"}],"wp:attachment":[{"href":"https:\/\/www.infokuryr.cz\/n\/wp-json\/wp\/v2\/media?parent=2443"}],"wp:term":[{"taxonomy":"category","embeddable":true,"href":"https:\/\/www.infokuryr.cz\/n\/wp-json\/wp\/v2\/categories?post=2443"},{"taxonomy":"post_tag","embeddable":true,"href":"https:\/\/www.infokuryr.cz\/n\/wp-json\/wp\/v2\/tags?post=2443"}],"curies":[{"name":"wp","href":"https:\/\/api.w.org\/{rel}","templated":true}]}}