{"id":24428,"date":"2023-03-14T07:19:22","date_gmt":"2023-03-14T06:19:22","guid":{"rendered":"http:\/\/www.infokuryr.cz\/n\/?p=24428"},"modified":"2023-03-14T08:23:22","modified_gmt":"2023-03-14T07:23:22","slug":"jan-campbell-kazachstan-dnes-a-zitra","status":"publish","type":"post","link":"https:\/\/www.infokuryr.cz\/n\/2023\/03\/14\/jan-campbell-kazachstan-dnes-a-zitra\/","title":{"rendered":"Jan Campbell: Kazachst\u00e1n dnes, a z\u00edtra?"},"content":{"rendered":"<div id=\"fb-root\"><\/div>\n<p><span style=\"font-size: 18pt;\"><strong>\u00davod<\/strong><\/span><\/p>\n<p>B\u011bhem 13-14 m\u011bs\u00edc\u016f od lednov\u00fdch krvav\u00fdch ud\u00e1lost\u00ed roku 2022, o kter\u00fdch jsem podrobn\u011b psal ve t\u0159ech analyticky zam\u011b\u0159en\u00fdch p\u0159\u00edsp\u011bvc\u00edch zve\u0159ejn\u011bn\u00fdch v\u00a0lednu a \u00fanoru minul\u00e9ho roku v\u00a0n\u011bkolika \u010desk\u00fdch a zahrani\u010dn\u00edch m\u00e9di\u00edch, a pot\u00e9 v\u00a0neo\u010dek\u00e1van\u011b rychle vyprodan\u00e9 knize Symposium (Pharus de Victoria, ISBN 978-3-200-08777-4) pro\u0161el kaza\u0161sk\u00fd politick\u00fd syst\u00e9m t\u0159emi volebn\u00edmi kampan\u011bmi: referendem, prezidentsk\u00fdmi volbami a obnoven\u00edm horn\u00ed komory parlamentu. \u010ctvrt\u00e1 kampa\u0148, p\u0159ed\u010dasn\u00e9 volby do doln\u00ed komory parlamentu, by m\u011bla b\u00fdt z\u00e1v\u011bre\u010dnou etapou vytv\u00e1\u0159en\u00ed z\u00e1sadn\u011b nov\u00e9ho Kazachst\u00e1nu s rozvinut\u011bj\u0161\u00edm politick\u00fdm syst\u00e9mem a n\u00e1zorovou pluralitou.<\/p>\n<p>V\u00a0dne\u0161n\u00edm p\u0159\u00edsp\u011bvku se nebudu zab\u00fdvat srovn\u00e1n\u00edm politicko-hospod\u00e1\u0159sk\u00e9ho stavu Kazachst\u00e1nu s\u00a0\u010cR, SRN a RF, kontrolou m\u00e9di\u00ed v\u00a0jednotliv\u00fdch st\u00e1tech, jednotliv\u00fdch volebn\u00edch syst\u00e9m\u016f, p\u0159edstaviteln\u00fdmi perspektivami jejich rozvoje a politikou sankc\u00ed Z\u00e1padu. Pokus\u00edm se ale nast\u00ednit cestu k\u00a0odpov\u011bdi na ot\u00e1zku, kter\u00e1 je spole\u010dn\u00e1 prakticky v\u0161em st\u00e1t\u016fm Z\u00e1padu, st\u00e1t\u016fm pod kontrolou Anglosas\u016f, nebo na Z\u00e1pad orientovan\u00fdm st\u00e1t\u016fm: Jak p\u0159iv\u00e9st do politiky nov\u00e9 tv\u00e1\u0159e a nov\u00e9 my\u0161lenky, jak diverzifikovat slo\u017een\u00ed kl\u00ed\u010dov\u00fdch st\u00e1tn\u00edch instituc\u00ed a ud\u011blat je v\u00edce inkluzivn\u00ed a reprezentativn\u00ed?<\/p>\n<p>V\u00a0p\u0159\u00edpad\u011b Kazachst\u00e1nu se mi jev\u00ed, \u017ee prezident a vl\u00e1da se rozhodly pro \u0159e\u0161en\u00ed a odpov\u011b\u010f zalo\u017eenou na p\u0159ed\u010dasn\u00fdch volb\u00e1ch na v\u0161ech \u00farovn\u00edch.<\/p>\n<p><span style=\"font-size: 18pt;\"><strong>Kazachst\u00e1n, EU a volby<\/strong><\/span><\/p>\n<p>Kaza\u0161sk\u00fd ministr zahrani\u010d\u00ed Muchtar Tleuberdi a \u0161\u00e9f evropsk\u00e9ho diplomatick\u00e9ho sboru Josep Borrel vydali spole\u010dn\u00e9 prohl\u00e1\u0161en\u00ed u p\u0159\u00edle\u017eitosti 30. v\u00fdro\u010d\u00ed nav\u00e1z\u00e1n\u00ed diplomatick\u00fdch vztah\u016f mezi Bruselem a Astanou. V\u00a0podstat\u011b prohl\u00e1\u0161en\u00ed potvrzuje p\u0159\u00e1n\u00ed Kazachst\u00e1nu spolupracovat s\u00a0EU. V dokumentu se mimo jin\u00e9 uv\u00e1d\u00ed, \u017ee strany potvrzuj\u00ed nejenom p\u0159\u00e1n\u00ed vytvo\u0159it pevn\u00e9 z\u00e1klady spolupr\u00e1ce mezi Evropskou uni\u00ed, ale i ve St\u0159edn\u00ed Asii a cht\u011bj\u00ed pos\u00edlit dialog v makroregionu. Dialog v\u00a0regionu je d\u016fle\u017eit\u00fd v\u00edce ne\u017e nekone\u010dn\u00e9 diskuze v ned\u00e1vn\u00e9 minulosti a sou\u010dasnosti. Transformace globalizace do blok\u016f z\u00a0hlediska hospod\u00e1\u0159sk\u00e9ho, finan\u010dn\u00edho politick\u00e9ho a hodnotov\u00e9ho, a ne do multipol\u00e1rn\u00edho sv\u011bta, jak politicky korektn\u00ed m\u00e9dia a politici proces ozna\u010duj\u00ed, nut\u00ed EU podporovat ambici\u00f3zn\u00ed reformy v Kazachst\u00e1nu, \u00fa\u010dastnit se vy\u0161et\u0159ov\u00e1n\u00ed d\u011bn\u00ed z ledna 2022 apod. ji\u017e proto, \u017ee EU je hlavn\u00edm obchodn\u00edm partnerem Kazachst\u00e1nu, kter\u00fd se na zahrani\u010dn\u00edm obchodu republiky pod\u00edl\u00ed p\u0159ibli\u017en\u011b 40 %. St\u00e1ty EU nav\u00edc pat\u0159\u00ed mezi hlavn\u00ed investory zem\u011b. Do jej\u00ed ekonomiky sm\u011b\u0159uje t\u00e9m\u011b\u0159 50 % celkov\u00e9ho objemu investic.<\/p>\n<p>Uzav\u0159en\u00edm volebn\u00edho cyklu, popsan\u00e9m v \u00favodu p\u0159\u00edsp\u011bvku, vyv\u00e1\u017eenou zahrani\u010dn\u00ed politikou a realizac\u00ed hospod\u00e1\u0159sko-soci\u00e1ln\u00edch reforem, kter\u00e9 by m\u011bly podstatn\u011b zmen\u0161it rozd\u00edl mezi bohat\u00fdmi a chud\u00fdmi, mezi jednotliv\u00fdmi regiony a klany a v\u00a0neposledn\u00ed \u0159ad\u011b p\u0159iv\u00e9st korupci na \u00farove\u0148 kontroly a \u0159iditelnosti, by se Kazachst\u00e1n mohl dostat do f\u00e1ze zral\u00e9 a udr\u017eiteln\u00e9 st\u00e1tnosti s\u00a0omezenou suverenitou. Pro\u010d omezenou?<\/p>\n<p>Nab\u00edz\u00ed se relativn\u011b jednoduch\u00e1 a sou\u010dasn\u011b komplexn\u00ed odpov\u011b\u010f: Kazachst\u00e1n jako vojensky neutr\u00e1ln\u00ed st\u00e1t s\u00a0pat\u0159i\u010dn\u00fdmi z\u00e1rukami, p\u0159edev\u0161\u00edm RF, \u010cLR a USA, pota\u017emo Velkou Brit\u00e1ni\u00ed, p\u0159edstavuje jednu z\u00a0m\u00e1la mo\u017enost\u00ed, jak zmen\u0161it riziko vojensk\u00e9ho a soci\u00e1ln\u00edho konfliktu ve St\u0159edn\u00ed Asii a jak p\u0159isp\u011bt k\u00a0prosazen\u00ed m\u00edru, kter\u00fd je nezbytn\u00fd pro spravedliv\u011bj\u0161\u00ed hospod\u00e1\u0159sk\u00fd a soci\u00e1ln\u00ed syst\u00e9m a sd\u00edlenou budoucnost lidstva.<\/p>\n<p>Za p\u0159edpokladu, \u017ee M\u00edr je Kazachst\u00e1nskou vl\u00e1dou pova\u017eov\u00e1n za nenahraditelnou hodnotu a pot\u0159ebu pro dal\u0161\u00ed rozvoj zem\u011b, regionu a sv\u011bta, p\u0159ed\u010dasn\u00e9 volby na v\u0161ech \u00farovn\u00edch po zah\u00e1jen\u00ed reforem lze hodnotit i jako snahu o politickou poctivost vl\u00e1dy RK ve vztahu k ob\u010dan\u016fm zem\u011b.<\/p>\n<p>V souvislosti s nov\u00fdmi pr\u00e1vn\u00edmi normami, novou \u00fastavou, org\u00e1ny Kazachst\u00e1nu se sna\u017e\u00ed demonstrovat poctivost a otev\u0159enost prost\u0159ednictv\u00edm voleb p\u0159ed stanoven\u00fdm term\u00ednem znovu vyj\u00e1d\u0159it sv\u016fj n\u00e1zor a postoj ke zm\u011bn\u00e1m prob\u00edhaj\u00edc\u00edm v zemi a ke slo\u017een\u00ed \u00fa\u0159edn\u00edk\u016f v kl\u00ed\u010dov\u00fdch st\u00e1tn\u00edch instituc\u00edch, kvalit\u011b jejich pr\u00e1ce a \u00fa\u010dinnosti p\u0159ij\u00edman\u00fdch rozhodnut\u00ed. Jev\u00ed se mi, \u017ee prezident RK Tokajev a vl\u00e1da premi\u00e9ra ve sv\u00e9 v\u011bt\u0161in\u011b si uv\u011bdomuj\u00ed, \u017ee jak se zm\u011bnila a m\u011bn\u00ed politick\u00e1 sc\u00e9na, zm\u011bnily a m\u011bn\u00ed se i n\u00e1zory ob\u010dan\u016f a voli\u010d\u016f. P\u0159\u00edle\u017eitost vyj\u00e1d\u0159it sv\u00e9 n\u00e1zory d\u0159\u00edve, ani\u017e by \u010dekali na ukon\u010den\u00ed st\u00e1vaj\u00edc\u00edho volebn\u00edho obdob\u00ed, lze hodnot jako d\u016fkaz zm\u00edn\u011bn\u00e9ho uv\u011bdom\u011bn\u00ed.<\/p>\n<p>V\u00a0kontextu uveden\u00e9ho lze tak\u00e9 p\u0159edpokl\u00e1dat, \u017ee prost\u0159ednictv\u00edm nov\u00fdch parlamentn\u00edch voleb je mo\u017en\u00e9 kvalitativn\u011b zm\u011bnit stranick\u00e9 pole v Kazachst\u00e1nu a zv\u00fd\u0161it jeho konkurenceschopnost. V\u00fdzvou ale z\u016fst\u00e1v\u00e1 skute\u010dnost, \u017ee doba tradi\u010dn\u00edch politick\u00fdch stran a modern\u00edch hnut\u00ed je prakticky v\u00a0odch\u00e1zen\u00ed bez \u0161ance na n\u00e1vrat.<\/p>\n<p>V\u00a0sou\u010dasn\u00e9m Kazachst\u00e1nu nadch\u00e1zej\u00edc\u00ed volby by m\u011bly umo\u017enit vytvo\u0159en\u00ed konkurenceschopn\u011bj\u0161\u00edho syst\u00e9mu v\u00edce stran. Ten pova\u017euje vl\u00e1da jako nezbytn\u00fd pro rozvoj siln\u00e9 a stabiln\u00ed demokracie, proto\u017ee (pr\u00fd) zastupuje z\u00e1jmy r\u016fzn\u00fdch skupin spole\u010dnosti, proto\u017ee zm\u011bna volebn\u00edho prost\u0159ed\u00ed a zv\u00fd\u0161en\u00ed po\u010dtu politick\u00fdch stran (pr\u00fd) povede k reprezentativn\u011bj\u0161\u00edmu a rozmanit\u011bj\u0161\u00edmu parlamentu, zlep\u0161en\u00ed kvalitu spr\u00e1vy v\u011bc\u00ed ve\u0159ejn\u00fdch a ve\u0159ejn\u00e9 politiky v Kazachst\u00e1nu.<\/p>\n<p>V\u00a0neposledn\u00ed \u0159ad\u011b p\u0159ed\u010dasn\u00fdmi parlamentn\u00edmi volbami a \u00fastavn\u00edmi zm\u011bnami Kazachst\u00e1n zahajuje proces vytv\u00e1\u0159en\u00ed civilizovan\u00fdch politick\u00fdch tradic v\u00a0zemi sev\u0159en\u00e9 z\u00e1jmy rival\u016f, nep\u0159\u00e1tel a konkurent\u016f: RF, \u010cLR a USA, pota\u017emo s\u00a0Velkou Brit\u00e1ni\u00ed. P\u0159edpoklad, \u017ee nadch\u00e1zej\u00edc\u00ed volby s vysokou pravd\u011bpodobnost\u00ed zajist\u00ed dopln\u011bn\u00ed doln\u00ed komory parlamentu o nov\u00e9 tv\u00e1\u0159e a my\u0161lenky se m\u016f\u017ee splnit, nep\u0159edstavuje ale garanci pro \u00fasp\u011bch vl\u00e1dn\u00edho programu. P\u0159esto je mo\u017en\u00e9 o\u010dek\u00e1vat, \u017ee obnova slo\u017een\u00ed politick\u00fdch elit a konkuren\u010dn\u00edho politick\u00e9ho prost\u0159ed\u00ed, povede k zah\u00e1jen\u00ed formov\u00e1n\u00ed nov\u00e9 politick\u00e9 praxe: pravideln\u00e9ho p\u0159ed\u00e1v\u00e1n\u00ed moci bez jak\u00fdchkoli n\u00e1siln\u00fdch p\u0159echod\u016f, d\u011bdi\u010dnosti a nepotismu, tj. obsazov\u00e1n\u00ed funkc\u00ed, v n\u011bm\u017e jsou preferov\u00e1ni p\u0159\u00edbuzn\u00ed, p\u0159\u00e1tel\u00e9 \u010di sp\u0159\u00edzn\u011bn\u00e9 osoby proti ostatn\u00edm, nez\u0159\u00eddka l\u00e9pe kvalifikovan\u00fdm kandid\u00e1t\u016fm. Sou\u010dasn\u00e1 z\u00e1padn\u00ed demokracie nep\u0159edstavuje vzor pro Kazachst\u00e1n. Ji\u017e proto bude zaj\u00edmav\u00e9 monitorovat vnitro a zahrani\u010dn\u011b politick\u00fd a t\u00edm i hospod\u00e1\u0159sky v\u00fdvoj v\u00a0Kazachst\u00e1nu.<\/p>\n<p>Co bylo a pravd\u011bpodobn\u011b z\u016fstane na p\u0159edstavitelnou dobu charakteristick\u00fdm rysem voleb v\u00a0Kazachst\u00e1nu? Odpov\u011b\u010f je jednoduch\u00e1: Byl to velk\u00fd po\u010det nez\u00e1visl\u00fdch kandid\u00e1t\u016f. Velk\u00fd po\u010det ale negarantuje kvalitu kandid\u00e1t\u016f, pouze indikuje demokratizaci spole\u010dnosti. Proto p\u0159ed\u010dasn\u00e9 volby by m\u011bly zajistit p\u0159\u00edliv v\u011bt\u0161\u00edho po\u010dtu nez\u00e1visl\u00fdch osobnost\u00ed do politick\u00e9ho \u017eivota a poprv\u00e9 od roku 2004 vr\u00e1tit do volebn\u00edho syst\u00e9mu praxi voleb z prvn\u00edch volebn\u00edch obvod\u016f. P\u0159edb\u011b\u017en\u00e9 hodnocen\u00ed kandid\u00e1tn\u00edch listin indikuje z\u00e1jem osobnost\u00ed ve\u0159ejn\u00e9ho \u017eivota a aktivist\u016f, kte\u0159\u00ed d\u0159\u00edve nem\u011bli s politikou nic spole\u010dn\u00e9ho. Jsou mezi nimi i ti, kte\u0159\u00ed otev\u0159en\u011b kritizuj\u00ed n\u011bkter\u00e9 iniciativy sou\u010dasn\u00e9 vl\u00e1dy. To indikuje, \u017ee dnes neexistuj\u00ed nep\u0159ekonateln\u00e9 p\u0159ek\u00e1\u017eky pro nominaci lid\u00ed bez ohledu na jejich politick\u00e9 n\u00e1zory.<\/p>\n<p><span style=\"font-size: 18pt;\"><strong>Z\u00e1v\u011br s p\u0159\u00edkladem<\/strong><\/span><\/p>\n<p>S \u00factou k\u00a0autorovi p\u0159\u00edsp\u011bvku se p\u0159ed bankrotem (10. b\u0159ezna) nejv\u011bt\u0161\u00ed banky USA &#8211; Silicon Valley Bank, obr\u00e1til doktor ekonomie, profesor Kuandyk Dauylbayev s\u00a0n\u00e1vrhem projektu a prosbou o radu. Napsal:<\/p>\n<p><em>Zm\u011bna prezidenta Republiky Kazachst\u00e1n a realizace programu prezidenta Tokajeva &#8222;\u017dana Kazachst\u00e1n&#8220; (Nov\u00fd Kazachst\u00e1n), otev\u0159ela nov\u00e9, perspektivn\u00ed mo\u017enosti pro podnik\u00e1n\u00ed a zejm\u00e9na Finan\u010dn\u00ed podnik\u00e1n\u00ed. Nov\u00e1 privilegia stanoven\u00e1 zm\u011bnou legislativy, pe\u010dliv\u00e1 kontrola pln\u011bn\u00ed ze strany administrativy prezidenta, to v\u0161e otev\u00edr\u00e1 nov\u00e9 mo\u017enosti pro mezin\u00e1rodn\u00ed obchod a ekonomiku Kazachst\u00e1nu.\u00a0 <\/em><\/p>\n<p><em>V sou\u010dasn\u00e9 dob\u011b je v Republice Kazachst\u00e1n akutn\u00ed probl\u00e9m s &#8222;dostupn\u00fdm&#8220; bydlen\u00edm pro obyvatelstvo. St\u00e1t nem\u00e1 \u017e\u00e1dn\u00fd n\u00e1kladov\u011b efektivn\u00ed, skute\u010dn\u011b funguj\u00edc\u00ed program na zaji\u0161t\u011bn\u00ed dostupn\u00e9ho bydlen\u00ed, p\u0159esto\u017ee se jedn\u00e1 o jeden z nejpal\u010div\u011bj\u0161\u00edch soci\u00e1ln\u00edch a ekonomick\u00fdch probl\u00e9m\u016f Kazachst\u00e1nu. J\u00e1 a moji asistenti z oblasti ekonomie a pr\u00e1va jsme vypracovali unik\u00e1tn\u00ed, vysoce rentabiln\u00ed ekonomick\u00fd program &#8222;Cor Leasing&#8220; na zaji\u0161t\u011bn\u00ed dostupn\u00e9ho bydlen\u00ed pro obyvatelstvo. Tento program je chr\u00e1n\u011bn autorsk\u00fdm osv\u011bd\u010den\u00edm \u010d. 31820 ze dne 17. 1. 2023. Prezentace tohoto programu v prezidentsk\u00e9 administrativ\u011b, na ministerstvech a u akim\u016f (gubern\u00e1tor\u016f) oblast\u00ed vyvolala velk\u00fd z\u00e1jem a p\u0159inesla jen pozitivn\u00ed ohlasy na pot\u0159ebu rychl\u00e9 realizace programu &#8222;Cor Leasing&#8220; v ekonomice Kazachst\u00e1nu.<\/em><\/p>\n<p>Pro\u010d se zmi\u0148uji o dopisu z\u00a0Kazachst\u00e1nu s\u00a0prosbou o radu v\u00a0z\u00e1v\u011bru p\u0159\u00edsp\u011bvku?<\/p>\n<p>Je tomu p\u0159edev\u0161\u00edm proto, \u017ee realizace volebn\u00edho cyklu, popsan\u00e9m v p\u0159\u00edsp\u011bvku, vyv\u00e1\u017een\u00e1 zahrani\u010dn\u00ed politika a realizace hospod\u00e1\u0159sko-soci\u00e1ln\u00edch reforem, a v neposledn\u00ed \u0159ad\u011b korupce na \u00farovni kontroly a \u0159iditelnosti, nebudou dostate\u010dn\u00e9 Kazachst\u00e1n dostat se do f\u00e1ze zral\u00e9 a udr\u017eiteln\u00e9 st\u00e1tnosti s omezenou suverenitou bez pat\u0159i\u010dn\u00fdch reforem finan\u010dn\u00edho a bankovn\u00edho syst\u00e9mu, v\u010detn\u011b vytvo\u0159en\u00ed alternativn\u00edho modern\u00edho, zalo\u017een\u00e9ho na komodit\u00e1ch, kter\u00fdch m\u00e1 Kazachst\u00e1n v\u00edce, ne\u017e bude kdy pot\u0159ebovat a Z\u00e1pad, p\u0159edev\u0161\u00edm EU m\u00e1lo nebo \u017e\u00e1dn\u00e9, kter\u00e9 ale pot\u0159ebuje pro technologick\u00fd rozvoj a udr\u017een\u00ed sv\u00e9 konkurenceschopnosti v\u016f\u010di RF a \u010cLR.<\/p>\n<p>Pro informaci a potenci\u00e1ln\u00ed z\u00e1jemce o aktivity v\u00a0Kazachst\u00e1nu uv\u00e1d\u00edm, \u017ee v sou\u010dasn\u00e9 dob\u011b je v Kazachst\u00e1nu 15 leasingov\u00fdch spole\u010dnost\u00ed. V\u0161echny se zab\u00fdvaj\u00ed pouze prodejem automobil\u016f s akontac\u00ed ve v\u00fd\u0161i 20-30 % hodnoty a ziskovost\u00ed ve v\u00fd\u0161i cca 25 % ro\u010dn\u011b. Lze tvrdit, \u017ee leasingov\u00e9 podnik\u00e1n\u00ed v Kazachst\u00e1nu je prakticky nerozvinut\u00e9, a \u017ee v\u010dasn\u00fd, profesion\u00e1ln\u00ed a ekonomicky kompetentn\u00ed vstup na leasingov\u00fd trh s\u00a0byty v Kazachst\u00e1n m\u016f\u017ee p\u0159in\u00e9st zisky v\u00a0prakticky bezrizikov\u00e9m odv\u011btv\u00ed ekonomiky, o kter\u00fdch se v\u00a0EU m\u016f\u017ee jenom sn\u00edt, krom\u011b vojensk\u00e9ho pr\u016fmyslu. Ot\u00e1zkou z\u016fst\u00e1v\u00e1: Jak dlouho a kdo to zkus\u00ed jako prvn\u00ed? Souhlasu net\u0159eba.<\/p>\n<p><em>Jan Campbell<\/em><br \/>\n<em> 10.3. 2023.<\/em><\/p>\n<p><img decoding=\"async\" loading=\"lazy\" class=\"alignnone size-medium wp-image-650\" src=\"http:\/\/www.infokuryr.cz\/n\/wp-content\/uploads\/2021\/04\/Jan-cambell-300x146.jpg\" alt=\"\" width=\"300\" height=\"146\" srcset=\"https:\/\/www.infokuryr.cz\/n\/wp-content\/uploads\/2021\/04\/Jan-cambell-300x146.jpg 300w, https:\/\/www.infokuryr.cz\/n\/wp-content\/uploads\/2021\/04\/Jan-cambell.jpg 632w\" sizes=\"(max-width: 300px) 100vw, 300px\" \/><\/p>\n<p>_____________________________<\/p>\n<p>&nbsp;<\/p>\n<p>&nbsp;<\/p>\n<p><img decoding=\"async\" loading=\"lazy\" class=\"wp-image-19187 aligncenter\" src=\"http:\/\/www.infokuryr.cz\/n\/wp-content\/uploads\/2022\/12\/1-PRO-300x36.jpg\" alt=\"\" width=\"1175\" height=\"141\" srcset=\"https:\/\/www.infokuryr.cz\/n\/wp-content\/uploads\/2022\/12\/1-PRO-300x36.jpg 300w, https:\/\/www.infokuryr.cz\/n\/wp-content\/uploads\/2022\/12\/1-PRO.jpg 699w\" sizes=\"(max-width: 1175px) 100vw, 1175px\" \/><\/p>\n<p>&nbsp;<\/p>\n<p><img decoding=\"async\" loading=\"lazy\" class=\"wp-image-24430 aligncenter\" src=\"http:\/\/www.infokuryr.cz\/n\/wp-content\/uploads\/2023\/03\/pozvanka-teplice-pro-300x156.jpg\" alt=\"\" width=\"913\" height=\"475\" srcset=\"https:\/\/www.infokuryr.cz\/n\/wp-content\/uploads\/2023\/03\/pozvanka-teplice-pro-300x156.jpg 300w, https:\/\/www.infokuryr.cz\/n\/wp-content\/uploads\/2023\/03\/pozvanka-teplice-pro.jpg 1272w\" sizes=\"(max-width: 913px) 100vw, 913px\" \/><\/p>\n<p>&nbsp;<\/p>\n<p>&nbsp;<\/p>\n","protected":false},"excerpt":{"rendered":"<p>\u00davod B\u011bhem 13-14 m\u011bs\u00edc\u016f od lednov\u00fdch krvav\u00fdch ud\u00e1lost\u00ed roku 2022, o kter\u00fdch jsem podrobn\u011b psal&#8230;<\/p>\n","protected":false},"author":2,"featured_media":24431,"comment_status":"closed","ping_status":"closed","sticky":false,"template":"","format":"standard","meta":[],"categories":[6],"tags":[1042,59,41,1203,1338],"_links":{"self":[{"href":"https:\/\/www.infokuryr.cz\/n\/wp-json\/wp\/v2\/posts\/24428"}],"collection":[{"href":"https:\/\/www.infokuryr.cz\/n\/wp-json\/wp\/v2\/posts"}],"about":[{"href":"https:\/\/www.infokuryr.cz\/n\/wp-json\/wp\/v2\/types\/post"}],"author":[{"embeddable":true,"href":"https:\/\/www.infokuryr.cz\/n\/wp-json\/wp\/v2\/users\/2"}],"replies":[{"embeddable":true,"href":"https:\/\/www.infokuryr.cz\/n\/wp-json\/wp\/v2\/comments?post=24428"}],"version-history":[{"count":0,"href":"https:\/\/www.infokuryr.cz\/n\/wp-json\/wp\/v2\/posts\/24428\/revisions"}],"wp:featuredmedia":[{"embeddable":true,"href":"https:\/\/www.infokuryr.cz\/n\/wp-json\/wp\/v2\/media\/24431"}],"wp:attachment":[{"href":"https:\/\/www.infokuryr.cz\/n\/wp-json\/wp\/v2\/media?parent=24428"}],"wp:term":[{"taxonomy":"category","embeddable":true,"href":"https:\/\/www.infokuryr.cz\/n\/wp-json\/wp\/v2\/categories?post=24428"},{"taxonomy":"post_tag","embeddable":true,"href":"https:\/\/www.infokuryr.cz\/n\/wp-json\/wp\/v2\/tags?post=24428"}],"curies":[{"name":"wp","href":"https:\/\/api.w.org\/{rel}","templated":true}]}}