{"id":24422,"date":"2023-03-14T06:12:41","date_gmt":"2023-03-14T05:12:41","guid":{"rendered":"http:\/\/www.infokuryr.cz\/n\/?p=24422"},"modified":"2023-03-14T07:22:52","modified_gmt":"2023-03-14T06:22:52","slug":"medialni-hovinka-lxxvi","status":"publish","type":"post","link":"https:\/\/www.infokuryr.cz\/n\/2023\/03\/14\/medialni-hovinka-lxxvi\/","title":{"rendered":"Medi\u00e1ln\u00ed hov\u00ednka LXXVI."},"content":{"rendered":"<div id=\"fb-root\"><\/div>\n<p>\u201e<em>Sklad alkoholu v L\u00e1nech byl nalezen t\u00e9m\u011b\u0159 pr\u00e1zdn\u00fd,<\/em>\u201c\u00a0<a href=\"https:\/\/www.seznamzpravy.cz\/clanek\/domaci-politika-sklad-alkoholu-v-lanech-byl-nalezen-temer-prazdny-oznamila-prezidentska-kancelar-227150#dop_ab_variant=891001&amp;dop_source_zone_name=zpravy.sznhp.box&amp;source=hp&amp;seq_no=1&amp;utm_campaign=abtest209_meranie_spent_time_varB&amp;utm_medium=z-boxiku&amp;utm_source=www.seznam.cz\">informuje<\/a>\u00a0Seznam. No, tahle informace p\u0159ekvapila po deseti letech pobytu Milo\u0161e Zemana v L\u00e1nech asi jen m\u00e1lokoho.<span id=\"more-5734\"><\/span><\/p>\n<p><span style=\"font-size: 18pt;\"><strong>Kdo se boj\u00ed, nezlob\u00ed<\/strong><\/span><\/p>\n<p>Britsk\u00e1 vl\u00e1da v dob\u011b pl\u00e1ndemie z\u00e1m\u011brn\u011b\u00a0<a href=\"https:\/\/www.idnes.cz\/zpravy\/zahranicni\/hancock-covid-britanie-lockdown-pandemie-strach.A230306_090847_zahranicni_safaj\">\u0161\u00ed\u0159ila<\/a>\u00a0strach. Proto\u017ee vystra\u0161en\u00fd ob\u010dan se tak n\u011bjak l\u00edp ovl\u00e1d\u00e1. Na\u0161t\u011bst\u00ed \u0161lo o selh\u00e1n\u00ed psychicky labiln\u00edho jedince a nikoliv o\u00a0 zcela b\u011b\u017en\u00fd a syst\u00e9mov\u00fd mocensk\u00fd n\u00e1stroj nap\u0159\u00ed\u010d re\u017eimy. Proto\u017ee demokratick\u00e9 zem\u011b by n\u011bco takov\u00e9ho nikdy neprovozovaly. Strach z n\u011b\u010deho nebo n\u011bkoho v lidech kv\u016fli jejich ovladatelnosti p\u011bstuj\u00ed v\u00fdhradn\u011b jen odpudiv\u00e9 totalitn\u00ed re\u017eimy. Tak nap\u0159\u00edklad sou\u010dasn\u00e1 z\u00e1padn\u00ed masov\u00e1 protirusk\u00e1 hysterie stylu:\u00a0<em>Za v\u0161echno m\u016f\u017ee Putin!<\/em>, je vyvol\u00e1v\u00e1na ruskou propagandou a prorusk\u00fdmi zaprodanci.<\/p>\n<p><span style=\"font-size: 18pt;\"><strong>Heur\u00e9ka! Funguje to!<\/strong><\/span><\/p>\n<p>Estonsk\u00e9 volby op\u011bt jednozna\u010dn\u011b\u00a0<a href=\"https:\/\/www.lidovky.cz\/svet\/estonsko-parlament-parlamentni-volby-kallasova-reformni-strana.A230306_004916_ln_zahranici_atv\">vyhr\u00e1li<\/a>\u00a0vl\u00e1dnouc\u00ed rusofobn\u00ed eurohuje\u0159i. Co\u017e z\u0159ejm\u011b u n\u00e1s na Z\u00e1pad\u011b nikoho tak n\u011bjak asi ani nep\u0159ekvapilo. Jsou prost\u011b nejlep\u0161\u00ed,\u00a0marn\u00e1 sl\u00e1va, lidi to vid\u00ed, maj\u00ed se d\u00edky tomu toti\u017e l\u00edp a l\u00edp, a proto je furt dokola v\u0161ude v\u0161ichni vol\u00ed. Zaj\u00edmav\u00e9 na tom nicm\u00e9n\u011b je, \u017ee po se\u010dten\u00ed hlas\u016f z uren drtiv\u011b vedla\u00a0<em>pravicov\u011b<\/em>\u00a0<em>populistick\u00e1<\/em>\u00a0opozice a v drtiv\u00e9 v\u00edt\u011bzstv\u00ed eurohujer\u016f se volby zm\u011bnily a\u017e po se\u010dten\u00ed internetov\u00fdch hlas\u016f. Co z toho plyne? \u017de tu pravou a dokonalou demokracii okus\u00edme a\u017e se zaveden\u00edm koresponden\u010dn\u00ed volby.<\/p>\n<p><span style=\"font-size: 18pt;\"><strong>Demokratick\u00fd plyn<\/strong><\/span><\/p>\n<p>\u201e<em>Norsk\u00fd plyn je lep\u0161\u00ed ne\u017e rusk\u00fd,<\/em>\u201c\u00a0<a href=\"https:\/\/www.novinky.cz\/clanek\/ekonomika-norsky-plyn-je-lepsi-nez-rusky-kotel-se-mu-ale-musi-prizpusobit-tvrdi-odbornici-40425184#dop_ab_variant=0&amp;dop_source_zone_name=novinky.sznhp.box&amp;source=hp&amp;seq_no=3&amp;utm_campaign=abtest209_meranie_spent_time_varB&amp;utm_medium=z-boxiku&amp;utm_source=www.seznam.cz\">p\u00ed\u0161ou<\/a>\u00a0ze zoufalstv\u00ed po pr\u016fseru Hovinka. Jist\u011b. Co m\u016f\u017ee taky oddan\u011b prore\u017eimn\u00ed zpravodajsk\u00fd web napsat jin\u00e9ho, \u017ee. Sice stoj\u00ed asi t\u0159ikr\u00e1t tolik, proto\u017ee Norov\u00e9 ho maj\u00ed m\u00e1lo a doprava je slo\u017eit\u00e1, p\u0159i\u010dem\u017e v\u00e1m jako demokratick\u00fd bonus zasere kotel, ale neberte to. Kdy\u017e jste se t\u00edm zbavili z\u00e1vislosti na dod\u00e1vk\u00e1ch levn\u00e9ho plynu z bezedn\u00e9ho zdroje zaveden\u00fdmi cestami, kter\u00fd kotel\u00a0 ni\u010d\u00edm nezas\u00edr\u00e1.<\/p>\n<p><span style=\"font-size: 18pt;\"><strong>Kolik vi\u0161n\u00ed, tolik demonstrant\u016f<\/strong><\/span><\/p>\n<p>M\u00e1m r\u00e1d \u010desk\u00e1 m\u00e9dia. Hlavn\u011b jejich schopnost upl\u00e9st z hovna bi\u010d. A samoz\u0159ejm\u011b i naopak. Nebo to fascinuj\u00edc\u00ed dr\u017een\u00ed basy. Nap\u0159\u00edklad v\u010dera na V\u00e1clav\u00e1ku byly prokazateln\u011b des\u00edtky tis\u00edc lid\u00ed. Presstituti nap\u0159\u00ed\u010d m\u00e9dii ov\u0161em v\u0161ichni svorn\u011b uv\u00e1d\u011bli \u201e<em>tis\u00edce<\/em>\u201c \u2013 tedy pod 10 tis\u00edc. Hovinky, asi v touze vyhr\u00e1t onen tajn\u00fd z\u00e1vod o nejv\u011bt\u0161\u00ed medi\u00e1ln\u00ed pytel hoven, s bol\u0161evickou rozhodnost\u00ed\u00a0<a href=\"https:\/\/www.novinky.cz\/clanek\/domaci-foto-demonstrace-cesko-proti-bide-prilakala-nekolik-tisic-nespokojenych-lidi-40425575#dop_ab_variant=1&amp;dop_source_zone_name=novinky.sznhp.box&amp;source=hp&amp;seq_no=7&amp;utm_campaign=abtest209_meranie_spent_time_varB&amp;utm_medium=z-boxiku&amp;utm_source=www.seznam.cz\">napsaly<\/a>\u00a0dokonce odv\u00e1\u017en\u011b \u201e<em>n\u011bkolik tis\u00edc<\/em>.\u201c Narativ toti\u017e zn\u00ed, \u017ee to byla demonstrace prorusk\u00fdch dutohlav\u016f. A na tu by p\u0159ece des\u00edtky tis\u00edc ob\u010dan\u016f nikdy nep\u0159i\u0161ly. Napsaly by pochopiteln\u011b s radost\u00ed \u201e<em>stovky,\u201c<\/em>\u00a0ale to by nesm\u011bly existovat\u00a0<em>internety<\/em>. Taky se mi moc l\u00edbilo pokryt\u00ed \u010ceskou televiz\u00ed. Vstup v odpoledn\u00edch zpr\u00e1v\u00e1ch, celkem 30 sekund, z toho 20 sekund pixelov\u00e9 kosti\u010dky a chr chr chr a 10 sekund ticho. N\u00e1sledovalo sd\u011blen\u00ed, \u017ee v centru Prahy z\u0159ejm\u011b vypadl mobiln\u00ed sign\u00e1l\u2026. Ve\u010der to sam\u00e9, v bled\u011b modr\u00e9m. Po\u00a0<a href=\"https:\/\/www.ceskatelevize.cz\/porady\/1097181328-udalosti\/223411000100311\/\">d\u016fle\u017eit\u00fdch<\/a>\u00a0informac\u00edch typu jak si stoj\u00ed hypot\u00e9ky \u010di, \u017ee vokurky dostanou zase p\u0159id\u00e1no, n\u00e1sledovalo 30 sekund trapnosti s osv\u011bd\u010den\u00fdm soudruhem redaktorem Hynkem, kter\u00fd si pochopiteln\u011b z davu pe\u010dliv\u011b vybral ideov\u011b vhodn\u00e9 zdroje informac\u00ed. O rozhovoru s organiz\u00e1torem, ne\u0159ku-li o jeho pozv\u00e1n\u00ed do studia, jako se to d\u011blo t\u0159eba Min\u00e1\u0159ovi, si div\u00e1k \u010cT mohl kupodivu nechat zd\u00e1t. A tak mus\u00edme my, co jsme tam nebyli, co se\u00a0 motiv\u016f demonstrant\u016f t\u00fd\u010de, zase jenom t\u00e1pat, podl\u00e9hat dezinformac\u00edm z neschv\u00e1len\u00fdch zdroj\u016f, nebo se spolehnout na ofici\u00e1ln\u00ed schv\u00e1lenou verzi. Kter\u00e1 m\u00e1 ov\u0161em drobnou vadu na kr\u00e1se. P\u0159edkl\u00e1daj\u00ed ji ti, proti kter\u00fdm se demonstrovalo nebo ti, co jim hlasit\u011b tleskaj\u00ed.<\/p>\n<p><span style=\"font-size: 18pt;\"><strong>Zase jsme nejlep\u0161\u00ed<\/strong><\/span><\/p>\n<p>Rovn\u011b\u017e je\u0161t\u011b tepl\u00fd ministr \u017eivotn\u00edho prost\u0159ed\u00ed n\u00e1s\u00a0<a href=\"https:\/\/cnn.iprima.cz\/hladik-o-green-dealu-a-jeho-nutnosti-pro-cesko-207148?utm_source=www.seznam.cz&amp;utm_medium=sekce-z-internetu#dop_ab_variant=884810&amp;dop_source_zone_name=hpfeed.sznhp.box\">informoval<\/a>, \u017ee\u00a0<em>\u010cesko se otepluje dvakr\u00e1t rychleji ne\u017e zbytek sv\u011bta\u00a0<\/em>a proto mus\u00edme do Green Dealu taky \u0161l\u00e1pnout dvakr\u00e1t rychleji. Vida. Nechci nikomu mluvit do \u0159emesla, zvl\u00e1\u0161t\u011b ne dokonal\u00fdm \u010desk\u00fdm \u017eurnalist\u016fm, ale na prvn\u00ed dobrou se mi v reakci na onu environment\u00e1ln\u00ed perli\u010dku moudrosti v hlav\u011b okam\u017eit\u011b rozblikala ot\u00e1zka: \u201e<em>Jak na takovou kravinu asi soudruh ministr p\u0159i\u0161el?\u201c<\/em>\u00a0Kter\u00e1, a to jsem velice p\u0159ekvapen\u00fd, kupodivu v rozhovoru nepadla. Respektive 3. Jde o takzvan\u00e9\u00a0<em>t\u0159i ot\u00e1zky profesora Sowella<\/em>, kter\u00e9 lze s celkem slu\u0161n\u00fdm \u00fasp\u011bchem pou\u017e\u00edt pr\u00e1v\u011b na takov\u00e1to origin\u00e1ln\u00ed prohl\u00e1\u0161en\u00ed supluj\u00edc\u00ed zjevn\u011b test inteligence poslucha\u010de. Ot\u00e1zky zn\u00ed: 1. \u010c\u00edm to m\u00e1te podlo\u017een\u00e9? 2. Jak\u00e9 jsou alternativy? 3. Kolik to bude st\u00e1t?<\/p>\n<p><span style=\"font-size: 18pt;\"><strong>Padouch nebo hrdina, jsme jedna \u0161\u0165astn\u00e1 rodina<\/strong><\/span><\/p>\n<p>Jak b\u00fdv\u00e1 zvykem, m\u011bl nov\u00fd prezident inaugura\u010dn\u00ed projev. Co se t\u00fd\u010de jeho kvality se shoduji s Klausem, bylo to taktak na\u00a0<em>nepotlesk<\/em>. Co taky \u010dekat od\u00a0<em>pr\u00e1zdn\u00e9ho metrosexu\u00e1ln\u00edho hajn\u00fdho<\/em>. Jedna pas\u00e1\u017e ale byla p\u0159esto, sv\u00fdm zp\u016fsobem, zaj\u00edmav\u00e1, cituji: \u201e<em>Nen\u00ed pravda, \u017ee je na to na\u0161e spole\u010dnost p\u0159\u00edli\u0161 rozd\u011blen\u00e1. Sp\u00ed\u0161e jsme si jen zvykli v\u00edce mluvit o\u00a0tom, co ji rozd\u011bluje. Nar\u00e1\u017e\u00edme na ostr\u00e9 hrany a\u00a0upozor\u0148ujeme na probl\u00e9my, kter\u00e9 mezi n\u00e1s vr\u00e1\u017e\u00ed kl\u00edn. P\u0159itom bychom m\u011bli mnohem v\u00edce mluvit o\u00a0tom, co n\u00e1s spojuje\u2026<\/em>\u201c Vida. Tak\u017ee jsme v\u0161ichni takov\u00e1 jedna velk\u00e1, spokojen\u00e1\u00a0 a \u0161\u0165astn\u00e1 rodina, kter\u00e1 by, aby byla je\u0161t\u011b \u0161\u0165astn\u011bj\u0161\u00ed a spokojen\u011bj\u0161\u00ed, m\u011bla v\u00edc mluvit o l\u00e1sce, \u0161t\u011bst\u00ed a spokojenosti. M\u00edsto aby mezi n\u00e1s \u0161\u0165astlivce r\u016fzn\u00ed \u0161\u0165ouralov\u00e9 vr\u00e1\u017eeli kl\u00edny \u0159e\u010dmi o tom, \u017ee d\u00e1t babi\u010dku s d\u011bdou do kompostu, man\u017eelku nutit k prostituci, dceru prodat do jihoamerick\u00e9ho nev\u011bstince, str\u00fd\u010dka na org\u00e1ny a syna d\u00e1t do u\u010den\u00ed na dealera drog, nen\u00ed v norm\u00e1ln\u00ed rodin\u011b tak \u00fapln\u011b ko\u0161er.<\/p>\n<p><span style=\"font-size: 18pt;\"><strong>Kterak si vl\u00e1da p\u0159idala a d\u016fchodc\u016fm nasrala<\/strong><\/span><\/p>\n<p>Vl\u00e1dn\u00ed politici si v prosinci\u00a0<a href=\"https:\/\/ct24.ceskatelevize.cz\/domaci\/3550012-platy-ustavnich-cinitelu-vzrostou-zhruba-o-trinact-procent-opozice-je-kriticka\">p\u0159idali<\/a>. Proto\u017ee je na to z\u00e1kon a z\u00e1kony se\u00a0 v pr\u00e1vn\u00edm st\u00e1t\u011b mus\u00ed dodr\u017eovat. Aby n\u00e1sledn\u011b v b\u0159eznu\u00a0<a href=\"https:\/\/www.seznamzpravy.cz\/clanek\/domaci-politika-vladni-navrh-na-nizsi-valorizaci-duchodu-odolava-pokusum-o-odroceni-debaty-227004\">odm\u00edtli<\/a>\u00a0p\u0159idat d\u016fchodc\u016fm. Proto\u017ee je na to sice taky z\u00e1kon, ale tenhle se v pr\u00e1vn\u00edm st\u00e1t\u011b dodr\u017eet nemus\u00ed. Byla by to toti\u017e pro rozpo\u010det moc velk\u00e1 z\u00e1t\u011b\u017e. A krom\u011b toho, d\u016fchodci jako jedin\u00ed\u00a0<a href=\"https:\/\/www.denik.cz\/ekonomika\/duchody-2023-valorizace.html\">nev\u00ed<\/a>, co s pen\u011bzma, zat\u00edmco politici, dlouhodob\u011b t\u0159ouc\u00ed b\u00eddu\u00a0 s nouz\u00ed, si u\u017e dva roky nep\u0159idali a mnoh\u00fdm proto hroz\u00ed exekuce. M\u00e1m r\u00e1d eurohujerskou logiku. Je v\u017edycky takov\u00e1\u2026.logick\u00e1. Jsem asi divnej, ale j\u00e1 vid\u00edm daleko v\u011bt\u0161\u00ed, a daleko zbytn\u011bj\u0161\u00ed z\u00e1t\u011b\u017ee rozpo\u010dtu, ne\u017e jsou vyhl\u00e1\u0161en\u011b z\u00e1vratn\u00e9 \u010desk\u00e9 d\u016fchody. N\u00e1klady na valorizaci penz\u00ed by nap\u0159\u00edklad v pohod\u011b pokrylo u\u017e jen leto\u0161n\u00ed 20 miliardov\u00e9\u00a0<a href=\"https:\/\/ct24.ceskatelevize.cz\/domaci\/3522550-rozpocet-obrany-vzroste-o-dvacet-miliard-shodli-se-stanjura-a-cernochova\">nav\u00fd\u0161en\u00ed<\/a>\u00a0rozpo\u010dtu ministerstva m\u00edru. Jin\u00fdmi slovy \u2013 \u010de\u0161t\u00ed d\u016fchodci budou sponzorovat zahrani\u010dn\u00ed zbroja\u0159sk\u00e9 koncerny. A s prstem v nose by valorizaci pokryla i jen p\u016flka toho, co vl\u00e1da zat\u00edm m\u00edsto do \u010desk\u00fdch d\u016fchodc\u016f nasypala do\u00a0<a href=\"https:\/\/www.idnes.cz\/zpravy\/domaci\/ukrajina-fiala-ceska-vlada-zbrane-valka-na-ukrajine-pomoc.A230222_184523_domaci_ihav\">Ukrajiny<\/a>\u00a0a\u00a0<a href=\"https:\/\/www.fintag.cz\/2023\/02\/16\/vydaje-na-uprchliky-z-ukrajiny-dosahly-285-miliardy\/\">Ukrajinc\u016f<\/a>.<\/p>\n<p><span style=\"font-size: 18pt;\"><strong>Zpr\u00e1vy z v\u00fdchodn\u00ed fronty<\/strong><\/span><\/p>\n<p>Dne\u0161n\u00ed premi\u00e9rov\u00e9 Zpr\u00e1vy z v\u00fdchodn\u00ed fronty, kter\u00e9 n\u00e1s v t\u00e9to form\u011b budou prov\u00e1zet a\u017e do kone\u010dn\u00e9ho v\u00edt\u011bzstv\u00ed Ukrajiny, tak\u017ee u\u017e jen kr\u00e1tce, zahajujeme informac\u00ed z p\u0159edn\u00edch americk\u00fdch m\u00e9di\u00ed. Prezentuj\u00ed toti\u017e tak pr\u016fhlednou ruskou dezinformaci, \u017ee j\u00ed krom\u011b dosud ideologicky t\u00e1paj\u00edc\u00ed redakce Echo24 u n\u00e1s v\u0161ichni ostatn\u00ed jako dezinformaci identifikovali a proto ji nep\u0159evzali.<\/p>\n<p>Po d\u011blech, tanc\u00edch, gran\u00e1tech, letadlech a vrtuln\u00edc\u00edch\u00a0<a href=\"https:\/\/echo24.cz\/a\/HCkFR\/zpravy-zahranici-valka-na-ukrajine-problemy-mobilizace\">doch\u00e1zej\u00ed<\/a>\u00a0u\u017e rok permanentn\u011b k v\u00edt\u011bzstv\u00ed kr\u00e1\u010dej\u00edc\u00ed Ukrajin\u011b podle americk\u00fdch zdroj\u016f i samotn\u00ed Ukrajinci. Tak\u017ee, proto\u017ee st\u00e1le plat\u00ed premisa, \u017ee Ukrajinu Rusku ned\u00e1me, rad\u0161i ji zbour\u00e1me, se znovu pt\u00e1m: A\u017e nebude koho chytat na ukrajinsk\u00fdch sjezdovk\u00e1ch a v obchodn\u00edch centrech, a\u017e dojdou i\u00a0<a href=\"https:\/\/www.idnes.cz\/zpravy\/zahranicni\/ukrajina-mobilizace-odvody-branci.A230228_141138_zahranicni_aha\">mrz\u00e1ci<\/a>,\u00a0<strong>KDO<\/strong>\u00a0zapln\u00ed ty pr\u00e1zdn\u00e9 ukrajinsk\u00e9 z\u00e1kopy, aby p\u0159evzal prapor v\u00edt\u011bzstv\u00ed a donesl ho do Moskvy? V t\u00e9to souvislosti mne napad\u00e1, jestli by daleko nej\u00fa\u010dinn\u011bj\u0161\u00ed pomoc\u00ed Ukrajin\u011b m\u00edsto p\u00e1r rusk\u00fdch tank\u016f nebyla repatriace t\u011bch minim\u00e1ln\u011b vy\u0161\u0161\u00edch des\u00edtek tis\u00edc ukrajinsk\u00fdch vlastenc\u016f vojensk\u00e9ho v\u011bku, co se u n\u00e1s za\u0161\u00edvaj\u00ed, m\u00edsto aby br\u00e1nili svou agresorem napadenou vlast? Jako t\u0159eba tady Anton, co\u00a0<a href=\"https:\/\/www.novinky.cz\/clanek\/domaci-rodina-z-ukrajiny-dosla-ke-stesti-v-podkrkonosi-40424179#dop_ab_variant=0&amp;dop_source_zone_name=novinky.sznhp.box&amp;source=hp&amp;seq_no=7&amp;utm_campaign=abtest209_meranie_spent_time_varB&amp;utm_medium=z-boxiku&amp;utm_source=www.seznam.cz\">do\u0161el<\/a>\u00a0\u0161t\u011bst\u00ed v Krkono\u0161\u00edch. Je\u0161t\u011b lep\u0161\u00edm zdrojem, kde by se daly vyzobat des\u00edtky bojeschopn\u00fdch ukrajinsk\u00fdch branc\u016f najednou, by pak jist\u011b byly nap\u0159\u00edklad\u00a0<a href=\"https:\/\/plzenska.drbna.cz\/zpravy\/11362-ukrajinci-v-plzni-poradaji-diskoteku-s-sokujicim-nazvem-bandera-party-rada-lidi-to-oznacila-za-provokaci.html?utm_source=www.seznam.cz&amp;utm_medium=sekce-z-internetu\">humanit\u00e1rn\u00ed<\/a>\u00a0Bandera p\u00e1rty.<\/p>\n<p><span style=\"font-size: 18pt;\"><strong>V\u00fdlet na Baltu<\/strong><\/span><\/p>\n<p>Koproduk\u010dn\u00ed komedi\u00e1ln\u00ed seri\u00e1l Nord Stream m\u00e1 dal\u0161\u00ed\u00a0<a href=\"https:\/\/www.novinky.cz\/clanek\/zahranicni-utok-na-nord-stream-40425067#dop_ab_variant=0&amp;dop_source_zone_name=novinky.sznhp.box&amp;source=hp&amp;seq_no=2&amp;utm_campaign=abtest209_meranie_spent_time_varB&amp;utm_medium=z-boxiku&amp;utm_source=www.seznam.cz\">d\u00edl<\/a>. Podle americk\u00fdch tajn\u00fdch slu\u017eeb ho do vzduchu nevyhodil ten, kdo m\u00e1 z jeho zni\u010den\u00ed nejv\u011bt\u0161\u00ed profit a kdo dlouho dop\u0159edu ve\u0159ejn\u011b \u0159\u00edkal, \u017ee ho v krajn\u00edm p\u0159\u00edpad\u011b zni\u010d\u00ed \u2013 tedy USA \u2013 ale jak\u00e9si z\u00e1hadn\u00e9\u00a0<em>\u201eproukrajinsk\u00e9 skupiny.<\/em>\u201c Kter\u00e9 ale nemaj\u00ed nic spole\u010dn\u00e9ho ani s Ukrajinou, ani jej\u00ed vl\u00e1dou. Na p\u016fj\u010den\u00e9 polsk\u00e9 v\u00fdletn\u00ed jacht\u011b. Na ponor a pr\u00e1ci v hloubce t\u00e9m\u011b\u0159 sto metr\u016f. Kterou potom vr\u00e1tily\u00a0<a href=\"https:\/\/www.novinky.cz\/clanek\/zahranicni-evropa-nemci-prohledali-jachtu-ktera-mela-byt-pouzita-k-utoku-na-nord-stream-nasli-stopy-vybusnin-40425190#dop_ab_variant=0&amp;dop_source_zone_name=novinky.sznhp.box&amp;source=hp&amp;seq_no=7&amp;utm_campaign=abtest209_meranie_spent_time_varB&amp;utm_medium=z-boxiku&amp;utm_source=www.seznam.cz\">celou<\/a>\u00a0od semtexu. Ano. To zn\u00ed velice v\u011brohodn\u011b a v\u0161ichni tomu v\u011b\u0159\u00edme. Ostatn\u011b, \u017ee ty roury ka\u017edop\u00e1dn\u011b zni\u010dily \u201e<em>proukrajinsk\u00e9 skupiny,<\/em>\u201c u\u017e p\u0159ece v\u00edme. Jak\u00fdsi Hersh o tom u\u017e p\u0159ed \u010dasem napsal p\u011bkn\u00fd \u010dl\u00e1nek.<\/p>\n<p><span style=\"font-size: 18pt;\"><strong>\u010cern\u00e1 ovce<\/strong><\/span><\/p>\n<p>P\u0159edseda americk\u00e9 Sn\u011bmovny reprezentant\u016f\u00a0<a href=\"https:\/\/www.novinky.cz\/clanek\/zahranicni-evropa-zelenskyj-pozval-do-kyjeva-sefa-americke-snemovny-ten-odmitl-40425215#dop_ab_variant=0&amp;dop_source_zone_name=novinky.sznhp.box&amp;source=hp&amp;seq_no=7&amp;utm_campaign=abtest209_meranie_spent_time_varB&amp;utm_medium=z-boxiku&amp;utm_source=www.seznam.cz\">odm\u00edtl<\/a>\u00a0p\u0159ijet do Kyjeva d\u011blat m\u00edstn\u00edmu komikovi \u0161a\u0161ka. Bo\u017ee, aspo\u0148 jeden!<\/p>\n<p><span style=\"font-size: 18pt;\"><strong>Dom\u00e1c\u00ed p\u00e9\u010de<\/strong><\/span><\/p>\n<p>V\u00e1lka na Ukrajin\u011b pr\u00fd ponouk\u00e1 N\u011bmce, aby se n\u00e1m a Pol\u00e1k\u016fm v\u00edc\u00a0<a href=\"https:\/\/www.seznamzpravy.cz\/clanek\/zahranicni-stredni-evropa-valka-na-ukrajine-ponoukla-nemce-aby-se-vice-venovali-cechum-a-polakum-227049#dop_ab_variant=884810&amp;dop_source_zone_name=hpfeed.sznhp.box&amp;utm_source=www.seznam.cz&amp;utm_medium=sekce-z-internetu\">v\u011bnovali<\/a>. No, j\u00e1 nev\u00edm. Kdy\u017e se n\u00e1m a Pol\u00e1k\u016fm N\u011bmci v\u00edc v\u011bnovali posledn\u011b, tak nejd\u0159\u00edv jsme z mapy zmizeli my, pak P\u0161onci a potom je\u0161t\u011b asi 60 milion\u016f lid\u00ed.<\/p>\n<p><span style=\"font-size: 18pt;\"><strong>Jak si star\u00e1 teroristka u soudu dupla<\/strong><\/span><\/p>\n<p>Brusel, ve sv\u00e9 nekone\u010dn\u00e9 moudrosti a v\u011brnosti princip\u016fm pr\u00e1vn\u00edho st\u00e1tu a lidsk\u00fdm pr\u00e1v\u016fm, za\u0159\u00edzla v r\u00e1mci evropsky jednotn\u00e9ho \u0161\u00ed\u0159en\u00ed dobra i matku\u00a0<em>pana Wagnera<\/em>, kter\u00e1 m\u00e1 s\u00a0<em>agres\u00ed<\/em>\u00a0na Ukrajin\u011b spole\u010dn\u00e9ho asi tolik, co Brusel s demokraci\u00ed. No, a proto\u017ee pan\u00ed Violetta m\u00e1 zjevn\u011b koule a hlavn\u011b dost \u0161kvark\u016f na hejna pr\u00e1vn\u00edk\u016f, hnala to k unijn\u00edmu soudu. A ten j\u00ed dal, co\u017e teda z\u00edr\u00e1m, za pravdu. A pro\u010d o tom p\u00ed\u0161u? Proto\u017ee pravda a l\u00e1ska tady u\u017e zv\u00edt\u011bzily tak moc, \u017ee z novin\u00e1\u0159\u016f se stali trapn\u00ed blbe\u010dci. Proto\u017ee jen trapn\u00fd blbe\u010dek d\u00e1 k \u010dl\u00e1nku o tom, \u017ee n\u011bkdo uh\u00e1jil svoje\u00a0 fundament\u00e1ln\u00ed lidsk\u00fd pr\u00e1va u soudu v boji s prohnilou nadn\u00e1rodn\u00ed instituc\u00ed ultim\u00e1tn\u011b dementn\u00ed\u00a0<a href=\"https:\/\/www.novinky.cz\/clanek\/zahranicni-evropa-unijni-soud-zrusil-sankce-na-prigozinovu-matku-40425152#dop_ab_variant=884921&amp;dop_source_zone_name=novinky.sznhp.box&amp;source=hp&amp;seq_no=3&amp;utm_campaign=abtest216_firmy_novy_backend_varA&amp;utm_medium=z-boxiku&amp;utm_source=%3Ca%20href=\">titulek<\/a>\u00a0\u201e<em>Prigo\u017einova matka si dupla u soudu.<\/em>\u201c Ano,\u00a0<em>dupla si,<\/em>\u00a0ty debile, a v\u00ed\u0161 pro\u010d? Proto\u017ee byla v pr\u00e1vu.<\/p>\n<p><a href=\"http:\/\/nonserviam.cz\/medialni-hovinka-lxxvi\/\">BY LU LINA<\/a><\/p>\n<p>&nbsp;<\/p>\n<p>&nbsp;<\/p>\n<p><img decoding=\"async\" loading=\"lazy\" class=\"wp-image-19187 aligncenter\" src=\"http:\/\/www.infokuryr.cz\/n\/wp-content\/uploads\/2022\/12\/1-PRO-300x36.jpg\" alt=\"\" width=\"1150\" height=\"138\" srcset=\"https:\/\/www.infokuryr.cz\/n\/wp-content\/uploads\/2022\/12\/1-PRO-300x36.jpg 300w, https:\/\/www.infokuryr.cz\/n\/wp-content\/uploads\/2022\/12\/1-PRO.jpg 699w\" sizes=\"(max-width: 1150px) 100vw, 1150px\" \/><\/p>\n<p>&nbsp;<\/p>\n<p><img decoding=\"async\" loading=\"lazy\" class=\"wp-image-24432 aligncenter\" src=\"http:\/\/www.infokuryr.cz\/n\/wp-content\/uploads\/2023\/03\/pozvanka-teplice-pro-1-300x156.jpg\" alt=\"\" width=\"1021\" height=\"531\" srcset=\"https:\/\/www.infokuryr.cz\/n\/wp-content\/uploads\/2023\/03\/pozvanka-teplice-pro-1-300x156.jpg 300w, https:\/\/www.infokuryr.cz\/n\/wp-content\/uploads\/2023\/03\/pozvanka-teplice-pro-1-768x398.jpg 768w, https:\/\/www.infokuryr.cz\/n\/wp-content\/uploads\/2023\/03\/pozvanka-teplice-pro-1.jpg 1272w\" sizes=\"(max-width: 1021px) 100vw, 1021px\" \/><\/p>\n","protected":false},"excerpt":{"rendered":"<p>\u201eSklad alkoholu v L\u00e1nech byl nalezen t\u00e9m\u011b\u0159 pr\u00e1zdn\u00fd,\u201c\u00a0informuje\u00a0Seznam. No, tahle informace p\u0159ekvapila po deseti letech&#8230;<\/p>\n","protected":false},"author":2,"featured_media":21041,"comment_status":"closed","ping_status":"closed","sticky":false,"template":"","format":"standard","meta":[],"categories":[6],"tags":[506,542,29,122],"_links":{"self":[{"href":"https:\/\/www.infokuryr.cz\/n\/wp-json\/wp\/v2\/posts\/24422"}],"collection":[{"href":"https:\/\/www.infokuryr.cz\/n\/wp-json\/wp\/v2\/posts"}],"about":[{"href":"https:\/\/www.infokuryr.cz\/n\/wp-json\/wp\/v2\/types\/post"}],"author":[{"embeddable":true,"href":"https:\/\/www.infokuryr.cz\/n\/wp-json\/wp\/v2\/users\/2"}],"replies":[{"embeddable":true,"href":"https:\/\/www.infokuryr.cz\/n\/wp-json\/wp\/v2\/comments?post=24422"}],"version-history":[{"count":0,"href":"https:\/\/www.infokuryr.cz\/n\/wp-json\/wp\/v2\/posts\/24422\/revisions"}],"wp:featuredmedia":[{"embeddable":true,"href":"https:\/\/www.infokuryr.cz\/n\/wp-json\/wp\/v2\/media\/21041"}],"wp:attachment":[{"href":"https:\/\/www.infokuryr.cz\/n\/wp-json\/wp\/v2\/media?parent=24422"}],"wp:term":[{"taxonomy":"category","embeddable":true,"href":"https:\/\/www.infokuryr.cz\/n\/wp-json\/wp\/v2\/categories?post=24422"},{"taxonomy":"post_tag","embeddable":true,"href":"https:\/\/www.infokuryr.cz\/n\/wp-json\/wp\/v2\/tags?post=24422"}],"curies":[{"name":"wp","href":"https:\/\/api.w.org\/{rel}","templated":true}]}}