{"id":24421,"date":"2023-03-14T06:00:53","date_gmt":"2023-03-14T05:00:53","guid":{"rendered":"http:\/\/www.infokuryr.cz\/n\/?p=24421"},"modified":"2023-03-14T07:23:23","modified_gmt":"2023-03-14T06:23:23","slug":"svetova-zdravotnicka-organizace-tlaci-na-zavedeni-globalnich-ockovacich-pasu","status":"publish","type":"post","link":"https:\/\/www.infokuryr.cz\/n\/2023\/03\/14\/svetova-zdravotnicka-organizace-tlaci-na-zavedeni-globalnich-ockovacich-pasu\/","title":{"rendered":"Sv\u011btov\u00e1 zdravotnick\u00e1 organizace tla\u010d\u00ed na zaveden\u00ed glob\u00e1ln\u00edch o\u010dkovac\u00edch pas\u016f"},"content":{"rendered":"<div id=\"fb-root\"><\/div>\n<p>Nik\u00fdm nevolen\u00ed byrokrat\u00e9, kte\u0159\u00ed \u0159\u00edd\u00ed Sv\u011btovou zdravotnickou organizaci (WHO), cht\u011bj\u00ed, aby se takzvan\u00e9 \u201evakc\u00ednov\u00e9 pasy\u201c staly trvalou realitou b\u011bhem dal\u0161\u00ed plandemie.<\/p>\n<p>Jeliko\u017e tato odno\u017e OSN pro ve\u0159ejn\u00e9 zdrav\u00ed nedok\u00e1zala dokon\u010dit pr\u00e1ci s koronavirem b\u011bhem pandemie Covid-19, nyn\u00ed se sna\u017e\u00ed vyu\u017e\u00edt dal\u0161\u00ed pl\u00e1novanou podvodnou pandemii k tomu, aby p\u0159inesla sv\u011btu kone\u010dn\u00e9 \u0159e\u0161en\u00ed.<\/p>\n<p>WHO nast\u00ednila sv\u00e9 pl\u00e1ny v s\u00e9rii zm\u011bn, kter\u00e9 byly provedeny v Mezin\u00e1rodn\u00edch zdravotn\u00edch p\u0159edpisech.\u00a0Jedn\u00e1 se o pr\u00e1vn\u011b z\u00e1vazn\u00fd n\u00e1stroj, kter\u00fd nut\u00ed v\u0161ech 196 \u010dlensk\u00fdch zem\u00ed dodr\u017eovat kompletn\u00ed na\u0159\u00edzen\u00ed vydan\u00e1 organizac\u00ed v p\u0159\u00edpad\u011b dal\u0161\u00ed \u201ezdravotnick\u00e9 nouze\u201c.<\/p>\n<p>V\u011bt\u0161ina zem\u00ed u\u017e s covidem skon\u010dila a WHO se ob\u00e1v\u00e1, \u017ee s n\u00edm spojen\u00e9 syst\u00e9my o\u010dkovac\u00edch pas\u016f p\u016fjdou v zapomn\u011bn\u00ed, pokud rychle nezas\u00e1hne, aby tuto tyranii udr\u017eela p\u0159i \u017eivot\u011b.\u00a0Mo\u017en\u00e1 to ud\u011bl\u00e1 tak, \u017ee rozpout\u00e1 dal\u0161\u00ed \u201epandemii\u201c pod fale\u0161nou vlajkou, aby v\u0161echny vystra\u0161ila a p\u0159ivedla zp\u011bt k dodr\u017eov\u00e1n\u00ed \u0161ikan\u00f3zn\u00edch opat\u0159en\u00ed.<\/p>\n<p>Mezin\u00e1rodn\u00ed zdravotn\u00ed p\u0159edpisy se za\u010daly postupn\u011b novelizovat od ledna 2022 d\u00edky tich\u00e9mu \u00fasil\u00ed Bidenova re\u017eimu.\u00a0Od t\u00e9 doby mnoh\u00e9 dal\u0161\u00ed \u010dlensk\u00e9 st\u00e1ty WHO tak\u00e9 navrhly sv\u00e9 vlastn\u00ed zm\u011bny, \u010d\u00edm\u017e se celkov\u00fd po\u010det zm\u011bn zv\u00fd\u0161il na sou\u010dasn\u00fdch 307.<\/p>\n<p>Jeden z t\u011bchto dodatk\u016f ud\u011bluje WHO nov\u00e9 pravomoci vyhla\u0161ovat \u201epotenci\u00e1ln\u00ed\u201c zdravotn\u00ed nouzov\u00e9 situace.\u00a0Dal\u0161\u00ed na\u0159izuje v\u0161em \u010dlensk\u00fdm st\u00e1t\u016fm, aby uznaly WHO jako \u201ekoordina\u010dn\u00ed org\u00e1n\u201c v p\u0159\u00edpad\u011b ur\u010dit\u00fdch zdravotnick\u00fdch nouzov\u00fdch situac\u00ed.<\/p>\n<p><em>\u201eTak\u00e9 na\u010drt\u00e1vaj\u00ed, jak WHO zam\u00fd\u0161l\u00ed vyu\u017e\u00edt sv\u00fdch nov\u00fdch pravomoc\u00ed k prosazov\u00e1n\u00ed glob\u00e1ln\u00edch o\u010dkovac\u00edch pas\u016f, kdy\u017e vyhl\u00e1s\u00ed \u201apotenci\u00e1ln\u00ed nebo skute\u010dn\u00e9&#8216; zdravotnick\u00e9 nouzov\u00e9 situace<\/em>\u00a0,\u201c uv\u00e1d\u00ed port\u00e1l Reclaim the Net.<\/p>\n<p>(Souvisej\u00edc\u00ed:\u00a0<a href=\"https:\/\/www.badatel.net\/covid-pasy-menia-spolocnost-na-despoticku-nocnu-moru-nezaockovani-ziju-ako-utecenci\/\">Covid pasy m\u011bn\u00ed spole\u010dnost na despotickou no\u010dn\u00ed m\u016fru, neo\u010dkovan\u00ed \u017eij\u00ed jako uprchl\u00edci<\/a>\u00a0)<\/p>\n<h2>WHO se nezastav\u00ed, dokud nebude ka\u017ed\u00fd posledn\u00ed \u010dlov\u011bk \u010dipov\u00e1n a sledov\u00e1n jako dobytek<\/h2>\n<p>Sou\u010dasn\u00e1 verze Mezin\u00e1rodn\u00edch zdravotn\u00edch pravidel ji\u017e umo\u017e\u0148uje WHO vyd\u00e1vat doporu\u010den\u00ed na:<\/p>\n<ul>\n<li>p\u0159ezkoum\u00e1n\u00ed d\u016fkazu o o\u010dkov\u00e1n\u00ed<\/li>\n<li>vy\u017eadov\u00e1n\u00ed o\u010dkov\u00e1n\u00ed<\/li>\n<li>zaveden\u00ed sledov\u00e1n\u00ed kontakt\u016f podez\u0159el\u00fdch nebo dot\u010den\u00fdch osob<\/li>\n<\/ul>\n<p>Pozm\u011b\u0148ovac\u00ed n\u00e1vrhy to roz\u0161i\u0159uj\u00ed ud\u011blen\u00edm je\u0161t\u011b v\u011bt\u0161\u00ed pravomoci WHO na kontrolu sv\u011btov\u00fdch z\u00e1le\u017eitost\u00ed b\u011bhem \u201ezdravotnick\u00e9 nouze\u201c.<\/p>\n<p>Do Mezin\u00e1rodn\u00edch zdravotn\u00edch pravidel byl p\u0159id\u00e1n nov\u00fd text, kter\u00fd umo\u017e\u0148uje \u010dlensk\u00fdm st\u00e1t\u016fm vynutit si po\u0159\u00edzen\u00ed \u201edokument\u016f obsahuj\u00edc\u00edch informace pro laboratorn\u00ed test v digit\u00e1ln\u00edm nebo fyzick\u00e9m form\u00e1tu\u201c, jako\u017e i \u201einformace o o\u010dkov\u00e1n\u00ed proti nemoci\u201c.<\/p>\n<p>Dal\u0161\u00ed pozm\u011b\u0148ovac\u00ed n\u00e1vrh up\u0159es\u0148uje, \u017ee \u201edokumenty obsahuj\u00edc\u00ed informace t\u00fdkaj\u00edc\u00ed se c\u00edlov\u00e9 destinace cestuj\u00edc\u00edho by m\u011bly b\u00fdt p\u0159ednostn\u011b vyhotovov\u00e1ny v digit\u00e1ln\u00ed form\u011b, p\u0159i\u010dem\u017e pap\u00edrov\u00e1 forma je zb\u00fdvaj\u00edc\u00ed mo\u017enost\u00ed\u201c.<\/p>\n<p>To je spojeno s dal\u0161\u00edm pozm\u011b\u0148ovac\u00edm n\u00e1vrhem, kter\u00fd p\u0159ipravuje p\u016fdu pro \u201ejin\u00e9 typy d\u016fkaz\u016f a certifik\u00e1t\u016f\u201c, kter\u00e9 \u201emohou b\u00fdt navr\u017eeny valnou hromadou\u201c.\u00a0T\u00edmto odkazuj\u00ed na rozhodovac\u00ed org\u00e1n WHO, kter\u00fd \u201epotvrzuje status dr\u017eitele certifik\u00e1tu, \u017ee p\u0159edstavuje sn\u00ed\u017een\u00e9 riziko onemocn\u011bn\u00ed a p\u0159en\u00e1\u0161en\u00ed infekce.\u201c<\/p>\n<p><em>\u201eDal\u0161\u00ed po\u017eadovan\u00e9 d\u016fkazy zahrnuj\u00ed osv\u011bd\u010den\u00ed o negativn\u00edm testu (kter\u00e9 poskytuj\u00ed d\u016fkaz, \u017ee dan\u00e1 osoba byla testov\u00e1na na nemoc) a osv\u011bd\u010den\u00ed o p\u0159ekon\u00e1n\u00ed nemoci (kter\u00e9 poskytuj\u00ed d\u016fkaz, \u017ee se n\u011bkdo uzdravil z nemoci),\u201c uv\u00e1d\u00ed se d\u00e1le v tomto konkr\u00e9tn\u00edm dodatku<\/em>\u00a0.<\/p>\n<p>Jedn\u00edm z nejzaj\u00edmav\u011bj\u0161\u00edch aspekt\u016f t\u011bchto zm\u011bn je, \u017ee stanov\u00ed, \u017ee \u201eaktivace osv\u011bd\u010den\u00ed o o\u010dkov\u00e1n\u00ed by m\u011bla nastat v moment\u011b, kdy WHO vyhl\u00e1s\u00ed stav nouze v oblasti ve\u0159ejn\u00e9ho zdrav\u00ed\u201c.<\/p>\n<p>Tak\u00e9 na\u0159izuj\u00ed, aby tato osv\u011bd\u010den\u00ed o o\u010dkov\u00e1n\u00ed (o\u010dkovac\u00ed pasy) \u201ezahrnovala prost\u0159edky k ov\u011b\u0159en\u00ed jejich pravosti prost\u0159ednictv\u00edm p\u0159ipojen\u00ed na ofici\u00e1ln\u00ed webov\u00e9 str\u00e1nky, jako je nap\u0159\u00edklad QR k\u00f3d\u201c.<\/p>\n<h2>Z\u00e1v\u011br<\/h2>\n<p><em>\u201eWHO chce, aby osv\u011bd\u010den\u00ed o o\u010dkov\u00e1n\u00ed, testu a p\u0159ekon\u00e1n\u00ed onemocn\u011bn\u00ed obsahovaly alespo\u0148 jm\u00e9no osoby, \u010d\u00edslo ob\u010dansk\u00e9ho pr\u016fkazu, \u010d\u00edslo pasu, druh podan\u00e9 vakc\u00edny, \u010d\u00edslo \u0161ar\u017ee vakc\u00edny, datum pod\u00e1n\u00ed, m\u00edsto pod\u00e1n\u00ed a ofici\u00e1ln\u00ed raz\u00edtko,\u201c upozor\u0148uje port\u00e1l Reclaim the Net<\/em>\u00a0.<\/p>\n<p>V maximalistick\u00e9 variant\u011b sc\u00e9n\u00e1\u0159e WHO dokonce chce, aby tyto digit\u00e1ln\u00ed certifik\u00e1ty obsahovaly v\u0161echny p\u0159ede\u0161le \u00fadaje plus celou historii o\u010dkov\u00e1n\u00ed osoby a QR k\u00f3d, kter\u00fd podporuje ov\u011b\u0159ov\u00e1n\u00ed informac\u00ed o o\u010dkov\u00e1n\u00ed.<\/p>\n<p>Z uveden\u00e9ho je v\u00edce ne\u017e z\u0159ejm\u00e9, \u017ee WHO je l\u00eddrem glob\u00e1ln\u00edho medic\u00ednsk\u00e9ho fa\u0161ismu.\u00a0Chcete-li dr\u017eet krok s nejnov\u011bj\u0161\u00edmi informacemi, nav\u0161tivte str\u00e1nku\u00a0<a href=\"https:\/\/fascism.news\/\" target=\"_blank\" rel=\"noopener\">Fascism.news<\/a> .<\/p>\n<p>Autor: Ethan Huff, Zdroj:\u00a0<a href=\"https:\/\/www.naturalnews.com\/2023-03-03-who-pushing-for-global-vaccine-passport-scheme.html\" target=\"_blank\" rel=\"noopener\">naturalnews.com<\/a><\/p>\n<p>&nbsp;<\/p>\n<p>&nbsp;<\/p>\n<p><img decoding=\"async\" loading=\"lazy\" class=\"wp-image-19187 aligncenter\" src=\"http:\/\/www.infokuryr.cz\/n\/wp-content\/uploads\/2022\/12\/1-PRO-300x36.jpg\" alt=\"\" width=\"1142\" height=\"137\" srcset=\"https:\/\/www.infokuryr.cz\/n\/wp-content\/uploads\/2022\/12\/1-PRO-300x36.jpg 300w, https:\/\/www.infokuryr.cz\/n\/wp-content\/uploads\/2022\/12\/1-PRO.jpg 699w\" sizes=\"(max-width: 1142px) 100vw, 1142px\" \/><\/p>\n<p>&nbsp;<\/p>\n<p><img decoding=\"async\" loading=\"lazy\" class=\"wp-image-24432 aligncenter\" src=\"http:\/\/www.infokuryr.cz\/n\/wp-content\/uploads\/2023\/03\/pozvanka-teplice-pro-1-300x156.jpg\" alt=\"\" width=\"1027\" height=\"534\" srcset=\"https:\/\/www.infokuryr.cz\/n\/wp-content\/uploads\/2023\/03\/pozvanka-teplice-pro-1-300x156.jpg 300w, https:\/\/www.infokuryr.cz\/n\/wp-content\/uploads\/2023\/03\/pozvanka-teplice-pro-1-1024x531.jpg 1024w, https:\/\/www.infokuryr.cz\/n\/wp-content\/uploads\/2023\/03\/pozvanka-teplice-pro-1-768x398.jpg 768w, https:\/\/www.infokuryr.cz\/n\/wp-content\/uploads\/2023\/03\/pozvanka-teplice-pro-1.jpg 1272w\" sizes=\"(max-width: 1027px) 100vw, 1027px\" \/><\/p>\n<p>&nbsp;<\/p>\n","protected":false},"excerpt":{"rendered":"<p>Nik\u00fdm nevolen\u00ed byrokrat\u00e9, kte\u0159\u00ed \u0159\u00edd\u00ed Sv\u011btovou zdravotnickou organizaci (WHO), cht\u011bj\u00ed, aby se takzvan\u00e9 \u201evakc\u00ednov\u00e9 pasy\u201c&#8230;<\/p>\n","protected":false},"author":2,"featured_media":6211,"comment_status":"closed","ping_status":"closed","sticky":false,"template":"","format":"standard","meta":[],"categories":[7],"tags":[3061,2813,81],"_links":{"self":[{"href":"https:\/\/www.infokuryr.cz\/n\/wp-json\/wp\/v2\/posts\/24421"}],"collection":[{"href":"https:\/\/www.infokuryr.cz\/n\/wp-json\/wp\/v2\/posts"}],"about":[{"href":"https:\/\/www.infokuryr.cz\/n\/wp-json\/wp\/v2\/types\/post"}],"author":[{"embeddable":true,"href":"https:\/\/www.infokuryr.cz\/n\/wp-json\/wp\/v2\/users\/2"}],"replies":[{"embeddable":true,"href":"https:\/\/www.infokuryr.cz\/n\/wp-json\/wp\/v2\/comments?post=24421"}],"version-history":[{"count":0,"href":"https:\/\/www.infokuryr.cz\/n\/wp-json\/wp\/v2\/posts\/24421\/revisions"}],"wp:featuredmedia":[{"embeddable":true,"href":"https:\/\/www.infokuryr.cz\/n\/wp-json\/wp\/v2\/media\/6211"}],"wp:attachment":[{"href":"https:\/\/www.infokuryr.cz\/n\/wp-json\/wp\/v2\/media?parent=24421"}],"wp:term":[{"taxonomy":"category","embeddable":true,"href":"https:\/\/www.infokuryr.cz\/n\/wp-json\/wp\/v2\/categories?post=24421"},{"taxonomy":"post_tag","embeddable":true,"href":"https:\/\/www.infokuryr.cz\/n\/wp-json\/wp\/v2\/tags?post=24421"}],"curies":[{"name":"wp","href":"https:\/\/api.w.org\/{rel}","templated":true}]}}