{"id":2442,"date":"2021-06-12T05:05:16","date_gmt":"2021-06-12T03:05:16","guid":{"rendered":"http:\/\/www.infokuryr.cz\/n\/?p=2442"},"modified":"2021-06-12T05:05:16","modified_gmt":"2021-06-12T03:05:16","slug":"kubanska-centralni-banka-rusi-depozity-v-americkych-dolarech","status":"publish","type":"post","link":"https:\/\/www.infokuryr.cz\/n\/2021\/06\/12\/kubanska-centralni-banka-rusi-depozity-v-americkych-dolarech\/","title":{"rendered":"Kub\u00e1nsk\u00e1 centr\u00e1ln\u00ed banka ru\u0161\u00ed depozity v americk\u00fdch dolarech"},"content":{"rendered":"<div id=\"fb-root\"><\/div>\n<p><strong>Kub\u00e1nsk\u00e1 centr\u00e1ln\u00ed banka a dal\u0161\u00ed finan\u010dn\u00ed instituce nebudou akceptovat depozity v americk\u00fdch dolarech. Dojde k tomu od 21. \u010dervence. Inici\u00e1torem t\u00e9to akce se staly americk\u00e9 sankce, uvedla Centr\u00e1ln\u00ed banka Kuby.<\/strong><\/p>\n<p>\u201eS ohledem na zavedenou americkou ekonomickou blok\u00e1du v\u016f\u010di kub\u00e1nsk\u00e9 centr\u00e1ln\u00ed bance na zahrani\u010dn\u00ed vklady v americk\u00fdch dolarech shrom\u00e1\u017ed\u011bn\u00fdch v zemi bylo u\u010din\u011bno rozhodnut\u00ed do\u010dasn\u011b zastavit p\u0159ij\u00edm\u00e1n\u00ed bankovek v t\u00e9to m\u011bn\u011b ze strany kub\u00e1nsk\u00e9 centr\u00e1ln\u00ed banky a finan\u010dn\u00edho syst\u00e9mu,\u201c uvedla kub\u00e1nsk\u00e1 centr\u00e1ln\u00ed banka ve \u010dtvrtek, kterou citoval\u00a0port\u00e1l\u00a0Mesa Redonda.<\/p>\n<p>Podle vyj\u00e1d\u0159en\u00ed, toto opat\u0159en\u00ed nebude m\u00edt \u017e\u00e1dn\u00fd vliv na operace zahrnuj\u00edc\u00ed transfer \u010di depozity hotovosti v ostatn\u00edch valut\u00e1ch, kter\u00e9 jsou sm\u011bniteln\u00e9 na Kub\u011b. Centr\u00e1ln\u00ed banka Kuby vysv\u011btlila, \u017ee rozhodnut\u00ed je protektivn\u00edm opat\u0159en\u00edm pro kub\u00e1nsk\u00fd bankovn\u00ed a finan\u010dn\u00ed syst\u00e9m d\u00edky omezen\u00edm, kter\u00e1 byla na ekonomiky uvr\u017eena ekonomickou, komer\u010dn\u00ed a finan\u010dn\u00ed\u00a0blok\u00e1dou\u00a0ze strany USA.<\/p>\n<p>Banka uvedla, \u017ee trv\u00e1n\u00ed tohoto opat\u0159en\u00ed bude z\u00e1viset na tom, jak dlouho budou USA m\u00edt zaveden\u00e9 sankce proti Kub\u011b.<\/p>\n<p>Podle ofici\u00e1ln\u00edho cen\u00edku stoj\u00ed 1 americk\u00fd dolar 24 kub\u00e1nsk\u00fdch pesos, banka ov\u0161em ve\u0159ejn\u011b sd\u011blila, \u017ee v\u00fdm\u011bny valuty za tento kurz neprov\u00e1d\u00ed, tak\u017ee Kub\u00e1nci z\u00edsk\u00e1vaj\u00ed americk\u00e9 dolary na \u010dern\u00e9m trhu v pom\u011bru 60 pesos za 1 dolar. Kurz v tomto t\u00fddnu rychle vyrostl, obzvl\u00e1\u0161t\u011b pot\u00e9, co banka limitovala v\u00fdm\u011bny na maxim\u00e1ln\u011b 300 dolar\u016f na leti\u0161ti.<\/p>\n<p>Vztahy mezi Kubou a USA jsou vyost\u0159en\u00e9 po dobu v\u00edce ne\u017e 60 let. K vyost\u0159en\u00ed do\u0161lo pot\u00e9, co Fidel Castro svrhl vl\u00e1du podporovanou USA. Za vl\u00e1dy b\u00fdval\u00e9ho prezidenta Baracka Obamy USA ud\u011blaly kroky k obnoven\u00ed vz\u00e1jemn\u00fdch\u00a0vztah\u016f, rovn\u011b\u017e byl podniknut pokus o zv\u00fd\u0161en\u00ed turistick\u00e9ho ruchu mezi ob\u011bma zem\u011bmi. K zastaven\u00ed tohoto procesu do\u0161lo za vl\u00e1dy prezidenta Donalda Trumpa.<\/p>\n<p><strong>Zm\u011bny na Kub\u011b<\/strong><\/p>\n<p>Uprost\u0159ed m\u011bs\u00edce dubna bylo\u00a0informov\u00e1no, \u017ee prvn\u00ed tajemn\u00edk Centr\u00e1ln\u00edho v\u00fdboru Komunistick\u00e9 strany Kuby gener\u00e1l Ra\u00fal Castro ode\u0161el z \u010dela strany.<\/p>\n<p>\u201eArm\u00e1dn\u00ed gener\u00e1l prohl\u00e1sil, \u017ee s uspokojen\u00edm p\u0159ed\u00e1v\u00e1 \u0159\u00edzen\u00ed strany skupin\u011b p\u0159ipraven\u00fdch l\u00eddr\u016f, kte\u0159\u00ed jsou prov\u011b\u0159eni desetilet\u00fdmi zku\u0161enostmi\u2026, p\u0159\u00edvr\u017eenc\u016fm etiky revoluce, identifikuj\u00edc\u00ed se s histori\u00ed a kulturou n\u00e1roda,\u201c citovaly slova Ra\u00fala Castra ofici\u00e1ln\u00ed noviny kub\u00e1nsk\u00e9 strany\u00a0Granma.<\/p>\n<p>Ra\u00fal Castro nastoupil na sv\u016fj post v roce 2006, ten mu na z\u00e1klad\u011b stavu sv\u00e9ho zdrav\u00ed delegoval jeho bratr Fidel. V roce 2018 Ra\u00fal odstoupil z funkce p\u0159edsedy rady ministr\u016f a prezidenta st\u00e1tn\u00ed rady, kde ho nahradil sou\u010dasn\u00fd \u00fa\u0159aduj\u00edc\u00ed prezident zem\u011b Miguel D\u00edaz-Canel.<\/p>\n<p>Mlad\u0161\u00ed bratr Fidela Castra Ra\u00fal byl po dobu 50 let ministrem obrany zem\u011b a nahrazoval Fidela na postu p\u0159edsedy vl\u00e1dnouc\u00ed strany a st\u00e1tu.<\/p>\n<p><a href=\"https:\/\/cz.sputniknews.com\/20210611\/kubanska-centralni-banka-rusi-depozity-v-americkych-dolarech-14806287.html\">ZDROJ<\/a><\/p>\n<p>&nbsp;<\/p>\n","protected":false},"excerpt":{"rendered":"<p>Kub\u00e1nsk\u00e1 centr\u00e1ln\u00ed banka a dal\u0161\u00ed finan\u010dn\u00ed instituce nebudou akceptovat depozity v americk\u00fdch dolarech. Dojde k&#8230;<\/p>\n","protected":false},"author":2,"featured_media":1892,"comment_status":"closed","ping_status":"closed","sticky":false,"template":"","format":"standard","meta":[],"categories":[7],"tags":[528,604,135,37],"_links":{"self":[{"href":"https:\/\/www.infokuryr.cz\/n\/wp-json\/wp\/v2\/posts\/2442"}],"collection":[{"href":"https:\/\/www.infokuryr.cz\/n\/wp-json\/wp\/v2\/posts"}],"about":[{"href":"https:\/\/www.infokuryr.cz\/n\/wp-json\/wp\/v2\/types\/post"}],"author":[{"embeddable":true,"href":"https:\/\/www.infokuryr.cz\/n\/wp-json\/wp\/v2\/users\/2"}],"replies":[{"embeddable":true,"href":"https:\/\/www.infokuryr.cz\/n\/wp-json\/wp\/v2\/comments?post=2442"}],"version-history":[{"count":0,"href":"https:\/\/www.infokuryr.cz\/n\/wp-json\/wp\/v2\/posts\/2442\/revisions"}],"wp:featuredmedia":[{"embeddable":true,"href":"https:\/\/www.infokuryr.cz\/n\/wp-json\/wp\/v2\/media\/1892"}],"wp:attachment":[{"href":"https:\/\/www.infokuryr.cz\/n\/wp-json\/wp\/v2\/media?parent=2442"}],"wp:term":[{"taxonomy":"category","embeddable":true,"href":"https:\/\/www.infokuryr.cz\/n\/wp-json\/wp\/v2\/categories?post=2442"},{"taxonomy":"post_tag","embeddable":true,"href":"https:\/\/www.infokuryr.cz\/n\/wp-json\/wp\/v2\/tags?post=2442"}],"curies":[{"name":"wp","href":"https:\/\/api.w.org\/{rel}","templated":true}]}}