{"id":24416,"date":"2023-03-14T05:38:22","date_gmt":"2023-03-14T04:38:22","guid":{"rendered":"http:\/\/www.infokuryr.cz\/n\/?p=24416"},"modified":"2023-03-14T07:24:57","modified_gmt":"2023-03-14T06:24:57","slug":"rakusan-musi-dat-demisi-a-velitel-zasahu-za-brutalitu-a-zneuziti-pravomoci-velitele-musi-byt-propusten","status":"publish","type":"post","link":"https:\/\/www.infokuryr.cz\/n\/2023\/03\/14\/rakusan-musi-dat-demisi-a-velitel-zasahu-za-brutalitu-a-zneuziti-pravomoci-velitele-musi-byt-propusten\/","title":{"rendered":"Raku\u0161an mus\u00ed d\u00e1t demisi a velitel z\u00e1sahu za brutalitu a zneu\u017eit\u00ed pravomoci velitele mus\u00ed b\u00fdt propu\u0161t\u011bn!"},"content":{"rendered":"<div id=\"fb-root\"><\/div>\n<div class=\"introtext\">\n<p><strong>Nyn\u00ed u\u017e je skoro jasn\u00e9, \u017ee parti\u010dka politik\u016f cht\u011bla odvr\u00e1tit pozornost od 120 000 protestuj\u00edc\u00edch na V\u00e1clavsk\u00e9m n\u00e1m\u011bst\u00ed, \u017e\u00e1daj\u00edc\u00ed odchod cel\u00e9 destruk\u010dn\u00ed vl\u00e1dy a prapodivn\u00fd z\u00e1sah u Muzea se jim k tomu n\u00e1ramn\u011b hodil! Bohu\u017eel pro n\u011b lid\u00e9 maj\u00ed kamery a digit\u00e1ln\u00ed fotoapar\u00e1ty. A Raku\u0161an narazil!<\/strong><\/p>\n<\/div>\n<div class=\"fulltext\">\n<p>T\u011b\u017eko za provokac\u00ed mohl st\u00e1t n\u011bjak\u00fd &#8222;SNB\u00e1\u010dek policajt\u00ed\u010dek&#8220;, nav\u00edc, kdy\u017e oni byli ti slu\u0161n\u00ed! Nav\u00edc, Raku\u0161an tvrdil, \u017ee napadli N\u00e1rodn\u00ed muzeum. Oni tam p\u0159ijeli v tanc\u00edch, nebo s buldozerem? N\u00e1rod si zat\u00edm myslel, \u017ee se jednalo o vlajku n\u011bjak\u00fdm dareb\u00e1kem provokativn\u011b vyv\u011b\u0161enou. Kdo je vlastn\u011b tajemn\u00fd \u0159editel muzea? Jak dlouho tam pracuje?<\/p>\n<p><span style=\"font-size: 18pt;\"><strong>V\u0160IMLI JSTE SI, \u017dE ZODPOV\u011aDN\u00dd \u0158EDITEL MUZEA ANI JEDNOU NEVYLEZL ZA CEL\u00dd ROK? <\/strong><strong>KE KOMU PAT\u0158\u00cd?<\/strong><\/span><\/p>\n<p>Za prv\u00e9 napsan\u00e1 \u0161p\u00edna Seznamu:\u00a0<strong>n\u011bkolik stovek bylo p\u0159ed muzeem, n\u011bkolik tis\u00edcovek bylo na V\u00e1clavsk\u00e9m n\u00e1m\u011bst\u00ed, co\u017e znamen\u00e1<\/strong>:<\/p>\n<table>\n<tbody>\n<tr>\n<td><span style=\"font-size: 14pt; color: #ff0000;\">Na V\u00e1clavsk\u00e9m n\u00e1m\u011bst\u00ed bylo kolem<strong>\u00a0120 000 lid\u00ed, u Muzea\u00a0 80 a\u017e 100 lid\u00ed.<\/strong>\u00a0Sami vid\u00edte, \u017ee malink\u00fd hlou\u010dek.<\/span><\/p>\n<p><span style=\"font-size: 14pt; color: #ff0000;\">Tot\u00e1ln\u00ed manipulace<strong>\u00a0podvodn\u00e9ho Seznamu<\/strong>. A tak pracuje propaganda.<\/span><\/td>\n<\/tr>\n<\/tbody>\n<\/table>\n<p>I na prapodivn\u011b sest\u0159\u00edhan\u00e9m policejn\u00edm videu je vid\u011bt, jak se p\u0159i\u0159\u00edt\u00ed Raku\u0161anovo komando a za\u010dne brut\u00e1ln\u011b vyhazoval lidi z prostranstv\u00ed p\u0159ed muzeem. (20sec sest\u0159\u00edhan\u00e9ho z\u00e1znamu na Seznamu)<\/p>\n<p><strong>Sama policie se usv\u011bd\u010dila,\u00a0 jak agres\u00edvn\u011b se chov\u00e1<\/strong>\u00a0a jak se sna\u017e\u00ed vyprovokovat rva\u010dku, vid\u00edme hned na za\u010d\u00e1tku. Na pok\u0159ikuj\u00edc\u00ed nespokojence nastoupilo kukl\u00e1ck\u00e9 komando s nev\u00eddanou brutalitou a vyml\u00e1tilo je z cel\u00e9ho prostranstv\u00ed. Pak vylezl n\u011bkak\u00fd \u010dlov\u011bk<strong>\u00a0v teroristick\u00e9 hn\u011bd\u00e9 pun\u010do\u0161e,<\/strong> dal povel zakuklenc\u016fm v pln\u00e9 zbroj\u00ed, ti se vrhli na bezbrann\u00e9 protestuj\u00edc\u00ed\u00a0 a pak si vyt\u00e1hli dva, kte\u0159\u00ed se jim nel\u00edbili.<\/p>\n<p><strong>Pr\u00fd jeden byl v muzeu. A co ud\u011blal? St\u0159\u00edlel tam snad po n\u011bkom, \u017ee zakuklenci tak brut\u00e1ln\u011b napadli n\u011bkolik osob? Co se jim budou sna\u017eit p\u0159i\u0161\u00edt? Nebo to byl konfident a musel rychle zmizet, proto\u017ee policie kamuflovala jeho identitu?<\/strong><\/p>\n<p><img decoding=\"async\" class=\"aligncenter\" src=\"https:\/\/www.skrytapravda.cz\/images\/blogy\/805\/2023\/brutalita_policie\/MUZEUM1_5bbf4.webp\" alt=\"MUZEUM1 5bbf4\" \/><\/p>\n<p><img decoding=\"async\" loading=\"lazy\" class=\"aligncenter\" src=\"https:\/\/www.skrytapravda.cz\/images\/blogy\/805\/2023\/brutalita_policie\/MUZEUM_2_37385.webp\" alt=\"MUZEUM 2 37385\" width=\"895\" height=\"498\" \/><\/p>\n<p><img decoding=\"async\" class=\"aligncenter\" src=\"https:\/\/www.skrytapravda.cz\/images\/blogy\/805\/2023\/brutalita_policie\/MUZEUM3_42124.webp\" alt=\"MUZEUM3 42124\" \/><\/p>\n<p><img decoding=\"async\" class=\"aligncenter\" src=\"https:\/\/www.skrytapravda.cz\/images\/blogy\/805\/2023\/brutalita_policie\/MUZEUM_4_36cc6.webp\" alt=\"MUZEUM 4 36cc6\" \/><\/p>\n<p><span style=\"font-size: 18pt;\"><strong>doc. Ing. Miroslav \u0160ev\u010d\u00edk, CSc.<\/strong><\/span><\/p>\n<p><img decoding=\"async\" loading=\"lazy\" class=\"aligncenter\" src=\"https:\/\/www.skrytapravda.cz\/images\/blogy\/805\/2023\/brutalita_policie\/MUZEUM_5_68831.webp\" alt=\"MUZEUM 5 68831\" width=\"941\" height=\"626\" \/><\/p>\n<p><span style=\"font-size: 18pt;\"><strong>A nejv\u011bt\u0161\u00ed fra\u0161ka na z\u00e1v\u011br: po zuby ozbrojen\u00e9 komando se br\u00e1n\u00ed t\u011b\u017ek\u00e9mu nep\u0159\u00edteli: fotoapar\u00e1t\u016fm.<\/strong><\/span><\/p>\n<p><img decoding=\"async\" loading=\"lazy\" class=\"aligncenter\" src=\"https:\/\/www.skrytapravda.cz\/images\/blogy\/805\/2023\/brutalita_policie\/Muzeum6_67fa1.webp\" alt=\"Muzeum6 67fa1\" width=\"933\" height=\"428\" \/><\/p>\n<p>Prost\u011b ka\u017ed\u00fd soudn\u00fd vid\u00ed, \u017ee se to Raku\u0161anovi zase vymklo z ruky, tak se pokou\u0161\u00ed o nemo\u017en\u00e9: dehonestovat lidi, ur\u00e1\u017eet, \u0161pinit, vym\u00fd\u0161let konspirace a vnutit ob\u010dan\u016fm, \u017ee se na V\u00e1clavsk\u00e9m n\u00e1m\u011bst\u00ed se\u0161la po zuby ozbrojen\u00e1 arm\u00e1da, kter\u00e1 cht\u011bla tanky a buldozery za\u00fato\u010dit na \u010desk\u00e9, N\u00c1RODN\u00cd MUZEUM s ukrajinskou provokac\u00ed!<\/p>\n<p><span style=\"font-size: 18pt;\"><strong>D\u016fkazy o ozbrojen\u00e9m davu lid\u00ed u\u017e d\u00e1le net\u0159eba komentovat a je nutn\u00e9 svolat mimo\u0159\u00e1dnou diskuzi k policejn\u00ed zv\u016fli, kter\u00e9 d\u00e1v\u00e1 rozkazy&#8230; Raku\u0161an?<\/strong><\/span><\/p>\n<\/div>\n<p><a href=\"https:\/\/www.skrytapravda.cz\/z-domova\/1123-rakusan-musi-dat-demisi-a-velitel-zasahu-za-brutalitu-a-zneuziti-pravomoci-velitele-propusten\">Petr Pokorn\u00fd<\/a><\/p>\n<p>&nbsp;<\/p>\n<p>&nbsp;<\/p>\n<p><img decoding=\"async\" loading=\"lazy\" class=\"wp-image-19187 aligncenter\" src=\"http:\/\/www.infokuryr.cz\/n\/wp-content\/uploads\/2022\/12\/1-PRO-300x36.jpg\" alt=\"\" width=\"1133\" height=\"136\" srcset=\"https:\/\/www.infokuryr.cz\/n\/wp-content\/uploads\/2022\/12\/1-PRO-300x36.jpg 300w, https:\/\/www.infokuryr.cz\/n\/wp-content\/uploads\/2022\/12\/1-PRO.jpg 699w\" sizes=\"(max-width: 1133px) 100vw, 1133px\" \/><\/p>\n<p>&nbsp;<\/p>\n<p><img decoding=\"async\" loading=\"lazy\" class=\"wp-image-24432 aligncenter\" src=\"http:\/\/www.infokuryr.cz\/n\/wp-content\/uploads\/2023\/03\/pozvanka-teplice-pro-1-300x156.jpg\" alt=\"\" width=\"1021\" height=\"531\" srcset=\"https:\/\/www.infokuryr.cz\/n\/wp-content\/uploads\/2023\/03\/pozvanka-teplice-pro-1-300x156.jpg 300w, https:\/\/www.infokuryr.cz\/n\/wp-content\/uploads\/2023\/03\/pozvanka-teplice-pro-1-768x398.jpg 768w, https:\/\/www.infokuryr.cz\/n\/wp-content\/uploads\/2023\/03\/pozvanka-teplice-pro-1.jpg 1272w\" sizes=\"(max-width: 1021px) 100vw, 1021px\" \/><\/p>\n<p>&nbsp;<\/p>\n<p>&nbsp;<\/p>\n","protected":false},"excerpt":{"rendered":"<p>Nyn\u00ed u\u017e je skoro jasn\u00e9, \u017ee parti\u010dka politik\u016f cht\u011bla odvr\u00e1tit pozornost od 120 000 protestuj\u00edc\u00edch&#8230;<\/p>\n","protected":false},"author":2,"featured_media":24417,"comment_status":"closed","ping_status":"closed","sticky":false,"template":"","format":"standard","meta":[],"categories":[6],"tags":[1450,243,86,95,1032,2607],"_links":{"self":[{"href":"https:\/\/www.infokuryr.cz\/n\/wp-json\/wp\/v2\/posts\/24416"}],"collection":[{"href":"https:\/\/www.infokuryr.cz\/n\/wp-json\/wp\/v2\/posts"}],"about":[{"href":"https:\/\/www.infokuryr.cz\/n\/wp-json\/wp\/v2\/types\/post"}],"author":[{"embeddable":true,"href":"https:\/\/www.infokuryr.cz\/n\/wp-json\/wp\/v2\/users\/2"}],"replies":[{"embeddable":true,"href":"https:\/\/www.infokuryr.cz\/n\/wp-json\/wp\/v2\/comments?post=24416"}],"version-history":[{"count":0,"href":"https:\/\/www.infokuryr.cz\/n\/wp-json\/wp\/v2\/posts\/24416\/revisions"}],"wp:featuredmedia":[{"embeddable":true,"href":"https:\/\/www.infokuryr.cz\/n\/wp-json\/wp\/v2\/media\/24417"}],"wp:attachment":[{"href":"https:\/\/www.infokuryr.cz\/n\/wp-json\/wp\/v2\/media?parent=24416"}],"wp:term":[{"taxonomy":"category","embeddable":true,"href":"https:\/\/www.infokuryr.cz\/n\/wp-json\/wp\/v2\/categories?post=24416"},{"taxonomy":"post_tag","embeddable":true,"href":"https:\/\/www.infokuryr.cz\/n\/wp-json\/wp\/v2\/tags?post=24416"}],"curies":[{"name":"wp","href":"https:\/\/api.w.org\/{rel}","templated":true}]}}