{"id":24406,"date":"2023-03-14T01:07:09","date_gmt":"2023-03-14T00:07:09","guid":{"rendered":"http:\/\/www.infokuryr.cz\/n\/?p=24406"},"modified":"2023-03-14T07:39:12","modified_gmt":"2023-03-14T06:39:12","slug":"demonstrace-naznacila-prichazi-cas-cinu-radikalni-nepodvoleni-testovali-totalitu","status":"publish","type":"post","link":"https:\/\/www.infokuryr.cz\/n\/2023\/03\/14\/demonstrace-naznacila-prichazi-cas-cinu-radikalni-nepodvoleni-testovali-totalitu\/","title":{"rendered":"Demonstrace nazna\u010dila: P\u0159ich\u00e1z\u00ed \u010das \u010din\u016f. Radik\u00e1ln\u00ed nepodvolen\u00ed testovali totalitu"},"content":{"rendered":"<div id=\"fb-root\"><\/div>\n<div id=\"ArticleTop\">\n<h2>\u017dlutomodr\u00fd symbol v\u00e1lky Z\u00e1padu proti Rusku mus\u00ed pry\u010d! Vrabel, Popelka a dal\u0161\u00ed zapomenuti? V\u016fdce sjednotitel? Co t\u0159eba Miroslav \u0160ev\u010d\u00edk?<\/h2>\n<p class=\"clkPerex\"><strong><a class=\"clkAutor\" href=\"https:\/\/protiproud.info\/autor\/petr-hajek.htm\">PETR H\u00c1JEK<\/a> je p\u0159esv\u011bd\u010den, \u017ee pokus odstranit vlajku kyjevsk\u00e9ho pu\u010distick\u00e9ho banderovsk\u00e9ho re\u017eimu z N\u00e1rodn\u00edho muzea je zcela legitimn\u00ed &#8211; pr\u00e1v\u011b tak jako dal\u0161\u00ed projevy ob\u010dansk\u00e9 neposlu\u0161nosti, kter\u00e9 ohl\u00e1sil Jind\u0159ich Rajchl z tribuny pod \u010desk\u00fdmi patrony<\/strong><\/p>\n<\/div>\n<div id=\"Article\">\n<p>V\u010derej\u0161\u00ed demonstrace na V\u00e1clavsk\u00e9m n\u00e1m\u011bst\u00ed byla navzdory mraziv\u00e9mu po\u010das\u00ed pozoruhodn\u00e1. Nejen asi osmdes\u00e1ti tis\u00edci nepodvolen\u00fdch, jejich\u017e po\u010det tentokr\u00e1t policie na objedn\u00e1vku vl\u00e1dy a korpor\u00e1tn\u00edch m\u00e9di\u00ed v\u00a0\u010dele s\u00a0tzv. ve\u0159ejnopr\u00e1vn\u00edmi si rad\u011bji nedovolila &#8222;odhadnout&#8220;. P\u0159esto, \u017ee v\u0161e pe\u010dliv\u011b nat\u00e1\u010dela (jak sama p\u0159iznala). Tak\u017ee hovo\u0159\u00ed neutr\u00e1ln\u011b o &#8222;n\u011bkolika tis\u00edc\u00edch&#8220; &#8211; no, protestujte&#8230;<\/p>\n<p>Pozoruhodn\u00e1 byla i t\u00edm, \u017ee se konala pouh\u00e9 dva dny po obsc\u00e9nn\u00ed hradn\u00ed inauguraci p\u0159edlistopadov\u00e9ho rozv\u011bd\u010d\u00edka a jeho \u201epolovi\u010dky\u201c v\u00a0osob\u011b vystudovan\u00e9 politru\u010dky s\u00a0hodnosti plukovnice, proto &#8211; p\u0159\u00edpadn\u011b &#8211; jako ob\u0161lehnut\u00e9 od Kima ze Severn\u00ed Koreje. Ten mor\u00e1ln\u00ed k\u00fd\u010d byl tak nechutn\u00fd, \u017ee zvedl \u017ealudek dokonce i Magd\u011b Va\u0161\u00e1ryov\u00e9, kovan\u00e9 havlistce ze Sorosovy centr\u00e1ly bratislavsk\u00e9 kav\u00e1rny. V\u00a0tomto napohled bezv\u00fdchodn\u00e9m normaliza\u010dn\u00edm ovzdu\u0161\u00ed se p\u0159esto vypravily desetitis\u00edce odhodlan\u00fdch lid\u00ed do hlavn\u00edho m\u011bsta.<\/p>\n<h2>\u0158e\u010dn\u011bn\u00ed versus boj<\/h2>\n<p>V\u0161e prob\u00edhalo \u201enorm\u00e1ln\u011b\u201c jako na p\u0159edchoz\u00edch podzimn\u00edch protestech organizovan\u00fdch Ladislavem Vrabelem (kter\u00fd u\u017e mezit\u00edm stoj\u00ed p\u0159ed soudem \u2013 a\u010d o tom a o n\u011bm \u201ekupodivu\u201c nepadla z\u00a0p\u00f3dia jedin\u00e1 zm\u00ednka na jeho podporu): \u0158e\u010dnilo se (l\u00e9pe i h\u016f\u0159e, zaj\u00edmav\u011b i m\u00e9n\u011b zaj\u00edmav\u011b) o hospod\u00e1\u0159sk\u00e9, spole\u010densk\u00e9 a mravn\u00ed katastrof\u011b, do n\u00ed\u017e \u010desk\u00fd st\u00e1t dostala Fialov\u00e1 vl\u00e1da p\u011btice politick\u00fdch trpasl\u00edk\u016f, jim\u017e manipulace \u00fastavn\u00edho soudu a neschopnost spojen\u00ed skute\u010dn\u00fdch opozi\u010dn\u00edch sil umo\u017enily obsadit mocensk\u00e9 posty v\u00a0zemi. A te\u010f \u0159\u00e1dit, jak se na &#8222;dobyt\u00e9m \u00fazem\u00ed&#8220; na guanery slu\u0161\u00ed a pat\u0159\u00ed.<\/p>\n<p>To podstatn\u00e9 se v\u0161ak odehr\u00e1lo a\u017e po skon\u010den\u00ed \u0159e\u010dn\u011bn\u00ed. Radik\u00e1ln\u011bji lad\u011bn\u00e1 skupina nepodvolen\u00fdch se pokusila v\u00fdrazn\u011bj\u0161\u00edm gestem upozornit na pobu\u0159uj\u00edc\u00ed fakt, \u017ee na pr\u016f\u010del\u00ed \u010desk\u00e9ho N\u00e1rodn\u00edho muzea ji\u017e n\u011bkolik m\u011bs\u00edc\u016f vis\u00ed obrovsk\u00e1 ukrajinsk\u00e1 vlajka (pov\u011bsili ji na m\u00edsto, kam p\u0159edt\u00edm v\u011b\u0161eli V\u00e1clava Havla s\u00a0pozn\u00e1mkou, \u017ee je \u201ev\u011b\u010dn\u00fd\u201c \u2013 tak\u00e9 nic nov\u00e9ho v\u00a0obnoven\u00e9m protektor\u00e1tu \u010cechy a Morava). Ti lid\u00e9 si nemohli myslet, \u017ee \u017elutomodr\u00fd symbol v\u00e1lky USA a NATOvsk\u00e9ho Z\u00e1padu proti Rusku skute\u010dn\u011b sundaj\u00ed. V\u017edy\u0165 \u0161li v\u011bdom\u011b p\u0159\u00edmo proti kordonu po zuby ozbrojen\u00fdch policist\u016f.<\/p>\n<p>Ne jako lupi\u010di \u010desk\u00e9ho n\u00e1rodn\u00edho symbolu \u2013 prezidentsk\u00e9 standardy \u2013 se sebeudava\u010dsk\u00fdm (domn\u011ble vtipn\u00fdm) kav\u00e1rensk\u00fdm jm\u00e9nem Ztohoven. Ti se na st\u0159echu Hradu vpl\u00ed\u017eili tajn\u011b a zbab\u011ble ji sundali \u2013 a rozst\u0159\u00edhali. Je sm\u011b\u0161n\u00e9 \u0159\u00edkat, \u017ee ji komunistick\u00e9mu rozv\u011bd\u010d\u00edkovi p\u0159i jeho instalaci do nejvy\u0161\u0161\u00ed \u00fastavn\u00ed funkce vr\u00e1tili. Vr\u00e1tili jen podklad, na n\u011bj\u017e pak (kdo to asi zaplatil?) p\u016fvodn\u00ed vlajku kdosi rekonstruoval \u2013 a Petr P\u00e1vek kopii (origin\u00e1l je definitivn\u011b ztracen &#8211; a nic) slavnostn\u011b vyv\u011bsil z\u00a0hradn\u00edho balk\u00f3nu.<\/p>\n<p>Visela tam zplihle a ne\u0161\u0165astn\u011b ve st\u00ednu modro\u017elut\u00e9ho hadru (tzv. vlajky EU, kter\u00e1 v\u0161ak ofici\u00e1ln\u011b neexistuje) nad j\u00e1saj\u00edc\u00edmi davy podvolen\u00fdch, kter\u00e9 je\u0161t\u011b v\u010dera \u201estate\u010dn\u011b\u201c (kdy\u017e u\u017e se to sm\u00ed) vyk\u0159ikovaly s\u00a0Topol\u00e1nky, N\u011bmcov\u00fdmi, Fialy, Pekarov\u00fdmi \u010cT, \u010cRo a spol., \u017ee \u201es komunisty se nemluv\u00ed\u201c.<\/p>\n<h2>Ticho po p\u011b\u0161in\u011b<\/h2>\n<p>Tihle radik\u00e1ln\u011bji lad\u011bn\u00ed demonstranti prost\u011b c\u00edtili pot\u0159ebu d\u00e1t najevo, \u017ee pouh\u00e9 \u0159e\u010dn\u011bn\u00ed z\u00a0tribuny je pro n\u011b u\u017e m\u00e1lo. Proto\u017ee statis\u00edcov\u00fdm dav\u016fm se Fialov\u00ed uchvatitel\u00e9 ze sv\u00fdch v\u00fd\u0161in luxusn\u011b placen\u00fdch Nedotknuteln\u00fdch mohou tak akor\u00e1t sm\u00e1t \u010di sp\u00ed\u0161e vysm\u00edvat. A mezit\u00edm p\u0159ipravovat mobiliza\u010dn\u00ed rozkazy, pro p\u0159\u00edpad, \u017ee jejich \u201e\u0159\u00edd\u00edc\u00ed d\u016fstojn\u00edci\u201c z\u00a0Washingtonu (p\u0159es centr\u00e1lu na pra\u017esk\u00e9 ambas\u00e1d\u011b USA) zavel\u00ed, a vl\u00e1da (bez nutnosti schv\u00e1len\u00ed parlamentem) po\u0161le na\u0161e mu\u017ee (a mo\u017en\u00e1 i \u017eeny) na jatka na ukrajinsko-rusk\u00e9 hranici, a\u017e za\u010dnou doch\u00e1zet (nebo se p\u0159estanou skr\u00fdvat u n\u00e1s) kyjevsk\u00fdm banderovsk\u00fdm re\u017eimem mobilizovan\u00ed Ukrajinci. Tak\u00e9 o tom byly \u201evrabelovsk\u00e9\u201c demonstrace. Z\u00a0t\u00e9 \u201erajchlovsk\u00e9\u201c se toto t\u00e9ma t\u00e9m\u011b\u0159 vypa\u0159ilo \u2013 zbylo jen pov\u0161echn\u00e9 \u201eum\u00edrn\u011bn\u00e9\u201c vol\u00e1n\u00ed po m\u00edru.<\/p>\n<p>A stejn\u00e9 to bylo i s\u00a0ukrajinsk\u00fdmi vlajkami: Minule t\u00e9ma, te\u010f nic. \u201eUm\u00edrn\u011bnost\u201c dos\u00e1hla takov\u00fdch \u201ekvalit\u201c, \u017ee to mohla p\u0159en\u00e1\u0161et i televize. A moravsk\u00fd disident Sl\u00e1vek Popelka, kter\u00fd po odstran\u011bn\u00ed ohavn\u00e9ho v\u00e1le\u010dn\u00e9ho symbolu z\u00a0N\u00e1rodn\u00edho muzea volal a otev\u0159en\u011b prohla\u0161oval, \u017ee ho \u201ep\u016fjde sundat\u201c, ji\u017e tak\u00e9 skon\u010dil p\u0159ed soudem \u2013 a je dokonce prvoinstan\u010dn\u011b odsouzen. Ani o n\u011bm nepadlo jedin\u00e9 slovo podpory z\u00a0p\u00f3dia. Ticho po p\u011b\u0161in\u011b. Vlastn\u011b t\u00edm organiz\u00e1to\u0159i ml\u010dky p\u0159ipustili, \u017ee to jsou \u201edezol\u00e1ti\u201c \u2013 jak p\u0159edchoz\u00ed demonstranty ozna\u010dovala Pekarov\u00e1, Fiala a spol. \u2013 a jejich korpor\u00e1tn\u00ed m\u00e9dia. Co s\u00a0t\u00edm?<\/p>\n<h2>Provokace?<\/h2>\n<p>Do redakce p\u0159i\u0161la okam\u017eit\u011b \u0159ada dopis\u016f. Ocituji jeden velmi typick\u00fd:<\/p>\n<p>\u201eZdrav\u00edm v\u00e1s pane H\u00e1jku,<\/p>\n<p>V\u010dera jsme byli na V\u00e1clav\u00e1ku s man\u017eelkou, a je\u0161t\u011b s p\u0159\u00e1teli z jin\u00e9ho patra na\u0161eho vchodu. Tak\u017ee dva byty z dvaceti \u010dty\u0159. Bylo dob\u0159e, \u017ee byl sly\u0161et i z\u00e1stupce vysoko\u0161kol\u00e1k\u016f. Jen se n\u00e1m zd\u00e1lo divn\u00e9, \u017ee tam chodil n\u011bkdo s tlampa\u010dem a vyb\u00edzel, abychom nakonec \u0161li do Muzea a strhli ukrajinskou vlajku. Jak by to cht\u011bli prov\u00e9st?<\/p>\n<p>Po\u017eadavek, aby na N\u00e1rodn\u00edm muzeu nevl\u00e1la podepisuji, ale jsem sp\u00ed\u0161e pro petici s v\u00fdzvou k tomu, aby ji pracovn\u00edci muzea sundali sami. Odch\u00e1zeli jsme p\u0159ed koncem, proto\u017ee na\u0161im man\u017eelk\u00e1m byla zima, ale u\u017e cestou dom\u016f n\u00e1s napadlo \u017ee ta v\u00fdzva k odstran\u011bn\u00ed vlajky mohla b\u00fdt provokace. V podobn\u00e9m duchu jako &#8222;\u00fatok&#8220; na Kapitol v roce 2021. Dnes r\u00e1no mi to potvrdilo prohl\u00e1\u0161en\u00ed pana Raku\u0161ana. Vypad\u00e1 to, \u017ee fakt neum\u00ed vymyslet nic origin\u00e1ln\u00edho, jen kop\u00edruj\u00ed praktiky v USA.<\/p>\n<p>Prost\u011b m\u00edsto jak\u00e9hokoliv dialogu, hned diskreditovat a p\u0159ipravit si p\u016fdu pro budouc\u00ed tvrd\u00e9 potla\u010dov\u00e1n\u00ed demonstrac\u00ed. \u010cekaj\u00ed n\u00e1s t\u011b\u017ek\u00e9 \u010dasy, ale mus\u00edme vydr\u017eet. U\u017e kv\u016fli budoucnosti na\u0161ich d\u011bt\u00ed.<\/p>\n<p>D\u011bkuji za to, \u017ee jste, dr\u017e\u00edm palce, v\u00edm \u017ee to nevzd\u00e1te, a i j\u00e1 v\u011b\u0159\u00edm ve \u0161\u0165astn\u00e9 konce a budu v\u00e1s podporovat.<\/p>\n<p>Jaroslav \u0160., Kladno\u201c<\/p>\n<h2>Palach\u016fv t\u00fdden se vrac\u00ed<\/h2>\n<p>Pane Jaroslave, v\u00fdjime\u010dn\u011b si nemysl\u00edm, \u017ee \u0161lo o \u0159\u00edzenou Raku\u0161anovu provokaci. Odpov\u00edd\u00e1m V\u00e1m takto hned aktu\u00e1ln\u011b, abychom nemuseli \u010dekat na na\u0161i pravidelnou p\u00e1te\u010dn\u00ed Tea Party, do n\u00ed\u017e se toho mo\u017en\u00e1 je\u0161t\u011b mnoho stane. Takov\u00e1 &#8222;kapitolsk\u00e1&#8220; provokace by vypadala jinak. Sp\u00ed\u0161e soud\u00edm, \u017ee n\u011bkter\u00fdm nepodvolen\u00fdm skute\u010dn\u011b u\u017e do\u0161la trp\u011blivost s\u00a0pouh\u00fdm \u0159e\u010dn\u011bn\u00edm, demonstracemi a peticemi \u2013 a rozhodli se pozvednout konflikt s\u00a0vl\u00e1dou na \u201evy\u0161\u0161\u00ed \u00farove\u0148\u201c. Je to vlastn\u011b z\u00e1stupn\u011b cosi jako prvn\u00ed projev \u201eob\u010dansk\u00e9 neposlu\u0161nosti\u201c.<\/p>\n<p>Z hlediska demonstrant\u016f velmi m\u00edrn\u00fd (srovnejme obr\u00e1zky molotovov\u00fdch koktejl\u016f a ml\u00e1cen\u00ed ho\u0159\u00edc\u00edch policist\u016f &#8222;spr\u00e1vn\u00fdmi demonstranty&#8220; ned\u00e1vno v Gruzii). Ze strany st\u00e1tn\u00ed moci neadekv\u00e1tn\u011b brut\u00e1ln\u00ed. To, co se d\u011blo na schodech u Muzea dostate\u010dn\u011b p\u0159esn\u011b popsal d\u011bkan N\u00e1rodohospod\u00e1\u0159sk\u00e9 fakulty V\u0160E Miroslav \u0160ev\u010d\u00edk, kter\u00fd u toho p\u0159\u00edmo byl. Sice jenom \u0161el kolem \u2013 ale u\u017e mu hroz\u00ed \u201evy\u0161et\u0159ov\u00e1n\u00ed\u201c v\u00a0zam\u011bstn\u00e1n\u00ed. Poslechn\u011bme si ho:<\/p>\n<p><iframe loading=\"lazy\" src=\"https:\/\/www.facebook.com\/plugins\/video.php?href=https%3A%2F%2Fwww.facebook.com%2Fvolimtrikoloru%2Fvideos%2F957258808611413%2F&amp;show_text=0&amp;width=560\" width=\"546\" height=\"303\" data-mce-fragment=\"1\"><\/iframe><\/p>\n<p>A kdy\u017e se pod\u00edv\u00e1te i na dal\u0161\u00ed z\u00e1b\u011bry \u201est\u0159etu\u201c demonstrant\u016f s\u00a0t\u011b\u017ekood\u011bnci \u2013 pot\u00e9, co krvav\u011b zpacifikovali \u201eprvn\u00ed linii\u201c, odvlekli spoutan\u00e9 do muzea (a pak tvrdili, \u017ee t\u0159i policist\u00e9 jsou v\u00a0nemocnici po \u00faderu dr\u017eadly vlajek do p\u0159\u00edlby), pochop\u00edte je\u0161t\u011b v\u00edc:<\/p>\n<p><iframe loading=\"lazy\" src=\"https:\/\/www.facebook.com\/plugins\/video.php?href=https%3A%2F%2Fwww.facebook.com%2Fvolimtrikoloru%2Fvideos%2F168830598896493%2F&amp;show_text=0&amp;width=560\" width=\"546\" height=\"300\" data-mce-fragment=\"1\"><\/iframe><\/p>\n<p><span style=\"font-size: 18pt;\"><strong>Stoj\u00edme na prahu ob\u010dansk\u00e9ho konfliktu<\/strong><\/span><\/p>\n<p>Souhlas\u00edm s\u00a0Miroslavem \u0160ev\u010d\u00edkem: Palach\u016fv t\u00fdden je zp\u011bt. Ale trochu jinak. Pro\u017eil jsem ho tehdy cel\u00fd na V\u00e1clav\u00e1ku, policist\u00e9 (hlavn\u011b ti neuniformovan\u00ed) n\u00e1s honili jako lovnou zv\u011b\u0159, ale, sv\u011bte div se, ze zam\u011bstn\u00e1n\u00ed m\u011b nevyhodili. U\u017e toti\u017e v\u011bd\u011bli, \u017ee se konec bl\u00ed\u017e\u00ed \u2013 co\u017e my ani netu\u0161ili. Te\u010f budou naopak politick\u00e9 procesy a vyhazov\u00e1n\u00ed ze zam\u011bstn\u00e1n\u00ed b\u011b\u017en\u00e9.<\/p>\n<p>Jsme toti\u017e v\u00a0jin\u00e9 situaci: Te\u010f nikdo ze z\u00e1padn\u00edho zahrani\u010d\u00ed st\u00e1tn\u00ed p\u0159evrat (kter\u00fd dostane marketingovou zna\u010dku \u201esametov\u00e1 revoluce\u201c) neorganizuje. Teprve nyn\u00ed skute\u010dn\u011b bojujeme za svobodu (politickou, ekonomickou a st\u00e1tn\u00ed suverenitu) \u201es hol\u00fdma rukama\u201c. A ob\u010dansk\u00e1 neposlu\u0161nost \u2013 bez ohledu na nutn\u00e9 n\u00e1sledky \u2013 bude st\u00e1le \u010dast\u011bj\u0161\u00edm jevem projeven\u00ed odporu. Zd\u016fraz\u0148uji: Bez ohledu na n\u00e1sledky. Totalita a tyranie, zvan\u00e1 pro tento p\u0159\u00edpad \u201eliber\u00e1ln\u00ed demokracie\u201c, jinou cestu ne\u017e represi, cenzuru a zav\u00edr\u00e1n\u00ed nepodvolen\u00fdch nezn\u00e1.<\/p>\n<p>Stoj\u00edme na prahu skute\u010dn\u00e9ho ob\u010dansk\u00e9ho konfliktu. Nesouhlas\u00edm s n\u00e1zory, kter\u00e9 se objevuj\u00ed na na\u0161\u00ed \u201estran\u011b barik\u00e1dy\u201c (v souvislosti s\u00a0v\u00fdsledkem v\u0161eobecn\u00fdch i prezidentsk\u00fdch voleb), \u017ee prost\u011b \u201emus\u00edme respektovat\u201c spoluob\u010dany, kte\u0159\u00ed volili jinak. To by platilo za p\u0159edpokladu, \u017ee by totalita nem\u011bla v\u00a0rukou v\u0161echny prost\u0159edky k volebn\u00ed manipulaci a podvod\u016fm \u2013 korpor\u00e1tn\u00edmi a ve\u0159ejnopr\u00e1vn\u00edmi m\u00e9dii po\u010d\u00ednaje a cenzurou t\u011bch svobodn\u00fdch, repres\u00ed, vyhazov\u00e1n\u00edm ze zam\u011bstn\u00e1n\u00ed &#8211; zvl\u00e1\u0161t\u011b ve \u0161kol\u00e1ch je to obzvl\u00e1\u0161\u0165 drsn\u00e9 &#8211; kon\u010de.<\/p>\n<p>&nbsp;<\/p>\n<\/div>\n<p><iframe loading=\"lazy\" title=\"ONLINE P\u0158ENOS - Celon\u00e1rodn\u00ed setk\u00e1n\u00ed \u010cesko proti b\u00edd\u011b\" width=\"640\" height=\"360\" src=\"https:\/\/www.youtube.com\/embed\/TimCGDFaKe8?feature=oembed\" frameborder=\"0\" allow=\"accelerometer; autoplay; clipboard-write; encrypted-media; gyroscope; picture-in-picture; web-share\" allowfullscreen><\/iframe><\/p>\n<div id=\"Article\">\n<p><em>\u00a0\u00a0\u00a0 Kdo nemohl p\u0159ij\u00edt v sobotu na V\u00e1clav\u00e1k, m\u016f\u017ee zde zhl\u00e9dnout z\u00e1znam z cel\u00e9 akce<\/em><\/p>\n<h2>Sign\u00e1ly pro Fialov\u00e9<\/h2>\n<p>Premi\u00e9r Fiala n\u00e1m jak zn\u00e1mo r\u00e1d &#8222;vys\u00edl\u00e1 sign\u00e1ly&#8220;. Tohle byl &#8222;sign\u00e1l&#8220; pro n\u011bj a jeho spoluzlo\u010dince Raku\u0161ana, Jure\u010dku, Pekarovou, Barlo\u0161e &#8211; a ty, co jejich nez\u00e1konnostem, okr\u00e1d\u00e1n\u00ed bezmocn\u00fdch a v\u00fdprodeji zem\u011b do Bruselu a Washingtonu &#8211; kryj\u00ed z\u00e1da ve sn\u011bmovn\u011b a v sen\u00e1tu. Ne \u017ee by demonstrace tak\u00e9 jist\u00e9 &#8222;sign\u00e1ly&#8220; nevyslala. \u0158ada vystoupen\u00ed ur\u010dit\u011b st\u00e1la za to. A naopak. P\u0159\u00edli\u0161 jsem t\u0159eba nepochopil pro\u010d na p\u00f3diu mluvil \u0161\u00e9f Asociace nez\u00e1visl\u00fdch odbor\u016f Dufek, &#8222;vzorn\u00fd kovidista&#8220;, kdy\u017e organiz\u00e1to\u0159i pat\u0159ili mezi p\u0159edn\u00ed &#8222;antikovidisty.&#8220; Ale jin\u00ed zase t\u0159eba nemuseli rozum\u011bt skv\u011bl\u00e9mu vystoupen\u00ed Michala Sem\u00edna a jeho prosb\u011b k \u010desk\u00fdm patron\u016fm &#8211; jinak \u0159e\u010deno duchovn\u00edmu rozm\u011bru na\u0161eho boje za svobodu, jen\u017e zase t\u00e9m\u011b\u0159 absentoval na demonstrac\u00edch Ladislava Vrabela.<\/p>\n<p>Ale budi\u017e: Jde pr\u00e1v\u011b o to, aby se nejr\u016fzn\u011bj\u0161\u00ed proudy nepodvolen\u00fdch za\u010daly sl\u00e9vat do jednoho toku. Proto nemus\u00edm b\u00fdt spokojen s t\u00edm, \u017ee t\u00e9ma okr\u00e1dan\u00fdch d\u016fchodc\u016f zde zn\u011blo jen &#8222;jaksi mimochodem&#8220;, zat\u00edmco v t\u00fddnu p\u0159edt\u00edm o n\u011bj Tomio Okamura a Andrej Babi\u0161 svedli ve sn\u011bmovn\u011b mimo\u0159\u00e1dn\u011b ostr\u00fd souboj. Faktem je, \u017ee v\u0161e sm\u011b\u0159ovalo k fin\u00e1le: Emotivn\u00ed vystoupen\u00ed Jind\u0159icha Rajchla, p\u0159edsedy strany PRO, jen\u017e byl hlavn\u00edm organiz\u00e1torem, ur\u010dit\u011b st\u00e1lo za to.<\/p>\n<p>Jeho sd\u011blen\u00ed, \u017ee pokud demonstrace s vl\u00e1dou nepohne (co\u017e je zcela jist\u00e9), pak po dal\u0161\u00ed pl\u00e1novan\u00e9 demonstraci (16. dubna) bude n\u00e1sledovat permanentn\u00ed blokov\u00e1n\u00ed vl\u00e1dn\u00edch budov, bylo alespo\u0148 n\u011bjak\u00fdm konkr\u00e9tn\u00edm z\u00e1v\u011brem promrzl\u00e9ho protestu (kdyby program byl o hodinu krat\u0161\u00ed, vystoupen\u00ed stru\u010dn\u011bj\u0161\u00ed a \u00fadern\u011bj\u0161\u00ed &#8211; \u0159ekn\u011bme m\u00e9n\u011b &#8222;rozj\u00edmav\u00e1&#8220; &#8211; bylo by to nepochybn\u011b ku prosp\u011bchu v\u011bci). Jak\u00fd div, \u017ee na Rajchla u\u017e hned sm\u011b\u0159uje trestn\u00ed ozn\u00e1men\u00ed za &#8222;rozvracen\u00ed republiky&#8220;. Vzpom\u00edn\u00e1te, pam\u011btn\u00edci?<\/p>\n<p><img decoding=\"async\" loading=\"lazy\" title=\"pp\" src=\"https:\/\/protiproud.info\/images\/textiky\/namesti.jpg\" alt=\"pp\" width=\"546\" height=\"258\" \/><\/p>\n<p><em>Bylo n\u00e1s tam v\u010dera jen p\u00e1r tis\u00edc\u2026<\/em><\/p>\n<h2>\u010cas \u010din\u016f?<\/h2>\n<p>Nicm\u00e9n\u011b jsem si jist, \u017ee to nejpodstatn\u011bj\u0161\u00ed se odehr\u00e1lo a\u017e na schodech N\u00e1rodn\u00edho muzea. Tento &#8222;sign\u00e1l&#8220; bychom nem\u011bli zapomenout. Stejn\u011b jako fakt, \u017ee sta\u010d\u00ed p\u0159ij\u00edt s n\u00e1\u0161ivkou &#8222;Z&#8220; na batohu &#8211; a seberou v\u00e1s pro &#8222;podporu genocidy&#8220; (!) &#8211; a\u010dkoli je to pr\u00e1v\u011b naopak: genocid\u011b ruskojazy\u010dn\u00fdch ob\u010dan\u016f Don\u011bcku a Luhansku z bomb a samopal\u016f kyjevsk\u00e9ho pu\u010distick\u00e9ho re\u017eimu u\u010dinila rusk\u00e1 &#8222;Z&#8220; operace p\u0159\u00edtr\u017e. Jen\u017ee d\u00e1vno u\u017e nejde o to, co je realita \u010di pravda. V totalit\u00e1ch je jedinou ob\u010danskou povinnost lh\u00e1t &#8211; a pravda nejen\u017ee nev\u00edt\u011bz\u00ed, ale je trestn\u00e1.<\/p>\n<p>Co \u0159\u00edci z\u00e1v\u011brem? Dovol\u00edm si je\u0161t\u011b jednu polemiku. S n\u00e1zorem, kter\u00fd jsem tak\u00e9 v reakci na demonstraci zaznamenal od v\u00fdznamn\u00e9ho \u010dlena Trikolory: \u017de pr\u00fd nepot\u0159ebujeme \u017e\u00e1dn\u00e9ho f\u00fchrera, duceho \u010di v\u016fdce (ve zjevn\u00e9 &#8211; a zbyte\u010dn\u00e9 &#8211; &#8222;\u017e\u00e1rliv\u00e9&#8220; nar\u00e1\u017ece na Jind\u0159icha Rajchla, jemu\u017e se demonstrace prost\u011b poda\u0159ila, a pozornost nepodvolen\u00fdch na sebe skute\u010dn\u011b obr\u00e1til).<\/p>\n<p>F\u00fchrera ur\u010dit\u011b ne. Ale silnou postavu, kter\u00e1 by dok\u00e1zala pospojovat mimoparlamentn\u00ed odpor s t\u00edm parlamentn\u00edm &#8211; na toho ur\u010dit\u011b \u010dek\u00e1me. Nechceme-li, aby se brzy v\u0161echno za\u010dalo odehr\u00e1vat p\u0159edev\u0161\u00edm v autentick\u00fdch akc\u00edch ob\u010dansk\u00e9 neposlu\u0161nosti &#8211; \u010di n\u011b\u010dem je\u0161t\u011b daleko drsn\u011bj\u0161\u00edm.<\/p>\n<p>Takov\u00fd Miroslav \u0160ev\u010d\u00edk by toho mysl\u00edm schopen byl. Pokud by cht\u011bl. Pokud ho nevyhod\u00ed ze zam\u011bstn\u00e1n\u00ed. Pokud neskon\u010d\u00ed v policejn\u00ed cele. Trochu moc &#8222;pokud&#8220;?<\/p>\n<p>Konfrontace prost\u011b p\u0159estoupila na vy\u0161\u0161\u00ed \u00farove\u0148. Jak by ne, kdy\u017e se n\u00e1m ze Strakovky sm\u011bje Fiala a z Hradu vyhro\u017euje P\u00e1vek.<\/p>\n<p>P\u0159ich\u00e1z\u00ed \u010das \u010din\u016f.<\/p>\n<p>P\u0159evzato\u00a0<a href=\"https:\/\/protiproud.info\/politika\/7064-demonstrace-naznacila-prichazi-cas-cinu-radikalni-nepodvoleni-testovali-totalitu-zlutomodry-symbol-valky-zapadu-proti-rusku-musi-pryc-vrabel-popelka-a-dalsi-zapomenuti-vudce-sjednotitel-co-treba-miroslav-sevcik.htm\">PROTIPROUD<\/a><\/p>\n<\/div>\n<p>&nbsp;<\/p>\n<p>&nbsp;<\/p>\n<p><img decoding=\"async\" loading=\"lazy\" class=\"wp-image-19187 aligncenter\" src=\"http:\/\/www.infokuryr.cz\/n\/wp-content\/uploads\/2022\/12\/1-PRO-300x36.jpg\" alt=\"\" width=\"1142\" height=\"137\" srcset=\"https:\/\/www.infokuryr.cz\/n\/wp-content\/uploads\/2022\/12\/1-PRO-300x36.jpg 300w, https:\/\/www.infokuryr.cz\/n\/wp-content\/uploads\/2022\/12\/1-PRO.jpg 699w\" sizes=\"(max-width: 1142px) 100vw, 1142px\" \/><\/p>\n<p>&nbsp;<\/p>\n<p><img decoding=\"async\" loading=\"lazy\" class=\"wp-image-24432 aligncenter\" src=\"http:\/\/www.infokuryr.cz\/n\/wp-content\/uploads\/2023\/03\/pozvanka-teplice-pro-1-300x156.jpg\" alt=\"\" width=\"1063\" height=\"553\" srcset=\"https:\/\/www.infokuryr.cz\/n\/wp-content\/uploads\/2023\/03\/pozvanka-teplice-pro-1-300x156.jpg 300w, https:\/\/www.infokuryr.cz\/n\/wp-content\/uploads\/2023\/03\/pozvanka-teplice-pro-1.jpg 1272w\" sizes=\"(max-width: 1063px) 100vw, 1063px\" \/><\/p>\n<p>&nbsp;<\/p>\n<p>&nbsp;<\/p>\n","protected":false},"excerpt":{"rendered":"<p>\u017dlutomodr\u00fd symbol v\u00e1lky Z\u00e1padu proti Rusku mus\u00ed pry\u010d! Vrabel, Popelka a dal\u0161\u00ed zapomenuti? V\u016fdce sjednotitel?&#8230;<\/p>\n","protected":false},"author":2,"featured_media":24407,"comment_status":"closed","ping_status":"closed","sticky":false,"template":"","format":"standard","meta":[],"categories":[6],"tags":[1042,2992,234,2663,95],"_links":{"self":[{"href":"https:\/\/www.infokuryr.cz\/n\/wp-json\/wp\/v2\/posts\/24406"}],"collection":[{"href":"https:\/\/www.infokuryr.cz\/n\/wp-json\/wp\/v2\/posts"}],"about":[{"href":"https:\/\/www.infokuryr.cz\/n\/wp-json\/wp\/v2\/types\/post"}],"author":[{"embeddable":true,"href":"https:\/\/www.infokuryr.cz\/n\/wp-json\/wp\/v2\/users\/2"}],"replies":[{"embeddable":true,"href":"https:\/\/www.infokuryr.cz\/n\/wp-json\/wp\/v2\/comments?post=24406"}],"version-history":[{"count":0,"href":"https:\/\/www.infokuryr.cz\/n\/wp-json\/wp\/v2\/posts\/24406\/revisions"}],"wp:featuredmedia":[{"embeddable":true,"href":"https:\/\/www.infokuryr.cz\/n\/wp-json\/wp\/v2\/media\/24407"}],"wp:attachment":[{"href":"https:\/\/www.infokuryr.cz\/n\/wp-json\/wp\/v2\/media?parent=24406"}],"wp:term":[{"taxonomy":"category","embeddable":true,"href":"https:\/\/www.infokuryr.cz\/n\/wp-json\/wp\/v2\/categories?post=24406"},{"taxonomy":"post_tag","embeddable":true,"href":"https:\/\/www.infokuryr.cz\/n\/wp-json\/wp\/v2\/tags?post=24406"}],"curies":[{"name":"wp","href":"https:\/\/api.w.org\/{rel}","templated":true}]}}