{"id":24390,"date":"2023-03-14T00:58:33","date_gmt":"2023-03-13T23:58:33","guid":{"rendered":"http:\/\/www.infokuryr.cz\/n\/?p=24390"},"modified":"2023-03-14T07:32:33","modified_gmt":"2023-03-14T06:32:33","slug":"nedelnik-adama-b-bartose-125-o-chybejicich-policistech-na-sobotni-demonstraci","status":"publish","type":"post","link":"https:\/\/www.infokuryr.cz\/n\/2023\/03\/14\/nedelnik-adama-b-bartose-125-o-chybejicich-policistech-na-sobotni-demonstraci\/","title":{"rendered":"NED\u011aLN\u00cdK ADAMA B. BARTO\u0160E (125) O CHYB\u011aJ\u00cdC\u00cdCH POLICISTECH NA SOBOTN\u00cd DEMONSTRACI"},"content":{"rendered":"<div id=\"fb-root\"><\/div>\n<p><strong>Dne\u0161n\u00ed ned\u011bln\u00edk za\u010dnu kr\u00e1tkou \u00favahou o sobotn\u00ed demonstraci, na\u010de\u017e p\u0159ejdu k v\u00e1\u017en\u011bj\u0161\u00edm t\u00e9mat\u016fm. Bylo dobr\u00e9, \u017ee se na V\u00e1clav\u00e1ku se\u0161lo tolik lid\u00ed, bylo kr\u00e1sn\u00e9 vid\u011bt t\u0159epotat \u010desk\u00e9 vlajky. I my jsme tam byli, vzali jsme n\u011bkolik vlajek N\u00e1rodn\u00ed demokracie a ty nakonec m\u011bly i vedlej\u0161\u00ed efekt jak\u00fdchsi maj\u00e1k\u016f v tom velk\u00e9m davu. Hledali jsme se podle nich, potk\u00e1vali mne pod nimi zn\u00e1m\u00ed a p\u0159\u00e1tel\u00e9 (a j\u00e1 je), tak\u017ee jsem v\u011bt\u0161inu demonstrace prodebatil s lidmi, kter\u00e9 jsem u\u017e dlouho nevid\u011bl a byl jsem r\u00e1d, \u017ee jsme se mohli potkat.<\/strong><span id=\"more-13475\"><\/span><\/p>\n<p>Projevy jsem tedy poslouchal jen jedn\u00edm uchem, nebo sp\u00ed\u0161e polovinou jednoho ucha. Nebyly moc zaj\u00edmav\u00e9, proto\u017ee se prob\u00edralo v\u0161echno mo\u017en\u00e9, v\u010detn\u011b covidu, jako kdyby nejv\u011bt\u0161\u00edm probl\u00e9mem dne\u0161ka nebyla v\u00e1lka, p\u0159ed kterou stoj\u00edme. I proto mi p\u0159i\u0161lo hodn\u011b alibistick\u00e9 Rajchlovo \u00favodn\u00ed vymezen\u00ed se v\u016f\u010di Rusku a Putinovi \u2013 a\u017e mne p\u0159ekvapilo a \u0159adu m\u00fdch p\u0159\u00e1tel rovn\u011b\u017e, proto\u017ee dost lid\u00ed na demonstraci mohlo p\u0159ij\u00edt i proto, aby vyj\u00e1d\u0159ilo sv\u016fj nesouhlas se zahrani\u010dn\u00ed politikou vl\u00e1dy. O tom, \u017ee nechceme v\u00e1lku, m\u011bla b\u00fdt tato demonstrace p\u0159edev\u0161\u00edm, ale ona to byla sp\u00ed\u0161e p\u0159ehl\u00eddka stran\u00edk\u016f PRO, b\u00fdval\u00fdch havlist\u016f (usp\u00e1va\u010d had\u016f Igor Chaun), vyslou\u017eil\u00fdch politik\u016f (Dernerov\u00e1), nespokojen\u00fdch starost\u016f, ale tak\u00e9 \u0159e\u010dn\u00edk\u016f, kte\u0159\u00ed neust\u00e1le mluvili o mravn\u00ed krizi a mravn\u00ed b\u00edd\u011b nebo alespo\u0148 p\u0159\u00e1li \u201eslunce v du\u0161i\u201c. Ne\u0159\u00edk\u00e1m, \u017ee to nen\u00ed pravda a osobn\u011b m\u00e1m tento Ba\u0165\u016fv cit\u00e1t r\u00e1d, dokud si z n\u011bj neud\u011blal svoji osobn\u00ed fr\u00e1zi J. Rajchl, kter\u00fd to opakuje, kudy chod\u00ed, co\u017e by bylo pochopiteln\u00e9 (kdy\u017e se mu l\u00edb\u00ed, pro\u010d ne), ale opakovali ho i dal\u0161\u00ed \u0159e\u010dn\u00edci PRO i nePRO, a\u017e to vypadalo, jako kdyby nem\u011bli co jin\u00e9ho \u0159\u00edci. R\u016fzn\u00ed pasto\u0159i nebo zase katoli\u010dt\u00ed laikov\u00e9, kte\u0159\u00ed se modlili ke sv. Ludmile, tak\u017ee \u010dlov\u011bk mohl m\u00edt pocit jako na n\u011bjak\u00e9m n\u00e1bo\u017eensk\u00e9m setk\u00e1n\u00ed. Jsem tak\u00e9 v\u011b\u0159\u00edc\u00ed, ale lid\u00e9 pot\u0159ebuj\u00ed sly\u0161et n\u011bco jin\u00e9ho, ne\u017e jen povzdechy nad zka\u017eenost\u00ed sv\u011bta a duchovn\u00ed v\u00fdzvy k usebr\u00e1n\u00ed.<\/p>\n<p>V podstat\u011b to hlavn\u00ed se ale J. Rajchlovi poda\u0159ilo. Pokud \u00fa\u010dastn\u00edk demonstrace \u010dekal na n\u011bjak\u00e9 r\u00e1zn\u00e9 slovo, na z\u00e1v\u011br se ho do\u010dkal. P\u0159edstaven\u00ed dal\u0161\u00edch krok\u016f zn\u011blo slibn\u011b, pokud tedy bylo my\u0161leno v\u00e1\u017en\u011b. Osobn\u011b m\u00e1m v\u00edcero d\u016fvod\u016f, pro\u010d b\u00fdt ohledn\u011b pana Rajchla opatrn\u00fd, ale m\u011bl by dostat \u0161anci. A tak\u00e9 n\u011bjak\u00e9 dny h\u00e1jen\u00ed. A nemus\u00ed jich b\u00fdt ani sto, on s\u00e1m si ostatn\u011b ur\u010dil \u010das, kter\u00fd pot\u0159ebuje k dal\u0161\u00edmu kroku \u2013 v podstat\u011b m\u011bs\u00edc. Pokud vl\u00e1da do m\u011bs\u00edce nezareaguje, Rajchl pr\u00fd za\u010dne konat. Tam se uvid\u00ed, jak moc v\u00e1\u017en\u011b to mysl\u00ed. Do t\u00e9 doby ho nechci kritizovat.<\/p>\n<p>Ov\u0161em jedna v\u011bc mne na demonstraci zaujala je\u0161t\u011b trochu jinak. Na rozd\u00edl od dramatick\u00e9 p\u0159etahovan\u00e9 u Muzea (kter\u00e1 ale nebyla jej\u00ed sou\u010d\u00e1st\u00ed), byla cel\u00e1 Rajchlova akce t\u00e9m\u011b\u0159 bez policist\u016f. Pozn\u00e1m tajn\u00e9, kter\u00e9 nejde nepoznat, ale moc jsem jich tam nevid\u011bl. Nevid\u011bl jsem tam ani p\u0159\u00edli\u0161 oby\u010dejn\u00fdch policist\u016f, nato\u017e t\u011b\u017ekood\u011bnc\u016f. Proch\u00e1zel jsem i p\u0159ilehl\u00e9 ulice a nikde nebyly kordony policejn\u00edch hl\u00eddek, nikde \u017e\u00e1dn\u00e9 antony, nikde \u017e\u00e1dn\u00e9 p\u0159ipraven\u00e9 z\u00e1sahov\u00e9 jednotky. Nebyla tam ta v\u017edy p\u0159\u00edtomn\u00e1 \u0161piclovac\u00ed dod\u00e1vka, kter\u00e1 vysune sto\u017e\u00e1r s v\u0161emo\u017en\u00fdmi ant\u00e9nami, mikrofony a kamerami a sn\u00edm\u00e1 ka\u017ed\u00e9 va\u0161e slov\u00ed\u010dko \u2013 nebylo tam zkr\u00e1tka nic, co zn\u00e1me z na\u0161ich demonstrac\u00ed.<\/p>\n<p>Paradoxem je, \u017ee o p\u00e1r kilometr\u016f vzdu\u0161nou \u010darou d\u00e1le, na Pala\u010d\u00e1ku, kde asi dvac\u00edtka \u017een protestovala proti v\u00e1lce, bylo tajn\u00fdch policist\u016f mnohem v\u00edce. Jako kdyby se v\u011bd\u011blo, \u017ee na akci na V\u00e1clav\u00e1ku nebude \u017e\u00e1dn\u00fd pr\u016fser. Nebo je\u0161t\u011b jinak \u2013 jako kdyby se v\u011bd\u011blo, \u017ee tahle akce je OK, \u017ee je chr\u00e1n\u011bn\u00e1 a \u017ee na n\u00ed net\u0159eba zasahovat. A aby to nebylo tak okat\u00e9, men\u0161\u00ed z\u00e1sah v r\u00e1mci provokace u Muzea m\u00e1 tento dojem zamaskovat. Tam u\u017e najednou t\u011b\u017ekood\u011bnci byli \u2013 ale bodej\u0165 by ne, kdy\u017e davem chodil man\u00edk s megafonem a vyk\u0159ikoval, \u017ee po akci se p\u016fjde sundat vlajka Ukrajiny. Podle mne od za\u010d\u00e1tku provokace, proto\u017ee vlajka Ukrajiny nem\u00e1 na na\u0161em n\u00e1rodn\u00edm muzeu co pohled\u00e1vat (to je jasn\u00e9 a s\u00e1m jsem to n\u011bkolikr\u00e1t v ned\u011bln\u00edc\u00edch psal), ale p\u0159edstava, \u017ee ji dav sund\u00e1, byla dost naivn\u00ed. Bylo jasn\u00e9, \u017ee policejn\u00ed sbory budou ukrajinskou fangli st\u0159e\u017eit jako Raku\u0161anovo vypoulen\u00e9 oko v hlav\u011b. Ostatn\u011b, toto video to potvrzuje \u2013\u00a0<a href=\"https:\/\/www.youtube.com\/watch?v=BDCsJhfbIos\" target=\"_blank\" rel=\"noopener\"><em><strong>\u00fato\u010dit za\u010dali jako prvn\u00ed policist\u00e9<\/strong><\/em><\/a>.<\/p>\n<p><iframe loading=\"lazy\" title=\"Z\u00e1sah p\u0159ed muzeem byl vyprovokov\u00e1n polici\u00ed!\" width=\"640\" height=\"360\" src=\"https:\/\/www.youtube.com\/embed\/BDCsJhfbIos?feature=oembed\" frameborder=\"0\" allow=\"accelerometer; autoplay; clipboard-write; encrypted-media; gyroscope; picture-in-picture; web-share\" allowfullscreen><\/iframe><\/p>\n<p>Nemluv\u011b o tom, \u017ee \u2013 podobn\u011b jako na Vr\u00e1belov\u00fdch demonstrac\u00edch \u2013 bylo i zde \u010dteno telefonn\u00ed \u010d\u00edslo a po\u010det p\u0159\u00edznivc\u016f, kte\u0159\u00ed na toto \u010d\u00edslo svoj\u00ed esemeskou \u010di sv\u00fdm hovorem vyj\u00e1d\u0159ili podporu. Pt\u00e1m se, pro\u010d tyto podivn\u00e9 a zbyte\u010dn\u00e9 technick\u00e9 kroky, kter\u00e9 k ni\u010demu dobr\u00e9mu nevedou. \u00da\u010dast na demonstraci \u010di po\u010det sympatizant\u016f se d\u00e1 zjistit mnohem p\u0159esn\u011bji jin\u00fdmi zp\u016fsoby, zat\u00edmco t\u00edmto shroma\u017e\u010fov\u00e1n\u00edm kontakt\u016f na jedno \u010d\u00edslo se nemohu ubr\u00e1nit dojmu, \u017ee se ministerstvu vnitra na zlat\u00e9m podnosu d\u00e1v\u00e1 seznam nepohodln\u00fdch ob\u010dan\u016f, kter\u00fd m\u016f\u017ee b\u00fdt v\u0161emo\u017en\u011b zneu\u017eit.<\/p>\n<p>Dost u\u017e ale o demonstraci, proto\u017ee demonstrace \u2013 a zvl\u00e1\u0161t\u011b takov\u00e9to poklidn\u00e9 \u2013 vl\u00e1du nijak ned\u011bs\u00ed a u\u017e v\u016fbec vl\u00e1du nesvrhnou. A v\u00e1lku nezastav\u00ed. Bylo by bl\u00e1hov\u00e9 si to myslet. O v\u00e1lce se rozhoduje n\u011bkde jinde, ne\u017e na ulici, a nemysl\u00edm t\u00edm Strakovku ani Hrad, nemysl\u00edm t\u00edm v\u016fbec \u017e\u00e1dn\u00e9 m\u00edsto v \u010cesk\u00e9 republice, nerozhoduje se o tom dokonce ani v Bruselu. A dokonce ani ve Washingtonu. Rozhoduje se tom v r\u016fzn\u00fdch City, v r\u016fzn\u00fdch lond\u00fdnsk\u00fdch kancel\u00e1\u0159\u00edch apod. A pokud se tito mezin\u00e1rodn\u00ed kmot\u0159i a bankste\u0159i rozhodnou, \u017ee v\u00e1lka bude, nebudou se pt\u00e1t n\u011bkde v Praze, co si o tom H\u0148up mysl\u00ed. A u\u017e v\u016fbec se nebudou pt\u00e1t, co si o tom mysl\u00ed pades\u00e1t tis\u00edc jak\u00fdchsi dezol\u00e1t\u016f. I kdyby se nakr\u00e1sn\u011b poda\u0159ilo polo\u017eit H\u0148upovu vl\u00e1du, bude instalov\u00e1na n\u011bjak\u00e1 jin\u00e1, kde jedna figurka bude nahrazena figurkou druhou a pojede se d\u00e1l, dokonce o n\u011bco radostn\u011bji a rychleji, proto\u017ee vl\u00e1da v demisi bude moci \u0159\u00e1dit je\u0161t\u011b v\u00edce a stejn\u011b tak i ta dal\u0161\u00ed, nov\u00e1, ne\u017e ji lid\u00e9 po p\u016fl roce prokouknou. Opakovan\u011b \u0159\u00edk\u00e1m, \u017ee je nutn\u00e1 zm\u011bna re\u017eimu, ale tu neud\u011bl\u00e1me, ani kdybychom vy\u0161li do ulic v\u0161ichni. Zm\u011bna re\u017eimu m\u016f\u017ee nastat a\u017e na z\u00e1klad\u011b zm\u011bn v mocensk\u00e9m uspo\u0159\u00e1d\u00e1n\u00ed sv\u011bta\u2026 Netvrd\u00edm t\u00edm, \u017ee si nem\u016f\u017eeme o sv\u00e9m osudu rozhodnout sami, tvrd\u00edm ale, \u017ee \u010das k tomu nenazr\u00e1l a \u017ee p\u0159\u00edpadn\u00fd impuls, kter\u00fd by k n\u011b\u010demu takov\u00e9mu vedl, bude odvisl\u00fd od toho, jak se situace vyvine ve sv\u011bte. Dokud budeme pat\u0159it do z\u00e1padn\u00ed sf\u00e9ry vlivu, na n\u011bjakou samostatnost, nez\u00e1vislost a suverenitu m\u016f\u017eeme zapomenout. Budoucnost \u010desk\u00fdch zem\u00ed se v historii v\u017edy odv\u00edjela od toho, jak dopadaly sv\u011btov\u00e9 v\u00e1lky \u2013 prvn\u00ed, druh\u00e1 i ta studen\u00e1. Jak dopadne ta t\u0159et\u00ed, jak se zm\u011bn\u00ed sv\u011bt, jak se budou p\u0159ekreslovat pomysln\u00e9 mapy, jak se dohodnou velmoci \u2013 podle toho dopadne i \u010cesk\u00e1 republika. Pokud tedy nast\u00e1vaj\u00edc\u00ed konflikt nebude nap\u0159\u00edklad jadern\u00fd \u2013 to by z \u010cesk\u00e9 republiky nic moc nezbylo.<\/p>\n<p>V s\u00e1zce je tedy hodn\u011b, a to nejen pro n\u00e1s, ale i pro velmoci samotn\u00e9. I ony bojuj\u00ed o hodn\u011b a ani jedna nechce prohr\u00e1t. Z\u00e1pad bojuje o sv\u00e9 p\u0159e\u017eit\u00ed, proto\u017ee bez expanze na v\u00fdchod se zhrout\u00ed, a o p\u0159e\u017eit\u00ed bojuje i Rusko, proto\u017ee kdy\u017e prohraje, Z\u00e1pad si ho rozparceluje, jak se u\u017e nyn\u00ed ve\u0159ejn\u011b mluv\u00ed (\u017ee je t\u0159eba Rusko rozd\u011blit na men\u0161\u00ed celky podle z\u00e1sady rozd\u011bl a panuj). Logicky je tedy v\u0161e na cest\u011b ke skute\u010dn\u00e9 v\u00e1lce (zat\u00edm si ob\u011b strany v\u00e1lku nevyhl\u00e1sily) a zabr\u00e1nit tomu m\u016f\u017ee jen m\u00edrov\u00e9 jedn\u00e1n\u00ed, o kter\u00e9 ale Z\u00e1pad nem\u00e1 z\u00e1jem, tak\u017ee se zd\u00e1, \u017ee v\u00e1lce nic nebr\u00e1n\u00ed. Jen\u017ee a\u017e takov\u00e1 v\u00e1lka skute\u010dn\u011b vypukne, budeme m\u00edt \u00fapln\u011b jin\u00e9 starosti, ne\u017e to, co se prob\u00edralo na sobotn\u00ed demonstraci. Dokonce i ty d\u016fchody, jejich\u017e kr\u00e1de\u017e vl\u00e1dou byla hanebn\u00e1 a odporn\u00e1 a vl\u00e1da by si u\u017e jen proto zaslou\u017eila sv\u016fj p\u00e1d, bude to posledn\u00ed, co n\u00e1s bude tr\u00e1pit, a\u017e budeme ve v\u00e1lce \u201eod prvn\u00ed minuty\u201c, jak n\u00e1m u\u017e podruh\u00e9 zopakoval gener\u00e1l \u0158ehka. Toti\u017e \u2013 kdy\u017e by k v\u00e1lce skute\u010dn\u011b do\u0161lo, nemohli bychom Ukrajin\u011b d\u00e1t u\u017e nic dal\u0161\u00edho, proto\u017ee v\u0161e jsme j\u00ed u\u017e dali. Mohli bychom j\u00ed d\u00e1t akor\u00e1t voj\u00e1ky, a to je p\u0159esn\u011b ten d\u016fvod, pro\u010d \u0158ehka mluvil o mobilizaci, proto\u017ee profesion\u00e1ln\u00ed voj\u00e1ci sta\u010dit nebudou (m\u00e1me jich jen p\u00e1r tis\u00edc).<\/p>\n<p>Proto by se m\u011bl ka\u017ed\u00fd \u2013 i fanatick\u00fd pra\u017esk\u00fd havlista \u2013 modlit, aby k v\u00e1lce nedo\u0161lo, proto\u017ee na rozd\u00edl od sv\u00fdch chvastounsk\u00fdch \u0159e\u010d\u00ed ani on s\u00e1m nechce j\u00edt proti Putinovi bojovat osobn\u011b, proto\u017ee u\u017e i mainstream naplno p\u0159izn\u00e1v\u00e1, \u017ee donbask\u00fd masoml\u00fdnek mele vskutku rychlost\u00ed nev\u00eddanou, tak\u017ee \u017eivotnost voj\u00e1ka na tamn\u00edm boji\u0161ti je zhruba\u00a0<a href=\"https:\/\/www.blesk.cz\/clanek\/zpravy-valka-na-ukrajine\/736131\/des-u-bachmutu-je-to-mlynek-na-maso-prumerna-zivotnost-vojaka-na-fronte-jsou-4-hodiny-rika-bojovnik.html\" target=\"_blank\" rel=\"noopener\"><em><strong>\u010dty\u0159i hodiny<\/strong><\/em><\/a>, jak jsme se do\u010detli na iDNESu.<\/p>\n<p>A proto\u017ee v\u00e1lka je \u2013 jak v\u0161e nasv\u011bd\u010duje \u2013 sp\u00ed\u0161e ot\u00e1zkou \u010dasu, m\u011bl by ka\u017ed\u00fd za\u010d\u00edt \u0159e\u0161it, co ud\u011bl\u00e1, a\u017e k n\u00ed skute\u010dn\u011b dojde a a\u017e dojde na \u0158ehkova slova o tom, \u017ee v t\u00e9to v\u00e1lce budeme od prvn\u00ed minuty. Potom bude pozd\u011b d\u011blat pl\u00e1ny. Ka\u017ed\u00fd by se nad t\u00edm m\u011bl za\u010d\u00edt zam\u00fd\u0161let u\u017e nyn\u00ed. Ka\u017ed\u00fd by m\u011bl m\u00edt pl\u00e1n (a nejl\u00e9pe n\u011bkolik, z\u00e1lo\u017en\u00edch), co ud\u011bl\u00e1, a\u017e by skute\u010dn\u011b nastalo to, po \u010dem havlistick\u00e1 soldateska st\u00e1le \u010dast\u011bji vol\u00e1\u2026<\/p>\n<p><em>Vlasti zdar!<br \/>\n<\/em><br \/>\n<em>Adam B. Barto\u0161<\/em><br \/>\n<em>p\u0159edseda N\u00e1rodn\u00ed demokracie<\/em><\/p>\n<p><img decoding=\"async\" loading=\"lazy\" class=\"alignnone size-full wp-image-678\" src=\"http:\/\/www.infokuryr.cz\/n\/wp-content\/uploads\/2021\/04\/narodni_demokracie_logo.jpg\" alt=\"\" width=\"300\" height=\"85\" \/><\/p>\n<p>____________________________<\/p>\n<p>&nbsp;<\/p>\n<p>&nbsp;<\/p>\n<p><img decoding=\"async\" loading=\"lazy\" class=\"wp-image-19187 aligncenter\" src=\"http:\/\/www.infokuryr.cz\/n\/wp-content\/uploads\/2022\/12\/1-PRO-300x36.jpg\" alt=\"\" width=\"1150\" height=\"138\" srcset=\"https:\/\/www.infokuryr.cz\/n\/wp-content\/uploads\/2022\/12\/1-PRO-300x36.jpg 300w, https:\/\/www.infokuryr.cz\/n\/wp-content\/uploads\/2022\/12\/1-PRO.jpg 699w\" sizes=\"(max-width: 1150px) 100vw, 1150px\" \/><\/p>\n<p>&nbsp;<\/p>\n<p><img decoding=\"async\" loading=\"lazy\" class=\"wp-image-24432 aligncenter\" src=\"http:\/\/www.infokuryr.cz\/n\/wp-content\/uploads\/2023\/03\/pozvanka-teplice-pro-1-300x156.jpg\" alt=\"\" width=\"1062\" height=\"552\" srcset=\"https:\/\/www.infokuryr.cz\/n\/wp-content\/uploads\/2023\/03\/pozvanka-teplice-pro-1-300x156.jpg 300w, https:\/\/www.infokuryr.cz\/n\/wp-content\/uploads\/2023\/03\/pozvanka-teplice-pro-1-1024x531.jpg 1024w, https:\/\/www.infokuryr.cz\/n\/wp-content\/uploads\/2023\/03\/pozvanka-teplice-pro-1-768x398.jpg 768w, https:\/\/www.infokuryr.cz\/n\/wp-content\/uploads\/2023\/03\/pozvanka-teplice-pro-1.jpg 1272w\" sizes=\"(max-width: 1062px) 100vw, 1062px\" \/><\/p>\n<p>&nbsp;<\/p>\n","protected":false},"excerpt":{"rendered":"<p>Dne\u0161n\u00ed ned\u011bln\u00edk za\u010dnu kr\u00e1tkou \u00favahou o sobotn\u00ed demonstraci, na\u010de\u017e p\u0159ejdu k v\u00e1\u017en\u011bj\u0161\u00edm t\u00e9mat\u016fm. Bylo dobr\u00e9,&#8230;<\/p>\n","protected":false},"author":2,"featured_media":24391,"comment_status":"closed","ping_status":"closed","sticky":false,"template":"","format":"standard","meta":[],"categories":[6],"tags":[367,29,85,122],"_links":{"self":[{"href":"https:\/\/www.infokuryr.cz\/n\/wp-json\/wp\/v2\/posts\/24390"}],"collection":[{"href":"https:\/\/www.infokuryr.cz\/n\/wp-json\/wp\/v2\/posts"}],"about":[{"href":"https:\/\/www.infokuryr.cz\/n\/wp-json\/wp\/v2\/types\/post"}],"author":[{"embeddable":true,"href":"https:\/\/www.infokuryr.cz\/n\/wp-json\/wp\/v2\/users\/2"}],"replies":[{"embeddable":true,"href":"https:\/\/www.infokuryr.cz\/n\/wp-json\/wp\/v2\/comments?post=24390"}],"version-history":[{"count":0,"href":"https:\/\/www.infokuryr.cz\/n\/wp-json\/wp\/v2\/posts\/24390\/revisions"}],"wp:featuredmedia":[{"embeddable":true,"href":"https:\/\/www.infokuryr.cz\/n\/wp-json\/wp\/v2\/media\/24391"}],"wp:attachment":[{"href":"https:\/\/www.infokuryr.cz\/n\/wp-json\/wp\/v2\/media?parent=24390"}],"wp:term":[{"taxonomy":"category","embeddable":true,"href":"https:\/\/www.infokuryr.cz\/n\/wp-json\/wp\/v2\/categories?post=24390"},{"taxonomy":"post_tag","embeddable":true,"href":"https:\/\/www.infokuryr.cz\/n\/wp-json\/wp\/v2\/tags?post=24390"}],"curies":[{"name":"wp","href":"https:\/\/api.w.org\/{rel}","templated":true}]}}