{"id":24366,"date":"2023-03-14T01:00:11","date_gmt":"2023-03-14T00:00:11","guid":{"rendered":"http:\/\/www.infokuryr.cz\/n\/?p=24366"},"modified":"2023-03-14T07:33:42","modified_gmt":"2023-03-14T06:33:42","slug":"doug-casey-o-vzestupu-klimatickych-spratku-a-dalsich-uzitecnych-idiotu","status":"publish","type":"post","link":"https:\/\/www.infokuryr.cz\/n\/2023\/03\/14\/doug-casey-o-vzestupu-klimatickych-spratku-a-dalsich-uzitecnych-idiotu\/","title":{"rendered":"Doug Casey o vzestupu \u201eklimatick\u00fdch spratk\u016f\u201c a dal\u0161\u00edch u\u017eite\u010dn\u00fdch idiot\u016f"},"content":{"rendered":"<div id=\"fb-root\"><\/div>\n<div class=\"elementor-element elementor-element-1fb4c2c elementor-widget elementor-widget-theme-post-content\" data-id=\"1fb4c2c\" data-element_type=\"widget\" data-widget_type=\"theme-post-content.default\">\n<div class=\"elementor-widget-container\">\n<p><strong>International Man:<\/strong> Webster&#8217;s Dictionary definuje u\u017eite\u010dn\u00e9ho idiota jako \u201enaivn\u00edho nebo d\u016fv\u011b\u0159iv\u00e9ho \u010dlov\u011bka, kter\u00fd m\u016f\u017ee b\u00fdt zmanipulov\u00e1n nebo zneu\u017eit k prosazen\u00ed v\u011bci nebo politick\u00e9 agendy\u201c.<\/p>\n<p>P\u0159edpokl\u00e1d\u00e1 se, \u017ee tento term\u00edn vymyslel Lenin, kdy\u017e se odvol\u00e1val na komunistick\u00e9 sympatizanty na Z\u00e1pad\u011b.<\/p>\n<p>Co si o tomto term\u00ednu mysl\u00edte?\u00a0Je aktu\u00e1ln\u00ed i dnes?<\/p>\n<p><strong>Doug Casey:<\/strong> Dne\u0161n\u00ed fale\u0161n\u00e9 demokracie se hem\u017e\u00ed u\u017eite\u010dn\u00fdmi idioty.\u00a0Lp\u00edvaj\u00ed na jedn\u00e9 hloup\u00e9 my\u0161lence za druhou, mo\u017en\u00e1 aby dali smysl sv\u00e9mu zmaten\u00e9mu a nesmysln\u00e9mu \u017eivotu.\u00a0Jsou trochu jako ko\u010dky hon\u00edc\u00ed se za \u010dervenou te\u010dkou laserov\u00e9ho ukazov\u00e1tka sv\u00e9ho p\u00e1na.\u00a0Ukrajina, Covid, sexu\u00e1ln\u00ed perverze, Trump, rasismus, zm\u011bna klimatu \u2013 jedna v\u011bc po druh\u00e9.<\/p>\n<p><img decoding=\"async\" loading=\"lazy\" class=\"alignnone size-medium wp-image-24369 alignleft\" src=\"http:\/\/www.infokuryr.cz\/n\/wp-content\/uploads\/2023\/03\/Doug-Casey-300x238.png\" alt=\"\" width=\"300\" height=\"238\" srcset=\"https:\/\/www.infokuryr.cz\/n\/wp-content\/uploads\/2023\/03\/Doug-Casey-300x238.png 300w, https:\/\/www.infokuryr.cz\/n\/wp-content\/uploads\/2023\/03\/Doug-Casey.png 702w\" sizes=\"(max-width: 300px) 100vw, 300px\" \/><\/p>\n<p>Klimatick\u00e9 zm\u011bny jsou jedn\u00edm z kl\u00ed\u010dov\u00fdch podvod\u016f, kter\u00e9 propaguje Sv\u011btov\u00e9 ekonomick\u00e9 f\u00f3rum v r\u00e1mci sv\u00e9ho Velk\u00e9ho resetu.\u00a0Zd\u00e1 se, \u017ee v\u0161e, co vych\u00e1z\u00ed z WEF \u2013 nepamatuji si \u017e\u00e1dn\u00e9 v\u00fdjimky \u2013 je v rozporu s tradi\u010dn\u00edmi hodnotami z\u00e1padn\u00ed civilizace, zejm\u00e9na s voln\u00fdm trhem a osobn\u00ed svobodou.<\/p>\n<p>Mluvili jsme o hysterii COVID a hroz\u00edc\u00ed t\u0159et\u00ed sv\u011btov\u00e9 v\u00e1lce na Ukrajin\u011b.\u00a0Ale nejv\u011bt\u0161\u00ed v\u011bc s nejdel\u0161\u00edmi nohami je zm\u011bna klimatu.\u00a0Abych to \u0159ekl na rovinu, v\u011b\u0159\u00edm na klimatick\u00e9 zm\u011bny.\u00a0Klima se neust\u00e1le m\u011bn\u00ed od doby, kdy se sv\u011bt zformoval asi p\u0159ed \u010dty\u0159mi a p\u016fl miliardami let.\u00a0A m\u011bnit se bude i nad\u00e1le.<\/p>\n<p>Probl\u00e9mem v\u0161ak nen\u00ed samotn\u00e1 zm\u011bna klimatu, ale proces indoktrinace ve\u0159ejnosti, zejm\u00e9na mlad\u00fdch lid\u00ed, do v\u00edry, \u017ee lidstvo ni\u010d\u00ed Matku Zemi.<\/p>\n<p>Jsou v\u00e1m p\u0159edkl\u00e1d\u00e1ny \u00faryvky v\u011bdy, jako nap\u0159\u00edklad skute\u010dnost, \u017ee sv\u011bt se otepluje od poloviny 19. stolet\u00ed.\u00a0Ano, je to tak, proto\u017ee planeta b\u011b\u017eela od 16. do 19. Za posledn\u00edch 150 let se Zem\u011b cyklicky oteplovala.\u00a0Zem\u011b se ve skute\u010dnosti otepluje od konce posledn\u00ed velk\u00e9 doby ledov\u00e9 asi p\u0159ed 12 000 lety.<\/p>\n<p>Lid\u00e9 z \u201eglob\u00e1ln\u00edho oteplov\u00e1n\u00ed\u201c na\u0161li dobrou v\u00fdmluvu, jak zm\u011bnit nejen ekonomiku, ale doslova v\u0161echno.\u00a0Podle m\u00e9ho n\u00e1zoru jsou ve skute\u010dnosti misantropov\u00e9 &#8211; ve skute\u010dnosti nen\u00e1vid\u00ed a boj\u00ed se lid\u00ed.\u00a0Yuval Noah Harari, dvorn\u00ed intelektu\u00e1l WEF, je proto \u010dasto naz\u00fdv\u00e1 \u201ezbyte\u010dn\u00fdmi jedl\u00edky\u201c.\u00a0M\u016f\u017ee m\u00edt pravdu.\u00a0Ale \u0161\u00edlen\u00e9 je, \u017ee n\u011bkdo jako on by mohl z\u00edskat moc d\u011blat v\u00e1\u017en\u00e1 rozhodnut\u00ed.\u00a0Lid\u00e9 jako on tleskaj\u00ed masivn\u00edmu sni\u017eov\u00e1n\u00ed populace.<\/p>\n<p>Zejm\u00e9na, jak se zd\u00e1, z toho, co Hillary v z\u00e1padn\u00edm sv\u011bt\u011b ozna\u010dovala jako \u201eodm\u00edtav\u00e9\u201c.\u00a0Lid\u00e9 jsou pro n\u011b nep\u0159\u00edtel.\u00a0N\u011bkte\u0159\u00ed idioti mezi nimi jsou u\u017eite\u010dn\u00ed, ale v\u0161ichni jsou postradateln\u00ed.<\/p>\n<p>Pro \u201eelitu\u201c \u2013 kter\u00e1 jsou skute\u010dn\u011b parazity \u2013 je snadn\u00e9 ovlivnit to, \u010demu \u0159\u00edkaj\u00ed \u201emasy\u201c.\u00a0Je to \u010d\u00e1ste\u010dn\u011b proto, \u017ee pr\u016fm\u011brn\u00fd \u010dlov\u011bk nem\u00e1 \u017e\u00e1dn\u00e9 znalosti ani o v\u011bd\u011b, ani o historii.\u00a0Jak\u00e1koli epizoda Jay Walking Jay Leno nebo ned\u00e1vn\u00fd prot\u011bj\u0161ek Marka Dice na Youtube nab\u00edz\u00ed dostatek neofici\u00e1ln\u00edch d\u016fkaz\u016f.\u00a0Pokl\u00e1daj\u00ed pr\u016fm\u011brn\u00fdm, p\u0159im\u011b\u0159en\u011b inteligentn\u00edm lidem ty nejjednodu\u0161\u0161\u00ed ot\u00e1zky.\u00a0Na \u017e\u00e1dnou z nich nem\u016f\u017eete odpov\u011bd\u011bt.\u00a0Typick\u00e1 odpov\u011b\u010f na ot\u00e1zku \u201eKdo vyhr\u00e1l americkou ob\u010danskou v\u00e1lku\u201c m\u016f\u017ee zn\u00edt: \u201eN\u011bmci\u201c.\u00a0Jedin\u00e9 ot\u00e1zky, na kter\u00e9 um\u00ed spr\u00e1vn\u011b odpov\u011bd\u011bt, se t\u00fdkaj\u00ed popov\u00fdch a sportovn\u00edch hv\u011bzd.<\/p>\n<p>Je to naprost\u00e1 pravda: sv\u011bt je pln\u00fd u\u017eite\u010dn\u00fdch idiot\u016f.\u00a0Jsou u\u017eite\u010dn\u00e9 pro vl\u00e1dnouc\u00ed t\u0159\u00eddy, kter\u00e9 cht\u011bj\u00ed v\u0161echno zm\u011bnit.\u00a0Zrovna minul\u00fd t\u00fdden Aspen Institute, jeden z nejzn\u00e1m\u011bj\u0161\u00edch sv\u011btov\u00fdch think-tank\u016f, sponzoroval konferenci o klimatick\u00fdch zm\u011bn\u00e1ch, na kter\u00e9 vystoupily Kamala Harris a Gloria Estefan jako hlavn\u00ed \u0159e\u010dn\u00edci.<\/p>\n<p>Je to uboh\u00e1 komedie.\u00a0P\u00e1r u\u017eite\u010dn\u00fdch idiot\u016f mluv\u00ed s publikem u\u017eite\u010dn\u00fdch idiot\u016f o n\u011b\u010dem, o \u010dem nikdo z nich nem\u00e1 nejmen\u0161\u00ed tu\u0161en\u00ed.<\/p>\n<p><strong>International Man:<\/strong> Dnes mezi pr\u016fm\u011brn\u00fdmi ob\u010dany \u2013 p\u0159ev\u00e1\u017en\u011b d\u011btmi a mlad\u00fdmi dosp\u011bl\u00fdmi \u2013 vid\u00edme spoustu u\u017eite\u010dn\u00fdch idiot\u016f, kte\u0159\u00ed propadli hysterii ohledn\u011b takzvan\u00e9 \u201ezm\u011bny klimatu\u201c.<\/p>\n<p>Popul\u00e1rn\u00ed kultura, m\u00e9dia, Hollywood, akademick\u00e1 sf\u00e9ra, Wall Street, politici a dal\u0161\u00ed p\u0159edstavitel\u00e9 autorit posiluj\u00ed klima-alarmistick\u00fd p\u0159\u00edb\u011bh.<\/p>\n<p>Jsou tito lid\u00e9 l\u00e1k\u00e1ni k podpo\u0159e agendy, kter\u00e9 pln\u011b nerozum\u00ed?\u00a0Co se tu vlastn\u011b d\u011bje?<\/p>\n<p><strong>Doug Casey:<\/strong> Faktem je, \u017ee kongresmani \u017eij\u00ed v echo komo\u0159e.\u00a0Jsou tu od toho, aby vytv\u00e1\u0159eli z\u00e1kony a p\u0159edpisy, kter\u00e9 reguluj\u00ed, co ostatn\u00ed lid\u00e9 mohou a nemohou d\u011blat.\u00a0A proto v\u0161ichni v\u011b\u0159\u00ed, \u017ee maj\u00ed pr\u00e1vo vnucovat sv\u00e9 c\u00edle.\u00a0Jsou to narcist\u00e9 a miluj\u00ed s\u00edlu.\u00a0Proto jsou ve Washingtonu.<\/p>\n<p>Kongres ob\u00fdvaj\u00ed z velk\u00e9 \u010d\u00e1sti lid\u00e9 jako AOC, rasistick\u00fd, socialistick\u00fd barman, ment\u00e1ln\u011b retardovan\u00fd John Fetterman a George Santos, patologick\u00fd lh\u00e1\u0159.\u00a0Skoro ka\u017ed\u00fd kongresman je trapn\u00fd.\u00a0Do Kongresu nekandidovali proto, \u017ee jsou dob\u0159\u00ed lid\u00e9, ale proto, \u017ee jsou narcisy tou\u017e\u00edc\u00edmi po moci.<\/p>\n<p>U\u017eite\u010dn\u00e9 trh\u00e1ky jsou dost otravn\u00e9, kdy\u017e je vid\u00edte ve sportu, m\u00e9di\u00edch a Hollywoodu.\u00a0Ale maj\u00ed tendenci b\u00fdt soust\u0159ed\u011bni v Kongresu, kde jsou aktivn\u011b nebezpe\u010dn\u00ed.<\/p>\n<p><strong>International Man:<\/strong> Ned\u00e1vno byli klimati\u010dt\u00ed spratci \u2013 mlad\u00ed lid\u00e9 ze Z\u00e1padu s probl\u00e9my s du\u0161evn\u00edm zdrav\u00edm \u2013 nalepeni na neoceniteln\u00e9 obrazy v r\u016fzn\u00fdch muze\u00edch.<\/p>\n<p>Dal\u0161\u00ed skupina h\u00e1zela dorty na Monu Lisu.<\/p>\n<p>Dal\u0161\u00ed rozlit\u00e1 raj\u010datov\u00e1 pol\u00e9vka na obraz Vincenta van Gogha.<\/p>\n<p>Pachatel\u00e9 t\u011bchto ni\u010div\u00fdch \u010din\u016f to d\u011blaj\u00ed, aby upozornili na fiktivn\u00ed klimatickou nouzi.<\/p>\n<p>Jak\u00fd je v\u00e1\u0161 n\u00e1zor?<\/p>\n<p><strong>Doug Casey:<\/strong> Sna\u017e\u00ed se upozornit na sv\u00e9 \u0161\u00edlen\u00e9 p\u0159esv\u011bd\u010den\u00ed ni\u010den\u00edm velk\u00fdch um\u011bleck\u00fdch d\u011bl.\u00a0To samo o sob\u011b je d\u016fkazem, \u017ee jsou opravdu \u0161\u00edlen\u00ed.\u00a0Tito lid\u00e9 maj\u00ed skute\u010dn\u00e9 psychick\u00e9 probl\u00e9my.\u00a0Skute\u010dnost, \u017ee nejsou p\u0159\u00edsn\u011b trest\u00e1ni, ale berou se v\u00e1\u017en\u011b, ukazuje, jak je Z\u00e1pad zdegenerovan\u00fd.\u00a0Ale dostane jen to, co si zaslou\u017e\u00ed.\u00a0Velmi smutn\u00e9\u2026<\/p>\n<p>Jedna v\u011bc je sna\u017eit se upoutat pozornost ostatn\u00edch lid\u00ed, aby poslouchali, co jim chcete \u0159\u00edct.\u00a0Ale ve skute\u010dnosti maj\u00ed na mysli zni\u010den\u00ed velk\u00e9ho um\u011bn\u00ed z\u00e1padn\u00ed civilizace.\u00a0Ni\u010den\u00ed z\u00e1padn\u00ed civilizace je aktivn\u00ed sou\u010d\u00e1st\u00ed jejich \u0161\u00edlen\u00e9 agendy.\u00a0Jsou hluboce nespokojeni sami se sebou, ale obvi\u0148uj\u00ed civilizaci.<\/p>\n<p>Jejich v\u00e1\u017en\u00e9 psychick\u00e9 probl\u00e9my jsou p\u0159\u00edkladem typu lid\u00ed, kte\u0159\u00ed ob\u00fdvaj\u00ed Bidenovu administrativu.\u00a0Od trannyho, kter\u00fd se p\u0159evl\u00e9k\u00e1 za admir\u00e1la, p\u0159es Petea Buttigiega hraj\u00edc\u00edho \u017eenskou roli p\u00e1ru se sv\u00fdm p\u0159\u00edtelem a\u017e po b\u00fdval\u00e9ho asistenta tajemn\u00edka Bidenova \u00fa\u0159adu pro atomovou energii, kter\u00fd byl znovu a znovu p\u0159isti\u017een p\u0159i kr\u00e1de\u017ei d\u00e1msk\u00e9ho oble\u010den\u00ed.\u00a0S\u00e1m Biden, jeho gener\u00e1ln\u00ed prokur\u00e1tor Merrick Garland, t\u00e9m\u011b\u0159 v\u0161ichni nejvy\u0161\u0161\u00ed voj\u00e1ci&#8230;<\/p>\n<p>To v\u0161e je sou\u010d\u00e1st\u00ed syndromu.<\/p>\n<p><strong>International Man:<\/strong> I kdy\u017e se zd\u00e1, \u017ee tito klimati\u010dt\u00ed spratci p\u00e1chaj\u00ed \u010diny izolovan\u011b, realita je takov\u00e1, \u017ee klimatick\u00fd alarmismus diktuje vl\u00e1dn\u00ed politiku a podnikov\u00e1 rozhodnut\u00ed a pumpuje do glob\u00e1ln\u00ed ekonomiky nep\u0159edstaviteln\u00e9 dislokace.<\/p>\n<p>Kam tento trend sm\u011b\u0159uje?<\/p>\n<p><strong>Doug Casey:<\/strong> Trendy, kter\u00e9 jsou v pohybu, maj\u00ed tendenci z\u016fstat v pohybu a dokonce zrychlovat, dokud nedos\u00e1hnou krize.\u00a0A p\u0159esn\u011b k tomu te\u010f sm\u011b\u0159ujeme.\u00a0I kdy\u017e nenastane plnohodnotn\u00e1 krize, co\u017e se domn\u00edv\u00e1m, i kdy\u017e zdrav\u011bj\u0161\u00ed mysl zv\u00edt\u011bz\u00ed a trend obr\u00e1t\u00ed, bude trvat mnoho, mnoho let, ne\u017e se trend nejprve zpomal\u00ed a pak zvr\u00e1tit.\u00a0Moc d\u016fvod\u016f k optimismu tedy nen\u00ed.<\/p>\n<p><strong>International Man:<\/strong> Jak to, o \u010dem jsme dnes hovo\u0159ili, ovliv\u0148uje investice?<\/p>\n<p><strong>Doug Casey:<\/strong> Investujte do v\u011bc\u00ed, kter\u00e9 se ka\u017ed\u00fd nau\u010dil nen\u00e1vid\u011bt, ale kter\u00e9 jsou nezbytn\u00e9 pro p\u0159e\u017eit\u00ed civilizace.\u00a0To znamen\u00e1 energetick\u00e9 zdroje \u2013 uran, ropu, zemn\u00ed plyn a uhl\u00ed \u2013 a kovy jako zlato a m\u011b\u010f \u2013 zdroje obecn\u011b.<\/p>\n<p>Na\u0161t\u011bst\u00ed akcie spole\u010dnost\u00ed, kter\u00e9 tyto v\u011bci vyr\u00e1b\u011bj\u00ed, jsou levn\u00e9 a mnoh\u00e9 se prod\u00e1vaj\u00ed za jednocifern\u00e9 n\u00e1sobky ceny k zisku a dvoucifern\u00e9 dividendy.\u00a0T\u011b\u017eebn\u00ed a energetick\u00fd pr\u016fmysl je velmi ne-PC.\u00a0ESG diktuje, \u017ee by \u010dlov\u011bk nem\u011bl investovat pen\u00edze do \u017e\u00e1dn\u00e9ho typu t\u011b\u017eebn\u00edho pr\u016fmyslu.\u00a0Je obecn\u011b velmi drah\u00e9 nebo nemo\u017en\u00e9 z\u00edskat povolen\u00ed k rozvoji, tak\u017ee akcie jsou velmi levn\u00e9.\u00a0R\u00e1d bych v\u011b\u0159il, \u017ee realita op\u011bt zv\u00edt\u011bz\u00ed a tyto hodnoty prudce porostou.<\/p>\n<p>Obecn\u00fd akciov\u00fd trh je st\u00e1le zna\u010dn\u011b nadhodnocen\u00fd.\u00a0Tak\u00e9 st\u00e1le existuje krypto bublina, kter\u00e1 ukazuje v\u011bci jako Dogecoin, kter\u00fd byl vytvo\u0159en jako podvod a neslou\u017e\u00ed \u017e\u00e1dn\u00e9mu u\u017eite\u010dn\u00e9mu \u00fa\u010delu.\u00a0Tr\u017en\u00ed kapitalizace m\u00e1 st\u00e1le kolem 11 miliard dolar\u016f.\u00a0Mysl\u00edm, \u017ee to m\u016f\u017eete skoro br\u00e1t jako ukazatel toho, jak moc je ekonomika st\u00e1le v bublin\u011b.<\/p>\n<\/div>\n<\/div>\n<div class=\"elementor-element elementor-element-8c57238 quelle dc-has-condition dc-condition-empty elementor-widget elementor-widget-heading\" data-id=\"8c57238\" data-element_type=\"widget\" data-widget_type=\"heading.default\">\n<div class=\"elementor-widget-container\">\n<h3 class=\"elementor-heading-title elementor-size-default\"><span style=\"font-size: 8pt;\"><a href=\"https:\/\/internationalman.com\/articles\/doug-casey-on-the-rise-of-climate-brats-and-other-useful-idiots\/\" target=\"_blank\" rel=\"nofollow noopener\">ZDROJ<\/a><\/span><\/h3>\n<\/div>\n<\/div>\n<p>&nbsp;<\/p>\n<p><img decoding=\"async\" loading=\"lazy\" class=\"wp-image-19187 aligncenter\" src=\"http:\/\/www.infokuryr.cz\/n\/wp-content\/uploads\/2022\/12\/1-PRO-300x36.jpg\" alt=\"\" width=\"1150\" height=\"138\" srcset=\"https:\/\/www.infokuryr.cz\/n\/wp-content\/uploads\/2022\/12\/1-PRO-300x36.jpg 300w, https:\/\/www.infokuryr.cz\/n\/wp-content\/uploads\/2022\/12\/1-PRO.jpg 699w\" sizes=\"(max-width: 1150px) 100vw, 1150px\" \/><\/p>\n<p>&nbsp;<\/p>\n<p><img decoding=\"async\" loading=\"lazy\" class=\"wp-image-24432 aligncenter\" src=\"http:\/\/www.infokuryr.cz\/n\/wp-content\/uploads\/2023\/03\/pozvanka-teplice-pro-1-300x156.jpg\" alt=\"\" width=\"1119\" height=\"582\" srcset=\"https:\/\/www.infokuryr.cz\/n\/wp-content\/uploads\/2023\/03\/pozvanka-teplice-pro-1-300x156.jpg 300w, https:\/\/www.infokuryr.cz\/n\/wp-content\/uploads\/2023\/03\/pozvanka-teplice-pro-1-768x398.jpg 768w, https:\/\/www.infokuryr.cz\/n\/wp-content\/uploads\/2023\/03\/pozvanka-teplice-pro-1.jpg 1272w\" sizes=\"(max-width: 1119px) 100vw, 1119px\" \/><\/p>\n","protected":false},"excerpt":{"rendered":"<p>International Man: Webster&#8217;s Dictionary definuje u\u017eite\u010dn\u00e9ho idiota jako \u201enaivn\u00edho nebo d\u016fv\u011b\u0159iv\u00e9ho \u010dlov\u011bka, kter\u00fd m\u016f\u017ee b\u00fdt&#8230;<\/p>\n","protected":false},"author":2,"featured_media":24367,"comment_status":"closed","ping_status":"closed","sticky":false,"template":"","format":"standard","meta":[],"categories":[7],"tags":[67,873,1052],"_links":{"self":[{"href":"https:\/\/www.infokuryr.cz\/n\/wp-json\/wp\/v2\/posts\/24366"}],"collection":[{"href":"https:\/\/www.infokuryr.cz\/n\/wp-json\/wp\/v2\/posts"}],"about":[{"href":"https:\/\/www.infokuryr.cz\/n\/wp-json\/wp\/v2\/types\/post"}],"author":[{"embeddable":true,"href":"https:\/\/www.infokuryr.cz\/n\/wp-json\/wp\/v2\/users\/2"}],"replies":[{"embeddable":true,"href":"https:\/\/www.infokuryr.cz\/n\/wp-json\/wp\/v2\/comments?post=24366"}],"version-history":[{"count":1,"href":"https:\/\/www.infokuryr.cz\/n\/wp-json\/wp\/v2\/posts\/24366\/revisions"}],"predecessor-version":[{"id":24368,"href":"https:\/\/www.infokuryr.cz\/n\/wp-json\/wp\/v2\/posts\/24366\/revisions\/24368"}],"wp:featuredmedia":[{"embeddable":true,"href":"https:\/\/www.infokuryr.cz\/n\/wp-json\/wp\/v2\/media\/24367"}],"wp:attachment":[{"href":"https:\/\/www.infokuryr.cz\/n\/wp-json\/wp\/v2\/media?parent=24366"}],"wp:term":[{"taxonomy":"category","embeddable":true,"href":"https:\/\/www.infokuryr.cz\/n\/wp-json\/wp\/v2\/categories?post=24366"},{"taxonomy":"post_tag","embeddable":true,"href":"https:\/\/www.infokuryr.cz\/n\/wp-json\/wp\/v2\/tags?post=24366"}],"curies":[{"name":"wp","href":"https:\/\/api.w.org\/{rel}","templated":true}]}}