{"id":24299,"date":"2023-03-12T04:31:04","date_gmt":"2023-03-12T03:31:04","guid":{"rendered":"http:\/\/www.infokuryr.cz\/n\/?p=24299"},"modified":"2023-03-12T05:36:11","modified_gmt":"2023-03-12T04:36:11","slug":"patriarcha-kirill-pozadal-mezinarodni-spolecenstvi-o-ochranu-kyjevsko-pecerske-lavry","status":"publish","type":"post","link":"https:\/\/www.infokuryr.cz\/n\/2023\/03\/12\/patriarcha-kirill-pozadal-mezinarodni-spolecenstvi-o-ochranu-kyjevsko-pecerske-lavry\/","title":{"rendered":"Patriarcha Kirill po\u017e\u00e1dal mezin\u00e1rodn\u00ed spole\u010denstv\u00ed o ochranu Kyjevsko-pe\u010dersk\u00e9 l\u00e1vry"},"content":{"rendered":"<div id=\"fb-root\"><\/div>\n<p><span>Patriarcha moskevsk\u00fd a cel\u00e9 Rusi&#8216; Kirill oslovil primasy m\u00edstn\u00edch pravoslavn\u00fdch c\u00edrkv\u00ed, pape\u017ee Franti\u0161ka, gener\u00e1ln\u00edho tajemn\u00edka OSN Ant\u00f3nia Guterrese a dal\u0161\u00ed n\u00e1bo\u017eensk\u00e9 v\u016fdce a z\u00e1stupce mezin\u00e1rodn\u00edch organizac\u00ed s poselstv\u00edmi, ve kter\u00fdch je vyzval, aby \u201evynalo\u017eili ve\u0161ker\u00e9 mo\u017en\u00e9 \u00fasil\u00ed\u201c zabr\u00e1nit vyhn\u00e1n\u00ed mnich\u016f Ukrajinsk\u00e9 pravoslavn\u00e9 c\u00edrkve z Kyjevsko-pe\u010dersk\u00e9 l\u00e1vry a nucen\u00e9mu uzav\u0159en\u00ed kl\u00e1\u0161tera. Informoval o tom v sobotu\u00a0\u00a0<\/span><a href=\"http:\/\/www.patriarchia.ru\/db\/text\/6009356.html\"><span>web<\/span><\/a><span>\u00a0moskevsk\u00e9ho patriarch\u00e1tu.<\/span><\/p>\n<p><span>\u201eJe politov\u00e1n\u00edhodn\u00e9, \u017ee kdy\u017e st\u00e1tn\u00ed veden\u00ed Ukrajiny deklaruje sv\u016fj z\u00e1vazek k demokratick\u00fdm norm\u00e1m, evropsk\u00e9mu zp\u016fsobu rozvoje, dodr\u017eov\u00e1n\u00ed lidsk\u00fdch pr\u00e1v a svobod, tato pr\u00e1va a svobody jsou dnes poru\u0161ov\u00e1ny t\u00edm nejk\u0159iklav\u011bj\u0161\u00edm zp\u016fsobem,\u201c \u0159ekl patriarcha.<\/span><\/p>\n<p><span>Ultim\u00e1tum st\u00e1tn\u00edch org\u00e1n\u016f Kyjevsko-pe\u010dersk\u00e9mu kl\u00e1\u0161teru, zve\u0159ejn\u011bn\u00e9 ukrajinsk\u00fdmi m\u00e9dii, na sebe podle n\u011bj \u201eupozor\u0148uje t\u00edm, \u017ee v n\u011bm chyb\u00ed dostate\u010dn\u00e1 pr\u00e1vn\u00ed zd\u016fvodn\u011bn\u00ed\u201c.\u00a0\u201ePr\u00e1ce jist\u00e9 komise pro p\u00e1tr\u00e1n\u00ed po p\u0159estupc\u00edch v hospod\u00e1\u0159sk\u00e9 \u010dinnosti kl\u00e1\u0161tera nebyla transparentn\u00ed a jej\u00ed represivn\u00ed c\u00edl \u2013 \u00fapln\u00e9 vypov\u011bzen\u00ed mnich\u016f z kl\u00e1\u0161tera \u2013 neskr\u00fdvali st\u00e1tn\u00ed p\u0159edstavitel\u00e9 a p\u0159edstavitel\u00e9 dal\u0161\u00edch n\u00e1bo\u017eensk\u00fdch organizac\u00ed Ukrajiny pod vlivem sv\u011btsk\u00fdch \u00fa\u0159ad\u016f,\u201c \u0159ekl patriarcha.<\/span><\/p>\n<p><span>Primas rusk\u00e9 c\u00edrkve varoval, \u017ee nucen\u00e9 uzav\u0159en\u00ed L\u00e1vry \u201epovede k poru\u0161en\u00ed pr\u00e1v milion\u016f ukrajinsk\u00fdch v\u011b\u0159\u00edc\u00edch na svobodu vyzn\u00e1n\u00ed, garantovanou \u00dastavou Ukrajiny, jako\u017e i takov\u00fdmi dokumenty, jako je Charta OSN, V\u0161eobecn\u00e1 deklarace lidsk\u00fdch pr\u00e1v, Deklarace o odstran\u011bn\u00ed v\u0161ech forem nesn\u00e1\u0161enlivosti a diskriminace na z\u00e1klad\u011b n\u00e1bo\u017eenstv\u00ed nebo p\u0159esv\u011bd\u010den\u00ed a mnoho dal\u0161\u00edch \u010din\u016f mezin\u00e1rodn\u00edho v\u00fdznamu\u201c.<\/span><\/p>\n<p><span>Patriarcha ve sv\u00fdch poselstv\u00edch upozornil, \u017ee tlak na mni\u0161skou komunitu Kyjevsko-pe\u010dersk\u00e9 l\u00e1vry v posledn\u00edch m\u011bs\u00edc\u00edch v\u00fdrazn\u011b vzrostl.\u00a0P\u0159ipomn\u011bl zejm\u00e9na poni\u017euj\u00edc\u00ed prohl\u00eddky kl\u00e1\u0161tern\u00edch budov a m\u00edst pobytu obyvatel organizovan\u00e9 zvl\u00e1\u0161tn\u00edmi slu\u017ebami Ukrajiny a tak\u00e9 vypov\u011bzen\u00ed smlouvy s kl\u00e1\u0161terem o u\u017e\u00edv\u00e1n\u00ed dvou nejv\u011bt\u0161\u00edch chr\u00e1m\u016f kl\u00e1\u0161tera na konci lo\u0148sk\u00e9ho roku.\u00a0N\u00e1tlakem je podle patriarchy tak\u00e9 m\u011bs\u00edce trvaj\u00edc\u00ed pomlouva\u010dn\u00e1 dezinforma\u010dn\u00ed kampa\u0148 nam\u00ed\u0159en\u00e1 proti kl\u00e1\u0161teru UOC za \u00fa\u010dasti st\u00e1tn\u00edch m\u00e9di\u00ed a televizn\u00edch kan\u00e1l\u016f, jako\u017e i radik\u00e1ln\u00edch politik\u016f, n\u00e1bo\u017eensk\u00fdch a ve\u0159ejn\u00fdch \u010dinitel\u016f.<\/span><\/p>\n<p><span>Jak je uvedeno, v\u00fdzvy byly zasl\u00e1ny zejm\u00e9na prim\u00e1t\u016fm m\u00edstn\u00edch pravoslavn\u00fdch c\u00edrkv\u00ed, pape\u017ei \u0158\u00edma, koptsk\u00e9mu patriarchovi Tawadrosovi II., arcibiskupovi z Canterbury Justinu Welbymu, gener\u00e1ln\u00edmu sekret\u00e1\u0159i Sv\u011btov\u00e9 rady c\u00edrkv\u00ed, Dr. Jerry Pillay, Guterres, gener\u00e1ln\u00ed tajemnice OBSE Helga Maria Schmid, gener\u00e1ln\u00ed tajemnice Rady Evropy Maria Pejcinovic-Buric, vysok\u00fd komisa\u0159 OSN pro lidsk\u00e1 pr\u00e1va Volker T\u00fcrk, \u0159editel \u00da\u0159adu OBSE pro demokratick\u00e9 instituce a lidsk\u00e1 pr\u00e1va Matteo Mecacci.<\/span><\/p>\n<p><img decoding=\"async\" loading=\"lazy\" class=\"alignnone size-full wp-image-1185\" src=\"http:\/\/www.infokuryr.cz\/n\/wp-content\/uploads\/2021\/04\/kuryr-podpis.png\" alt=\"\" width=\"84\" height=\"24\" \/><\/p>\n<p>&nbsp;<\/p>\n<p><img decoding=\"async\" loading=\"lazy\" class=\"wp-image-19187 aligncenter\" src=\"http:\/\/www.infokuryr.cz\/n\/wp-content\/uploads\/2022\/12\/1-PRO-300x36.jpg\" alt=\"\" width=\"1142\" height=\"137\" srcset=\"https:\/\/www.infokuryr.cz\/n\/wp-content\/uploads\/2022\/12\/1-PRO-300x36.jpg 300w, https:\/\/www.infokuryr.cz\/n\/wp-content\/uploads\/2022\/12\/1-PRO.jpg 699w\" sizes=\"(max-width: 1142px) 100vw, 1142px\" \/><\/p>\n<p>&nbsp;<\/p>\n<p>&nbsp;<\/p>\n","protected":false},"excerpt":{"rendered":"<p>Patriarcha moskevsk\u00fd a cel\u00e9 Rusi&#8216; Kirill oslovil primasy m\u00edstn\u00edch pravoslavn\u00fdch c\u00edrkv\u00ed, pape\u017ee Franti\u0161ka, gener\u00e1ln\u00edho tajemn\u00edka&#8230;<\/p>\n","protected":false},"author":2,"featured_media":14134,"comment_status":"closed","ping_status":"closed","sticky":false,"template":"","format":"standard","meta":[],"categories":[7],"tags":[4167,221,2254,1118,1757,538],"_links":{"self":[{"href":"https:\/\/www.infokuryr.cz\/n\/wp-json\/wp\/v2\/posts\/24299"}],"collection":[{"href":"https:\/\/www.infokuryr.cz\/n\/wp-json\/wp\/v2\/posts"}],"about":[{"href":"https:\/\/www.infokuryr.cz\/n\/wp-json\/wp\/v2\/types\/post"}],"author":[{"embeddable":true,"href":"https:\/\/www.infokuryr.cz\/n\/wp-json\/wp\/v2\/users\/2"}],"replies":[{"embeddable":true,"href":"https:\/\/www.infokuryr.cz\/n\/wp-json\/wp\/v2\/comments?post=24299"}],"version-history":[{"count":0,"href":"https:\/\/www.infokuryr.cz\/n\/wp-json\/wp\/v2\/posts\/24299\/revisions"}],"wp:featuredmedia":[{"embeddable":true,"href":"https:\/\/www.infokuryr.cz\/n\/wp-json\/wp\/v2\/media\/14134"}],"wp:attachment":[{"href":"https:\/\/www.infokuryr.cz\/n\/wp-json\/wp\/v2\/media?parent=24299"}],"wp:term":[{"taxonomy":"category","embeddable":true,"href":"https:\/\/www.infokuryr.cz\/n\/wp-json\/wp\/v2\/categories?post=24299"},{"taxonomy":"post_tag","embeddable":true,"href":"https:\/\/www.infokuryr.cz\/n\/wp-json\/wp\/v2\/tags?post=24299"}],"curies":[{"name":"wp","href":"https:\/\/api.w.org\/{rel}","templated":true}]}}