{"id":24295,"date":"2023-03-12T04:01:05","date_gmt":"2023-03-12T03:01:05","guid":{"rendered":"http:\/\/www.infokuryr.cz\/n\/?p=24295"},"modified":"2023-03-12T05:19:01","modified_gmt":"2023-03-12T04:19:01","slug":"iran-kupuje-od-ruska-davku-stihacek-su-35","status":"publish","type":"post","link":"https:\/\/www.infokuryr.cz\/n\/2023\/03\/12\/iran-kupuje-od-ruska-davku-stihacek-su-35\/","title":{"rendered":"\u00cdr\u00e1n kupuje od Ruska d\u00e1vku st\u00edha\u010dek Su-35"},"content":{"rendered":"<div id=\"fb-root\"><\/div>\n<p><span>\u00cdr\u00e1n ozn\u00e1mil dokon\u010den\u00ed dohody o n\u00e1kupu st\u00edha\u010dek Su-35 od Ruska.\u00a0Informovala o tom IRNA s odvol\u00e1n\u00edm na prohl\u00e1\u0161en\u00ed mise isl\u00e1msk\u00e9 republiky p\u0159i OSN, uv\u00e1d\u00ed\u00a0<\/span><a href=\"https:\/\/www.rbc.ru\/politics\/11\/03\/2023\/640ccdc49a794705b741462a?utm_source=yxnews&amp;utm_medium=desktop\"><span>RBC<\/span><\/a><span>\u00a0.<\/span><\/p>\n<p><span>\u201eSt\u00edha\u010dky Suchoj-35 jsou technicky schv\u00e1leny \u00cdr\u00e1nem.\u00a0Po \u0159\u00edjnu 2020, kdy byl v souladu s rezoluc\u00ed Rady bezpe\u010dnosti OSN 2231 zru\u0161en z\u00e1kaz prodeje konven\u010dn\u00edch zbran\u00ed \u00cdr\u00e1nu, \u00cdr\u00e1n nakonec souhlasil s jejich n\u00e1kupem,\u201c uvedla mise.<\/span><\/p>\n<p><span>Zastupitelstvo neup\u0159esnilo, kolik letadel pl\u00e1nuje Teher\u00e1n koupit.<\/span><\/p>\n<p><span>Teher\u00e1n m\u00e1 dostat d\u00e1vku rusk\u00fdch st\u00edha\u010dek na konci b\u0159ezna, \u0159ekl v polovin\u011b ledna agentu\u0159e Tasnim Shahriar Heydari, \u010dlen komise pro n\u00e1rodn\u00ed bezpe\u010dnost a zahrani\u010dn\u00ed politiku Isl\u00e1msk\u00e9 rady (parlamentu) zem\u011b.<\/span><\/p>\n<p><span>Su-35 je v\u00edce\u00fa\u010delov\u00fd superman\u00e9vrovan\u00fd st\u00edhac\u00ed letoun 4++ generace.\u00a0Letoun je ur\u010den k ni\u010den\u00ed vzdu\u0161n\u00fdch, pozemn\u00edch a povrchov\u00fdch c\u00edl\u016f, infrastrukturn\u00edch za\u0159\u00edzen\u00ed pokryt\u00fdch syst\u00e9my protivzdu\u0161n\u00e9 obrany a um\u00edst\u011bn\u00fdch ve zna\u010dn\u00fdch vzd\u00e1lenostech od z\u00e1kladn\u00edho leti\u0161t\u011b.<\/span><\/p>\n<p><span>V\u00fdvoj\u00e1\u0159 Su-35 je Sukhoi Experimental Design Bureau, v\u00fdrobu prov\u00e1d\u00ed Leteck\u00fd z\u00e1vod Gagarin v Komsomolsku na Amuru.\u00a0Rusk\u00e9 ozbrojen\u00e9 s\u00edly pou\u017e\u00edvaj\u00ed Su-35 b\u011bhem speci\u00e1ln\u00ed operace na Ukrajin\u011b.<\/span><\/p>\n<p><span>\u0160\u00e9f Pentagonu Lloyd Austin 9. b\u0159ezna \u0159ekl, \u017ee Rusko nab\u00edz\u00ed \u00cdr\u00e1nu \u201ebezprecedentn\u00ed obrannou spolupr\u00e1ci, v\u010detn\u011b protiraketov\u00e9 a protivzdu\u0161n\u00e9 obrany\u201c, v\u00fdm\u011bnou za podporu jeho politiky v\u016f\u010di Ukrajin\u011b.<\/span><\/p>\n<p><img decoding=\"async\" loading=\"lazy\" class=\"alignnone size-full wp-image-1185\" src=\"http:\/\/www.infokuryr.cz\/n\/wp-content\/uploads\/2021\/04\/kuryr-podpis.png\" alt=\"\" width=\"84\" height=\"24\" \/><\/p>\n<p>&nbsp;<\/p>\n<p><img decoding=\"async\" loading=\"lazy\" class=\"wp-image-19187 aligncenter\" src=\"http:\/\/www.infokuryr.cz\/n\/wp-content\/uploads\/2022\/12\/1-PRO-300x36.jpg\" alt=\"\" width=\"1125\" height=\"135\" srcset=\"https:\/\/www.infokuryr.cz\/n\/wp-content\/uploads\/2022\/12\/1-PRO-300x36.jpg 300w, https:\/\/www.infokuryr.cz\/n\/wp-content\/uploads\/2022\/12\/1-PRO.jpg 699w\" sizes=\"(max-width: 1125px) 100vw, 1125px\" \/><\/p>\n<p>&nbsp;<\/p>\n<p>&nbsp;<\/p>\n","protected":false},"excerpt":{"rendered":"<p>\u00cdr\u00e1n ozn\u00e1mil dokon\u010den\u00ed dohody o n\u00e1kupu st\u00edha\u010dek Su-35 od Ruska.\u00a0Informovala o tom IRNA s odvol\u00e1n\u00edm&#8230;<\/p>\n","protected":false},"author":2,"featured_media":12331,"comment_status":"closed","ping_status":"closed","sticky":false,"template":"","format":"standard","meta":[],"categories":[7],"tags":[38,22,4007],"_links":{"self":[{"href":"https:\/\/www.infokuryr.cz\/n\/wp-json\/wp\/v2\/posts\/24295"}],"collection":[{"href":"https:\/\/www.infokuryr.cz\/n\/wp-json\/wp\/v2\/posts"}],"about":[{"href":"https:\/\/www.infokuryr.cz\/n\/wp-json\/wp\/v2\/types\/post"}],"author":[{"embeddable":true,"href":"https:\/\/www.infokuryr.cz\/n\/wp-json\/wp\/v2\/users\/2"}],"replies":[{"embeddable":true,"href":"https:\/\/www.infokuryr.cz\/n\/wp-json\/wp\/v2\/comments?post=24295"}],"version-history":[{"count":0,"href":"https:\/\/www.infokuryr.cz\/n\/wp-json\/wp\/v2\/posts\/24295\/revisions"}],"wp:featuredmedia":[{"embeddable":true,"href":"https:\/\/www.infokuryr.cz\/n\/wp-json\/wp\/v2\/media\/12331"}],"wp:attachment":[{"href":"https:\/\/www.infokuryr.cz\/n\/wp-json\/wp\/v2\/media?parent=24295"}],"wp:term":[{"taxonomy":"category","embeddable":true,"href":"https:\/\/www.infokuryr.cz\/n\/wp-json\/wp\/v2\/categories?post=24295"},{"taxonomy":"post_tag","embeddable":true,"href":"https:\/\/www.infokuryr.cz\/n\/wp-json\/wp\/v2\/tags?post=24295"}],"curies":[{"name":"wp","href":"https:\/\/api.w.org\/{rel}","templated":true}]}}