{"id":24294,"date":"2023-03-12T04:00:57","date_gmt":"2023-03-12T03:00:57","guid":{"rendered":"http:\/\/www.infokuryr.cz\/n\/?p=24294"},"modified":"2023-03-12T05:14:42","modified_gmt":"2023-03-12T04:14:42","slug":"v-charkove-prisli-zamestnanci-vojenskeho-odvodoveho-uradu-vydavat-predvolani-do-nocniho-klubu","status":"publish","type":"post","link":"https:\/\/www.infokuryr.cz\/n\/2023\/03\/12\/v-charkove-prisli-zamestnanci-vojenskeho-odvodoveho-uradu-vydavat-predvolani-do-nocniho-klubu\/","title":{"rendered":"V Charkov\u011b p\u0159i\u0161li zam\u011bstnanci vojensk\u00e9ho odvodov\u00e9ho \u00fa\u0159adu vyd\u00e1vat p\u0159edvol\u00e1n\u00ed do no\u010dn\u00edho klubu"},"content":{"rendered":"<div id=\"fb-root\"><\/div>\n<p><span>Zam\u011bstnanci vojensk\u00e9ho registra\u010dn\u00edho a odvodn\u00edho \u00fa\u0159adu p\u0159i\u0161li vydat p\u0159edvol\u00e1n\u00ed do jednoho z klub\u016f v Charkov\u011b, uvedlo ukrajinsk\u00e9 vyd\u00e1n\u00ed\u00a0\u00a0<\/span><a href=\"https:\/\/t.me\/KlymenkoTime\/90590\"><span>Klimenko Time<\/span><\/a><span>\u00a0.<\/span><\/p>\n<p><span>&#8222;Zam\u011bstnanci teritori\u00e1ln\u00edho n\u00e1borov\u00e9ho st\u0159ediska (vojensk\u00fd registra\u010dn\u00ed a n\u00e1borov\u00fd \u00fa\u0159ad &#8211; pozn. red.) nav\u0161t\u00edvili jeden z klub\u016f v Charkov\u011b,&#8220; p\u00ed\u0161e se ve zpr\u00e1v\u011b zve\u0159ejn\u011bn\u00e9 v telegramu publikace.\u00a0Uv\u00e1d\u00ed se, \u017ee zam\u011bstnanci za\u010dali kontrolovat doklady n\u00e1v\u0161t\u011bvn\u00edk\u016f a vyd\u00e1vat p\u0159edvol\u00e1n\u00ed.<\/span><\/p>\n<p><span>Ukrajinsk\u00e1 m\u00e9dia ji\u017e d\u0159\u00edve opakovan\u011b informovala o n\u00e1jezdech na brance, kter\u00e9 v zemi prob\u00edhaj\u00ed. Bylo hl\u00e1\u0161eno pou\u017eit\u00ed sanitn\u00edch vozidel arm\u00e1dou k p\u0159eprav\u011b mobilizovan\u00fdch na sb\u011brn\u00e1 m\u00edsta, distribuci p\u0159edvol\u00e1n\u00ed zam\u011bstnanci ve\u0159ejn\u00fdch slu\u017eeb.\u00a0Ukrajinsk\u00e1 arm\u00e1da vysv\u011btlovala zv\u00fd\u0161en\u00fd po\u010det p\u0159\u00edpad\u016f distribuce p\u0159edvol\u00e1n\u00ed na p\u0159epln\u011bn\u00fdch m\u00edstech neochotou ob\u010dan\u016f komunikovat s pracovn\u00edky vojensk\u00fdch registra\u010dn\u00edch a n\u00e1borov\u00fdch \u00fa\u0159ad\u016f doma.\u00a0M\u00e9dia uvedla, \u017ee ob\u010dan\u00e9 Ukrajiny se vyh\u00fdbaj\u00ed ofici\u00e1ln\u00edmu zam\u011bstn\u00e1n\u00ed, proto\u017ee se ob\u00e1vaj\u00ed doru\u010den\u00ed p\u0159edvol\u00e1n\u00ed na pracovi\u0161ti.<\/span><\/p>\n<p><span>Na Ukrajin\u011b vyh\u00fdb\u00e1n\u00ed se vojensk\u00e9 slu\u017eb\u011b b\u011bhem mobilizace stanov\u00ed trestn\u00ed odpov\u011bdnost a\u017e na p\u011bt let v\u011bzen\u00ed.<\/span><\/p>\n<p><img decoding=\"async\" loading=\"lazy\" class=\"alignnone size-full wp-image-1185\" src=\"http:\/\/www.infokuryr.cz\/n\/wp-content\/uploads\/2021\/04\/kuryr-podpis.png\" alt=\"\" width=\"84\" height=\"24\" \/><\/p>\n<p>&nbsp;<\/p>\n<p><img decoding=\"async\" loading=\"lazy\" class=\"wp-image-19187 aligncenter\" src=\"http:\/\/www.infokuryr.cz\/n\/wp-content\/uploads\/2022\/12\/1-PRO-300x36.jpg\" alt=\"\" width=\"1158\" height=\"139\" srcset=\"https:\/\/www.infokuryr.cz\/n\/wp-content\/uploads\/2022\/12\/1-PRO-300x36.jpg 300w, https:\/\/www.infokuryr.cz\/n\/wp-content\/uploads\/2022\/12\/1-PRO.jpg 699w\" sizes=\"(max-width: 1158px) 100vw, 1158px\" \/><\/p>\n<p>&nbsp;<\/p>\n<p>&nbsp;<\/p>\n","protected":false},"excerpt":{"rendered":"<p>Zam\u011bstnanci vojensk\u00e9ho registra\u010dn\u00edho a odvodn\u00edho \u00fa\u0159adu p\u0159i\u0161li vydat p\u0159edvol\u00e1n\u00ed do jednoho z klub\u016f v Charkov\u011b,&#8230;<\/p>\n","protected":false},"author":2,"featured_media":22463,"comment_status":"closed","ping_status":"closed","sticky":false,"template":"","format":"standard","meta":[],"categories":[7],"tags":[4258,1929,26],"_links":{"self":[{"href":"https:\/\/www.infokuryr.cz\/n\/wp-json\/wp\/v2\/posts\/24294"}],"collection":[{"href":"https:\/\/www.infokuryr.cz\/n\/wp-json\/wp\/v2\/posts"}],"about":[{"href":"https:\/\/www.infokuryr.cz\/n\/wp-json\/wp\/v2\/types\/post"}],"author":[{"embeddable":true,"href":"https:\/\/www.infokuryr.cz\/n\/wp-json\/wp\/v2\/users\/2"}],"replies":[{"embeddable":true,"href":"https:\/\/www.infokuryr.cz\/n\/wp-json\/wp\/v2\/comments?post=24294"}],"version-history":[{"count":0,"href":"https:\/\/www.infokuryr.cz\/n\/wp-json\/wp\/v2\/posts\/24294\/revisions"}],"wp:featuredmedia":[{"embeddable":true,"href":"https:\/\/www.infokuryr.cz\/n\/wp-json\/wp\/v2\/media\/22463"}],"wp:attachment":[{"href":"https:\/\/www.infokuryr.cz\/n\/wp-json\/wp\/v2\/media?parent=24294"}],"wp:term":[{"taxonomy":"category","embeddable":true,"href":"https:\/\/www.infokuryr.cz\/n\/wp-json\/wp\/v2\/categories?post=24294"},{"taxonomy":"post_tag","embeddable":true,"href":"https:\/\/www.infokuryr.cz\/n\/wp-json\/wp\/v2\/tags?post=24294"}],"curies":[{"name":"wp","href":"https:\/\/api.w.org\/{rel}","templated":true}]}}