{"id":24281,"date":"2023-03-12T01:11:32","date_gmt":"2023-03-12T00:11:32","guid":{"rendered":"http:\/\/www.infokuryr.cz\/n\/?p=24281"},"modified":"2023-03-11T20:29:25","modified_gmt":"2023-03-11T19:29:25","slug":"vedci-varuji-ze-agenda-nuloveho-uhliku-zpusobi-hladomor-pro-polovinu-svetove-populace","status":"publish","type":"post","link":"https:\/\/www.infokuryr.cz\/n\/2023\/03\/12\/vedci-varuji-ze-agenda-nuloveho-uhliku-zpusobi-hladomor-pro-polovinu-svetove-populace\/","title":{"rendered":"V\u011bdci varuj\u00ed, \u017ee agenda \u201enulov\u00e9ho uhl\u00edku\u201c zp\u016fsob\u00ed hladomor pro polovinu sv\u011btov\u00e9 populace"},"content":{"rendered":"<div id=\"fb-root\"><\/div>\n<p><span>Polovina sv\u011btov\u00e9 populace m\u016f\u017ee brzy hladov\u011bt kv\u016fli agend\u011b \u201enulov\u00e9ho uhl\u00edku\u201c, kterou propaguj\u00ed a \u0161\u00ed\u0159\u00ed klimati\u010dt\u00ed alarmist\u00e9 po cel\u00e9m sv\u011bt\u011b.\u00a0Ti jsou obvykle koncentrov\u00e1ni kolem \u201ezelen\u00fdch\u201c a \u201eprogresivn\u00edch\u201c politick\u00fdch stran.<\/span><\/p>\n<p><span>Webov\u00e1 str\u00e1nka OSN definuje agendu \u201enulov\u00e9ho uhl\u00edku\u201c (Net Zero) zahrnuj\u00edc\u00ed sn\u00ed\u017een\u00ed emis\u00ed sklen\u00edkov\u00fdch plyn\u016f co nejbl\u00ed\u017ee nule, p\u0159i\u010dem\u017e zb\u00fdvaj\u00edc\u00ed emise budou reabsorbov\u00e1ny z atmosf\u00e9ry oce\u00e1ny a lesy.<\/span><\/p>\n<p><span>Podle \u010dl\u00e1nku publikovan\u00e9ho organizac\u00ed\u00a0<\/span><em><span>CO2 Coalition<\/span><\/em><span>\u00a0jsou iniciativy vl\u00e1d a soukrom\u00fdch sdru\u017een\u00ed podporuj\u00edc\u00edch tuto agendu v\u011bdecky neplatn\u00e9 a pokud se implementuj\u00ed, povedou k celosv\u011btov\u00e9 chudob\u011b a hladomoru.<\/span><\/p>\n<p><span>Autory \u010dl\u00e1nku byli profesor William Happer z Princetonsk\u00e9 univerzity a profesor Richard Lindzen z Massachusettsk\u00e9ho technologick\u00e9ho institutu.\u00a0Specializuj\u00ed se na v\u00fdzkum klimatu a d\u016frazn\u011b vyvracej\u00ed kultovn\u00ed p\u0159\u00edb\u011bh \u201eklimatick\u00e9 nouze\u201c, p\u0159i\u010dem\u017e varuj\u00ed p\u0159ed ni\u010div\u00fdmi n\u00e1sledky st\u00e1le radik\u00e1ln\u011bj\u0161\u00edch klimatick\u00fdch politik.<\/span><\/p>\n<p><span>Lid\u00e9 pot\u0159ebuj\u00ed zelen\u00e9 rostliny, aby mohly existovat a prosperovat.\u00a0Rostliny z\u00edsk\u00e1vaj\u00ed uhl\u00edk, kter\u00fd pot\u0159ebuj\u00ed, z oxidu uhli\u010dit\u00e9ho (CO2), kter\u00fd se p\u0159irozen\u011b nach\u00e1z\u00ed ve vzduchu.<\/span><\/p>\n<p><span>Dal\u0161\u00ed z\u00e1kladn\u00ed \u017eiviny \u2013 voda, dus\u00edk, fosfor, drasl\u00edk atp.\u00a0poch\u00e1zej\u00ed z p\u016fdy.\u00a0Rostliny rostou l\u00e9pe p\u0159i n\u011bkolikan\u00e1sobn\u011b vy\u0161\u0161\u00edch koncentrac\u00edch CO2, ne\u017e jsou sou\u010dasn\u00e9 hodnoty.\u00a0V historii Zem\u011b jsou obdob\u00ed, kdy byly tak vysok\u00e9 \u00farovn\u011b oxidu uhli\u010dit\u00e9ho v atmosf\u00e9\u0159e b\u011b\u017en\u00e9.<\/span><\/p>\n<p><span>Co se t\u00fdk\u00e1 zelen\u00fdch rostlin, CO2 je sou\u010d\u00e1st\u00ed jejich ka\u017edodenn\u00edho \u017eivota \u2013 jako voda, slune\u010dn\u00ed sv\u011btlo, dus\u00edk, fosfor, drasl\u00edk a dal\u0161\u00ed nezbytn\u00e9 prvky pro jejich r\u016fst.<\/span><\/p>\n<h2><span>Bez CO2 by neexistovala \u017e\u00e1dn\u00e1 fotosynt\u00e9za, \u017e\u00e1dn\u00e9 j\u00eddlo a \u017e\u00e1dn\u00fd lidsk\u00fd ani jin\u00fd \u017eivot<\/span><\/h2>\n<p><span>Auto\u0159i \u010dl\u00e1nku zd\u016fraznili, \u017ee na\u0159\u00edzen\u00ed a aktivity kultu \u201enulov\u00e9ho uhl\u00edku\u201c jsou v\u011bdecky neplatn\u00e9.\u00a0Je to proto, \u017ee jejich zast\u00e1nci si vym\u00fd\u0161lej\u00ed \u00fadaje nebo vynech\u00e1vaj\u00ed ta data, kter\u00e1 jsou v rozporu s jejich z\u00e1jmy.<\/span><\/p>\n<p><span>Spol\u00e9haj\u00ed se na po\u010d\u00edta\u010dov\u00e9 modely, kter\u00e9 nefunguj\u00ed.\u00a0Spol\u00e9haj\u00ed se na z\u00e1v\u011bry Mezivl\u00e1dn\u00edho panelu pro zm\u011bnu klimatu, kter\u00e9 jsou pouze n\u00e1zory vl\u00e1d, ne vedou.<\/span><\/p>\n<p><span>Opom\u00ednaj\u00ed mimo\u0159\u00e1dn\u00e9 soci\u00e1ln\u00ed v\u00fdhody CO2 a fosiln\u00edch paliv.<\/span><\/p>\n<p><span>Nev\u0161\u00edmaj\u00ed si katastrof\u00e1ln\u00edch d\u016fsledk\u016f sn\u00ed\u017een\u00ed emis\u00ed fosiln\u00edch paliv a CO2 na \u010distou nulu.\u00a0A kone\u010dn\u011b odm\u00edtaj\u00ed v\u011bdu, kter\u00e1 dokazuje, \u017ee neexistuje \u017e\u00e1dn\u00e9 riziko katastrofick\u00e9ho\u00a0<\/span><a href=\"https:\/\/www.badatel.net\/ziadne-globalne-oteplovanie-podla-dat-noaa-uz-osmy-rok-pokracuje-globalne-ochladzovanie\/\"><span>glob\u00e1ln\u00edho oteplov\u00e1n\u00ed<\/span><\/a><span> zp\u016fsoben\u00e9ho fosiln\u00edmi palivy a CO2.<\/span><\/p>\n<h2><span>Agenda \u201enulov\u00e9ho uhl\u00edku\u201c je ve skute\u010dnosti \u00fatok na z\u00e1sobov\u00e1n\u00ed potravinami<\/span><\/h2>\n<p><span>Hostitel programu\u00a0<\/span><em><span>The HighWire<\/span><\/em><span>\u00a0Del Bigtree tak\u00e9 vyslovil\u00a0\u00a0<\/span><a href=\"https:\/\/www.brighteon.com\/2b43d24c-32c2-4662-927a-a946fc0739e9\" target=\"_blank\" rel=\"noopener\"><span>siln\u00e1 slova<\/span><\/a><span>\u00a0proti zast\u00e1nc\u016fm agendy \u201enulov\u00e9ho uhl\u00edku\u201c.\u00a0Nazval je \u201eglobalisty p\u0159evle\u010den\u00fdmi za zast\u00e1nce zm\u011bny klimatu\u201c a obvinil je, \u017ee prost\u0159ednictv\u00edm t\u00e9to agendy z\u00e1m\u011brn\u011b \u00fato\u010d\u00ed na farm\u00e1\u0159e a glob\u00e1ln\u00ed dod\u00e1vky potravin.<\/span><\/p>\n<p><em><span>\u201eZam\u011b\u0159uj\u00ed se na farm\u00e1\u0159e, tedy ty lidi, kte\u0159\u00ed tam venku obd\u011bl\u00e1vaj\u00ed p\u016fdu a p\u0159in\u00e1\u0161ej\u00ed n\u00e1m na\u0161e j\u00eddlo,\u201c<\/span><\/em><span>\u00a0\u0159ekl Del Bigtree b\u011bhem epizody sv\u00e9ho programu.<\/span><\/p>\n<p><em><span>\u201eGlobalist\u00e9 doslova plat\u00ed lidem za to, aby zav\u0159eli sv\u00e9 farmy, aby p\u0159estali cokoli p\u011bstovat.\u201c<\/span><\/em><\/p>\n<p><span>Rozr\u016fstaj\u00edc\u00ed se koalice zem\u00ed, m\u011bst, podnik\u016f a jin\u00fdch instituc\u00ed se zavazuje dos\u00e1hnout nulov\u00fdch \u010dist\u00fdch emis\u00ed.\u00a0Nejv\u011bt\u0161\u00ed zne\u010di\u0161\u0165ovatel\u00e9 \u2013 \u010c\u00edna, USA, Evropsk\u00e1 unie a dal\u0161\u00ed zem\u011b \u2013 si stanovili, \u017ee sv\u00fdmi c\u00edli nulov\u00e9ho uhl\u00edku pokryj\u00ed p\u0159ibli\u017en\u011b 76 procent glob\u00e1ln\u00edch emis\u00ed.<\/span><\/p>\n<p><span>D\u00e1le se zav\u00e1zaly p\u0159ijmout d\u016fsledn\u00e1 a okam\u017eit\u00e1 opat\u0159en\u00ed ke sn\u00ed\u017een\u00ed glob\u00e1ln\u00edch emis\u00ed do roku 2030 o polovinu.<\/span><\/p>\n<p><span>Investigativn\u00ed novin\u00e1\u0159 Jefferey Jaxen, spoluzakladatel programu\u00a0<\/span><em><span>The Highwire<\/span><\/em><span>\u00a0, citoval \u010dl\u00e1nek z\u00a0<\/span><em><span>Toronto Sun<\/span><\/em><span>\u00a0, ve kter\u00e9m se uv\u00e1d\u00ed, \u017ee kanad\u0161t\u00ed zem\u011bd\u011blci se c\u00edt\u00ed ignorov\u00e1ni, proto\u017ee vl\u00e1da Justina Trudeaua neuskute\u010dnila \u017e\u00e1dn\u00e9 p\u0159edchoz\u00ed konzultace o sn\u00ed\u017een\u00ed emis\u00ed hnojiv oxidu dusn\u00e9ho.<\/span><\/p>\n<p><span>(Souvisej\u00edc\u00ed:\u00a0<\/span><a href=\"https:\/\/www.naturalnews.com\/2022-07-27-farmers-dismayed-by-trudeaus-regulated-fertilizer-reduction.html\" target=\"_blank\" rel=\"noopener\"><span>Zem\u011bd\u011blci jsou zd\u011b\u0161eni<\/span><\/a><span>\u00a0snahou premi\u00e9ra Justina Trudeaua zav\u00e9st politiku \u201eregulovan\u00e9ho sni\u017eov\u00e1n\u00ed mno\u017estv\u00ed hnojiv\u201c, kter\u00e1 by zdecimovala produkci potravin.)<\/span><\/p>\n<h2><span>Z\u00e1v\u011br<\/span><\/h2>\n<p><span>Dal\u0161\u00ed zpr\u00e1vy o \u00fatoc\u00edch na produkci a z\u00e1sobov\u00e1n\u00ed potravinami naleznete na str\u00e1nce\u00a0<\/span><a href=\"https:\/\/foodcollapse.com\/\" target=\"_blank\" rel=\"noopener\"><span>FoodCollapse.com<\/span><\/a><span>\u00a0.<\/span><\/p>\n<p><span>Tak\u00e9 se pod\u00edvejte na toto\u00a0<\/span><a href=\"https:\/\/www.brighteon.com\/502bf653-5603-4e1d-83ea-acb9cdbc6968\" target=\"_blank\" rel=\"noopener\"><span>video<\/span><\/a><span>\u00a0o agend\u011b \u201enulov\u00e9ho uhl\u00edku\u201c, kter\u00e1 m\u016f\u017ee vyvolat celosv\u011btov\u00fd hladomor:<\/span><\/p>\n<p><iframe loading=\"lazy\" src=\"https:\/\/www.brighteon.com\/embed\/502bf653-5603-4e1d-83ea-acb9cdbc6968\" width=\"580\" height=\"326\" frameborder=\"0\" allowfullscreen=\"allowfullscreen\" data-mce-fragment=\"1\"><\/iframe><\/p>\n<p><span>Autor: Oliver Young, Zdroj:\u00a0<\/span><a href=\"https:\/\/www.naturalnews.com\/2023-03-08-net-zero-half-population-nothing-to-eat.html\" target=\"_blank\" rel=\"noopener\"><span>naturalnews.com<\/span><\/a><span>\u00a0<\/span><\/p>\n<p>&nbsp;<\/p>\n<p><img decoding=\"async\" loading=\"lazy\" class=\"wp-image-19187 aligncenter\" src=\"http:\/\/www.infokuryr.cz\/n\/wp-content\/uploads\/2022\/12\/1-PRO-300x36.jpg\" alt=\"\" width=\"1150\" height=\"138\" srcset=\"https:\/\/www.infokuryr.cz\/n\/wp-content\/uploads\/2022\/12\/1-PRO-300x36.jpg 300w, https:\/\/www.infokuryr.cz\/n\/wp-content\/uploads\/2022\/12\/1-PRO.jpg 699w\" sizes=\"(max-width: 1150px) 100vw, 1150px\" \/><\/p>\n<p>&nbsp;<\/p>\n","protected":false},"excerpt":{"rendered":"<p>Polovina sv\u011btov\u00e9 populace m\u016f\u017ee brzy hladov\u011bt kv\u016fli agend\u011b \u201enulov\u00e9ho uhl\u00edku\u201c, kterou propaguj\u00ed a \u0161\u00ed\u0159\u00ed klimati\u010dt\u00ed&#8230;<\/p>\n","protected":false},"author":2,"featured_media":9228,"comment_status":"closed","ping_status":"closed","sticky":false,"template":"","format":"standard","meta":[],"categories":[7],"tags":[67,1941,4560,276,872,1402,1561],"_links":{"self":[{"href":"https:\/\/www.infokuryr.cz\/n\/wp-json\/wp\/v2\/posts\/24281"}],"collection":[{"href":"https:\/\/www.infokuryr.cz\/n\/wp-json\/wp\/v2\/posts"}],"about":[{"href":"https:\/\/www.infokuryr.cz\/n\/wp-json\/wp\/v2\/types\/post"}],"author":[{"embeddable":true,"href":"https:\/\/www.infokuryr.cz\/n\/wp-json\/wp\/v2\/users\/2"}],"replies":[{"embeddable":true,"href":"https:\/\/www.infokuryr.cz\/n\/wp-json\/wp\/v2\/comments?post=24281"}],"version-history":[{"count":0,"href":"https:\/\/www.infokuryr.cz\/n\/wp-json\/wp\/v2\/posts\/24281\/revisions"}],"wp:featuredmedia":[{"embeddable":true,"href":"https:\/\/www.infokuryr.cz\/n\/wp-json\/wp\/v2\/media\/9228"}],"wp:attachment":[{"href":"https:\/\/www.infokuryr.cz\/n\/wp-json\/wp\/v2\/media?parent=24281"}],"wp:term":[{"taxonomy":"category","embeddable":true,"href":"https:\/\/www.infokuryr.cz\/n\/wp-json\/wp\/v2\/categories?post=24281"},{"taxonomy":"post_tag","embeddable":true,"href":"https:\/\/www.infokuryr.cz\/n\/wp-json\/wp\/v2\/tags?post=24281"}],"curies":[{"name":"wp","href":"https:\/\/api.w.org\/{rel}","templated":true}]}}