{"id":24278,"date":"2023-03-12T01:10:23","date_gmt":"2023-03-12T00:10:23","guid":{"rendered":"http:\/\/www.infokuryr.cz\/n\/?p=24278"},"modified":"2023-03-11T20:13:26","modified_gmt":"2023-03-11T19:13:26","slug":"ukrajina-se-chysta-zmocnit-se-historickeho-klastera","status":"publish","type":"post","link":"https:\/\/www.infokuryr.cz\/n\/2023\/03\/12\/ukrajina-se-chysta-zmocnit-se-historickeho-klastera\/","title":{"rendered":"Ukrajina se chyst\u00e1 zmocnit se historick\u00e9ho kl\u00e1\u0161tera"},"content":{"rendered":"<div id=\"fb-root\"><\/div>\n<p><span style=\"font-size: 18pt;\"><strong>Vl\u00e1da chce vyst\u011bhovat Ukrajinskou pravoslavnou c\u00edrkev z Pe\u010dersk\u00e9 l\u00e1vry v Kyjev\u011b<\/strong><\/span><\/p>\n<p>Ukrajinsk\u00e1 pravoslavn\u00e1 c\u00edrkev (UOC) byla v p\u00e1tek informov\u00e1na, \u017ee jej\u00ed mni\u0161i a duchovenstvo mus\u00ed do 29. b\u0159ezna vyklidit Kyjevskope\u010derskou l\u00e1vru pot\u00e9, co vl\u00e1dn\u00ed komise rozhodla, \u017ee poru\u0161uj\u00ed podm\u00ednky jejich pron\u00e1jmu od st\u00e1tu.\u00a0C\u00edrkev to odm\u00edtla s t\u00edm, \u017ee pro vyst\u011bhov\u00e1n\u00ed neexistuj\u00ed \u017e\u00e1dn\u00e9 pr\u00e1vn\u00ed d\u016fvody.<\/p>\n<p>Pe\u010dersk\u00e1 l\u00e1vra (\u201ekl\u00e1\u0161ter jeskyn\u00ed\u201c), zalo\u017een\u00e1 v roce 1051, je pova\u017eov\u00e1na za nejv\u00fdznamn\u011bj\u0161\u00ed ortodoxn\u00ed k\u0159es\u0165ansk\u00e9 m\u00edsto na Ukrajin\u011b.\u00a0Z pr\u00e1vn\u00edho hlediska je majetkem st\u00e1tu jako n\u00e1rodn\u00ed pam\u00e1tkov\u00e1 rezervace a spravuje ji UOC na z\u00e1klad\u011b dohody s vl\u00e1dou z roku 2013.<\/p>\n<p>Podle sd\u011blen\u00ed ministerstva kultury, kter\u00e9 zve\u0159ejnilo n\u011bkolik ukrajinsk\u00fdch prodejen, komise z\u0159\u00edzen\u00e1 dekretem prezidenta Vladimira Zelensk\u00e9ho v prosinci rozhodla, \u017ee UOC poru\u0161uje dohodu, a proto mus\u00ed kl\u00e1\u0161ter do konce b\u0159ezna odevzdat. .<\/p>\n<p>UOC v\u0161ak odej\u00edt nehodl\u00e1.\u00a0Jeho \u0161\u00e9f, metropolita Kliment, \u0159ekl den\u00edku\u00a0<a href=\"https:\/\/news.liga.net\/culture\/news\/svyato-uspenskiy-monastyr-upts-mp-prosyat-na-vyhod-iz-kievo-pecherskoy-lavry-dokument\" target=\"_blank\" rel=\"noopener noreferrer\">Liga<\/a>\u00a0, \u017ee dokument\u00a0<em>\u201enic neznamen\u00e1\u201c<\/em>\u00a0a odpov\u00edd\u00e1\u00a0<em>\u201en\u00e1zor\u016fm \u0159editele rezervace, nepodlo\u017een\u00fdm pr\u00e1vn\u00edmi argumenty\u201c.<\/em><\/p>\n<p><em>&#8222;Jak m\u016f\u017eeme odej\u00edt?&#8220;\u00a0<\/em>\u0159ekl metropolita.\u00a0<em>&#8222;Jsme zodpov\u011bdn\u00ed za toto d\u011bdictv\u00ed, kter\u00e9 jsme po desetilet\u00ed st\u0159e\u017eili. A te\u010f ho mus\u00edme nechat jeho ni\u010ditel\u016fm?&#8220;<\/em><\/p>\n<p>P\u0159esto\u017ee c\u00edrkev vyhl\u00e1sila nez\u00e1vislost a odsoudila Rusko \u2013 jak to vy\u017eaduj\u00ed Zelensk\u00e9ho edikty \u2013 z\u016fst\u00e1v\u00e1 UOC v kanonick\u00e9m spole\u010denstv\u00ed s Moskevsk\u00fdm patriarch\u00e1tem Rusk\u00e9 pravoslavn\u00e9 c\u00edrkve. Sou\u010dasn\u00e1 ukrajinsk\u00e1 vl\u00e1da opakovan\u011b\u00a0<a href=\"https:\/\/www.rt.com\/russia\/567511-ukraine-charges-orthodox-priests\/\">obvinila<\/a>\u00a0 duchovenstvo z toho, \u017ee jsou <em>\u201erusk\u00fdmi sympatizanty\u201c<\/em>\u00a0, a v prosinci p\u0159istoupila k p\u0159ehodnocen\u00ed statutu L\u00e1vry.<\/p>\n<p>Kyjev v sou\u010dasnosti up\u0159ednost\u0148uje\u00a0<em>\u201ePravoslavnou c\u00edrkev Ukrajiny\u201c<\/em>\u00a0(OCU) \u2013 nekanonickou organizaci zalo\u017eenou vl\u00e1dou prezidenta Petra Poro\u0161enka po p\u0159evratu podporovan\u00e9m USA v roce 2014. V lednu 2023 vl\u00e1da vyst\u011bhovala UOC z katedr\u00e1ly Dormition a refekt\u00e1\u0159sk\u00fdm kostelem, soused\u00edc\u00edm s L\u00e1vrou, a okam\u017eit\u011b dal svolen\u00ed OCU uspo\u0159\u00e1dat zde v\u00e1no\u010dn\u00ed bohoslu\u017ebu.<\/p>\n<p>Zelenskyj tak\u00e9\u00a0<a href=\"https:\/\/www.rt.com\/russia\/570455-zelensky-sanctions-orthodox-priests\/\">uvalil sankce<\/a>\u00a0na v\u00edce ne\u017e tucet duchovn\u00edch UOC a n\u011bkolik dokonce zbavil ukrajinsk\u00e9ho ob\u010danstv\u00ed.\u00a0Krok ke zmrazen\u00ed jejich majetku byl v\u011bt\u0161inou symbolick\u00fd, proto\u017ee ortodoxn\u00ed hierarchii tvo\u0159\u00ed p\u0159ev\u00e1\u017en\u011b mni\u0161i.<\/p>\n<p>Moskva Zelensk\u00e9ho z\u00e1sah opakovan\u011b odsoudila jako pron\u00e1sledov\u00e1n\u00ed pravoslavn\u00e9ho k\u0159es\u0165anstv\u00ed.\u00a0Mluv\u010d\u00ed rusk\u00e9ho ministerstva zahrani\u010d\u00ed Maria Zacharovov\u00e1 v reakci na ohl\u00e1\u0161en\u00e9 vyst\u011bhov\u00e1n\u00ed L\u00e1vry v p\u00e1tek\u00a0<a href=\"https:\/\/t.me\/MID_Russia\/26390\" target=\"_blank\" rel=\"noopener noreferrer\">p\u0159em\u00fd\u0161lela<\/a>\u00a0, zda se USA zapoj\u00ed.<\/p>\n<p><em>&#8222;Sly\u0161elo o tom ministerstvo zahrani\u010d\u00ed?&#8220;\u00a0<\/em>ona \u0159ekla.\u00a0<em>\u201eTentokr\u00e1t se jim nepoda\u0159\u00ed \u201anevid\u011bt\u2018 pron\u00e1sledov\u00e1n\u00ed ukrajinsk\u00e9 pravoslavn\u00e9 c\u00edrkve.<\/em><\/p>\n<p><em>\u00da\u0159ad pro \u201en\u00e1bo\u017eenskou svobodu\u201c<\/em>\u00a0ministerstva zahrani\u010d\u00ed\u00a0nekomentoval kyjevsk\u00e9 represe v\u016f\u010di UOC.\u00a0Jej\u00ed\u00a0<a href=\"https:\/\/www.state.gov\/reports\/2021-report-on-international-religious-freedom\/ukraine\/\">zpr\u00e1va o Ukrajin\u011b<\/a>\u00a0v roce 2021 uv\u00e1d\u00ed, \u017ee p\u0159edstavitel\u00e9 americk\u00e9ho velvyslanectv\u00ed se setkali s veden\u00edm OCU a v\u011bt\u0161inu kritiky si vyhradili v\u016f\u010di tomu, jak Kyjev zach\u00e1zel se sv\u011bdky Jehovov\u00fdmi.<\/p>\n<p><img decoding=\"async\" loading=\"lazy\" class=\"alignnone size-full wp-image-1185\" src=\"http:\/\/www.infokuryr.cz\/n\/wp-content\/uploads\/2021\/04\/kuryr-podpis.png\" alt=\"\" width=\"84\" height=\"24\" \/><\/p>\n<p>&nbsp;<\/p>\n<p><img decoding=\"async\" loading=\"lazy\" class=\"wp-image-19187 aligncenter\" src=\"http:\/\/www.infokuryr.cz\/n\/wp-content\/uploads\/2022\/12\/1-PRO-300x36.jpg\" alt=\"\" width=\"1133\" height=\"136\" srcset=\"https:\/\/www.infokuryr.cz\/n\/wp-content\/uploads\/2022\/12\/1-PRO-300x36.jpg 300w, https:\/\/www.infokuryr.cz\/n\/wp-content\/uploads\/2022\/12\/1-PRO.jpg 699w\" sizes=\"(max-width: 1133px) 100vw, 1133px\" \/><\/p>\n<p>&nbsp;<\/p>\n<p>&nbsp;<\/p>\n","protected":false},"excerpt":{"rendered":"<p>Vl\u00e1da chce vyst\u011bhovat Ukrajinskou pravoslavnou c\u00edrkev z Pe\u010dersk\u00e9 l\u00e1vry v Kyjev\u011b Ukrajinsk\u00e1 pravoslavn\u00e1 c\u00edrkev (UOC)&#8230;<\/p>\n","protected":false},"author":2,"featured_media":18648,"comment_status":"closed","ping_status":"closed","sticky":false,"template":"","format":"standard","meta":[],"categories":[7],"tags":[250,1757,26],"_links":{"self":[{"href":"https:\/\/www.infokuryr.cz\/n\/wp-json\/wp\/v2\/posts\/24278"}],"collection":[{"href":"https:\/\/www.infokuryr.cz\/n\/wp-json\/wp\/v2\/posts"}],"about":[{"href":"https:\/\/www.infokuryr.cz\/n\/wp-json\/wp\/v2\/types\/post"}],"author":[{"embeddable":true,"href":"https:\/\/www.infokuryr.cz\/n\/wp-json\/wp\/v2\/users\/2"}],"replies":[{"embeddable":true,"href":"https:\/\/www.infokuryr.cz\/n\/wp-json\/wp\/v2\/comments?post=24278"}],"version-history":[{"count":0,"href":"https:\/\/www.infokuryr.cz\/n\/wp-json\/wp\/v2\/posts\/24278\/revisions"}],"wp:featuredmedia":[{"embeddable":true,"href":"https:\/\/www.infokuryr.cz\/n\/wp-json\/wp\/v2\/media\/18648"}],"wp:attachment":[{"href":"https:\/\/www.infokuryr.cz\/n\/wp-json\/wp\/v2\/media?parent=24278"}],"wp:term":[{"taxonomy":"category","embeddable":true,"href":"https:\/\/www.infokuryr.cz\/n\/wp-json\/wp\/v2\/categories?post=24278"},{"taxonomy":"post_tag","embeddable":true,"href":"https:\/\/www.infokuryr.cz\/n\/wp-json\/wp\/v2\/tags?post=24278"}],"curies":[{"name":"wp","href":"https:\/\/api.w.org\/{rel}","templated":true}]}}