{"id":24238,"date":"2023-03-11T01:21:51","date_gmt":"2023-03-11T00:21:51","guid":{"rendered":"http:\/\/www.infokuryr.cz\/n\/?p=24238"},"modified":"2023-03-10T19:38:23","modified_gmt":"2023-03-10T18:38:23","slug":"rusko-pozadalo-o-otevrenou-schuzi-rady-bezpecnosti-osn-k-projednani-rusofobie","status":"publish","type":"post","link":"https:\/\/www.infokuryr.cz\/n\/2023\/03\/11\/rusko-pozadalo-o-otevrenou-schuzi-rady-bezpecnosti-osn-k-projednani-rusofobie\/","title":{"rendered":"Rusko po\u017e\u00e1dalo o otev\u0159enou sch\u016fzi Rady bezpe\u010dnosti OSN k projedn\u00e1n\u00ed rusofobie"},"content":{"rendered":"<div id=\"fb-root\"><\/div>\n<p>Rusko po\u017e\u00e1dalo o otev\u0159en\u00e9 zased\u00e1n\u00ed Rady bezpe\u010dnosti OSN o ukrajinsk\u00e9 krizi, aby projednala rusofobii jako faktor, kter\u00fd br\u00e1n\u00ed hled\u00e1n\u00ed dlouhodob\u00fdch a udr\u017eiteln\u00fdch \u0159e\u0161en\u00ed t\u00e9to krize.\u00a0Ozn\u00e1mila to 10. b\u0159ezna St\u00e1l\u00e1 mise Rusk\u00e9 federace p\u0159i OSN.\u00a0Setk\u00e1n\u00ed je napl\u00e1nov\u00e1no na 14. b\u0159ezna.<\/p>\n<p>\u201eSamoz\u0159ejm\u011b, \u017ee projdeme rusofobi\u00ed jak na Ukrajin\u011b, tak na Z\u00e1pad\u011b.\u00a0Jm\u00e9na na\u0161ich \u0159e\u010dn\u00edk\u016f ozn\u00e1m\u00edme den p\u0159edem, aby nebyli vystaveni tlaku na\u0161ich nep\u0159\u00e1tel, jak tomu \u010dasto b\u00fdv\u00e1,\u201c \u0159ekl p\u0159i t\u00e9to p\u0159\u00edle\u017eitosti Dmitrij Poljanskij, prvn\u00ed z\u00e1stupce st\u00e1l\u00e9ho p\u0159edstavitele Rusk\u00e9 federace p\u0159i\u00a0<strong>OSN<\/strong>\u00a0.<\/p>\n<p><img decoding=\"async\" loading=\"lazy\" class=\"alignnone size-full wp-image-1185\" src=\"http:\/\/www.infokuryr.cz\/n\/wp-content\/uploads\/2021\/04\/kuryr-podpis.png\" alt=\"\" width=\"84\" height=\"24\" \/><\/p>\n<p>&nbsp;<\/p>\n<p><img decoding=\"async\" loading=\"lazy\" class=\"wp-image-19187 aligncenter\" src=\"http:\/\/www.infokuryr.cz\/n\/wp-content\/uploads\/2022\/12\/1-PRO-300x36.jpg\" alt=\"\" width=\"1142\" height=\"137\" srcset=\"https:\/\/www.infokuryr.cz\/n\/wp-content\/uploads\/2022\/12\/1-PRO-300x36.jpg 300w, https:\/\/www.infokuryr.cz\/n\/wp-content\/uploads\/2022\/12\/1-PRO.jpg 699w\" sizes=\"(max-width: 1142px) 100vw, 1142px\" \/><\/p>\n<p>&nbsp;<\/p>\n<p>&nbsp;<\/p>\n","protected":false},"excerpt":{"rendered":"<p>Rusko po\u017e\u00e1dalo o otev\u0159en\u00e9 zased\u00e1n\u00ed Rady bezpe\u010dnosti OSN o ukrajinsk\u00e9 krizi, aby projednala rusofobii jako&#8230;<\/p>\n","protected":false},"author":2,"featured_media":9726,"comment_status":"closed","ping_status":"closed","sticky":false,"template":"","format":"standard","meta":[],"categories":[7],"tags":[186,1408,22,114],"_links":{"self":[{"href":"https:\/\/www.infokuryr.cz\/n\/wp-json\/wp\/v2\/posts\/24238"}],"collection":[{"href":"https:\/\/www.infokuryr.cz\/n\/wp-json\/wp\/v2\/posts"}],"about":[{"href":"https:\/\/www.infokuryr.cz\/n\/wp-json\/wp\/v2\/types\/post"}],"author":[{"embeddable":true,"href":"https:\/\/www.infokuryr.cz\/n\/wp-json\/wp\/v2\/users\/2"}],"replies":[{"embeddable":true,"href":"https:\/\/www.infokuryr.cz\/n\/wp-json\/wp\/v2\/comments?post=24238"}],"version-history":[{"count":1,"href":"https:\/\/www.infokuryr.cz\/n\/wp-json\/wp\/v2\/posts\/24238\/revisions"}],"predecessor-version":[{"id":24239,"href":"https:\/\/www.infokuryr.cz\/n\/wp-json\/wp\/v2\/posts\/24238\/revisions\/24239"}],"wp:featuredmedia":[{"embeddable":true,"href":"https:\/\/www.infokuryr.cz\/n\/wp-json\/wp\/v2\/media\/9726"}],"wp:attachment":[{"href":"https:\/\/www.infokuryr.cz\/n\/wp-json\/wp\/v2\/media?parent=24238"}],"wp:term":[{"taxonomy":"category","embeddable":true,"href":"https:\/\/www.infokuryr.cz\/n\/wp-json\/wp\/v2\/categories?post=24238"},{"taxonomy":"post_tag","embeddable":true,"href":"https:\/\/www.infokuryr.cz\/n\/wp-json\/wp\/v2\/tags?post=24238"}],"curies":[{"name":"wp","href":"https:\/\/api.w.org\/{rel}","templated":true}]}}