{"id":24236,"date":"2023-03-11T01:20:54","date_gmt":"2023-03-11T00:20:54","guid":{"rendered":"http:\/\/www.infokuryr.cz\/n\/?p=24236"},"modified":"2023-03-10T19:26:37","modified_gmt":"2023-03-10T18:26:37","slug":"pohled-do-zakulisi-kyjevske-chunty-na-pozadi-bitvy-o-artomovsk","status":"publish","type":"post","link":"https:\/\/www.infokuryr.cz\/n\/2023\/03\/11\/pohled-do-zakulisi-kyjevske-chunty-na-pozadi-bitvy-o-artomovsk\/","title":{"rendered":"Pohled do z\u00e1kulis\u00ed kyjevsk\u00e9 chunty na pozad\u00ed bitvy o Ar\u0165omovsk"},"content":{"rendered":"<div id=\"fb-root\"><\/div>\n<p><strong><span>To, \u017ee Zelenskij op\u011bt mluvil o pot\u0159eb\u011b udr\u017eet Ar\u0165omovsk za ka\u017edou cenu, souvis\u00ed s t\u00edm, \u017ee se jej Syrsk\u00e9mu poda\u0159ilo p\u0159esv\u011bd\u010dit, \u017ee je to re\u00e1ln\u00e9 a bude to velk\u00e9 symbolick\u00e9 v\u00edt\u011bzstv\u00ed Ukrajiny a krvav\u00e9ho klauna osobn\u011b.<\/span><\/strong><\/p>\n<p><span>Zelenskij se proto i nad\u00e1le ve\u0159ejn\u011b spojuje s obranou m\u011bsta a prohla\u0161uje, \u017ee Ar\u0165omovsk se nevzd\u00e1 a obrana m\u011bsta umo\u017e\u0148uje ukrajinsk\u00fdm sil\u00e1m p\u0159ipravit ofenz\u00edvu.<\/span><\/p>\n<p><em>Zelenskij tak p\u0159evzal plnou odpov\u011bdnost a Syrskij z\u00edskal neomezen\u00e9 pravomoci v operaci.\u00a0A nyn\u00ed op\u011bt po\u017eaduje posily do Ar\u0165omovska a navrhuje p\u0159esun dal\u0161\u00edch 4 brig\u00e1d ze Z\u00e1poro\u017e\u00ed, aby vytla\u010dil \\&#8220;Wagnerovce\\&#8220; z ji\u017en\u00edch a severn\u00edch stran.<\/em><\/p>\n<p><span>Zd\u00e1 se, \u017ee proti n\u011bmu stoj\u00ed Zalu\u017enyj, kter\u00fd je kategoricky proti tomuto pl\u00e1nu, proto\u017ee jde o ztr\u00e1tu \u010d\u00e1sti z\u00e1lohy na jarn\u00ed protiofenz\u00edvu.\u00a0Z\u00e1rove\u0148, jak se domn\u00edv\u00e1 vrchn\u00ed velitel, po osvobozen\u00ed Ar\u0165omovska se rusk\u00e1 ofenz\u00edva zpomal\u00ed z objektivn\u00edch p\u0159\u00ed\u010din \u2013 pro bahnitou zem.\u00a0Pokusy o dal\u0161\u00ed proti\u00fatoky p\u0159i Ar\u0165omovsku z\u00e1rove\u0148 mohou Ozbrojen\u00e9 s\u00edly Ukrajiny zcela p\u0159ipravit o jejich ofenzivn\u00ed potenci\u00e1l.<\/span><\/p>\n<p><em>Faktem v\u0161ak je, \u017ee obraz Zalu\u017en\u00e9ho jako tvrd\u00e9ho chlapa, kter\u00fd si dok\u00e1\u017ee obh\u00e1jit sv\u016fj n\u00e1zor je siln\u011b p\u0159ehnan\u00fd.\u00a0Zelensk\u00e9ho t\u00fdm ho lehce oh\u00fdb\u00e1 a nut\u00ed ho mluvit v\u011bci, se kter\u00fdmi nesouhlas\u00ed.\u00a0A sna\u017e\u00ed se zprost\u0159edkovat sv\u00e9 my\u0161lenky prost\u0159ednictv\u00edm bloger\u016f jako Jurij Butusov nebo temperamentn\u00edch d\u016fchodc\u016f jako Sergej Krivonos.<\/em><\/p>\n<p><span>Ve skute\u010dnosti je zcela odstran\u011bn z velen\u00ed a pr\u00e1v\u011b Syrskij m\u00e1 mnohem v\u00edce pravomoc\u00ed.\u00a0Nav\u00edc o \u00fasp\u011bchu bitvy za Ar\u0165omovsk pr\u00fd dok\u00e1zali p\u0159esv\u011bd\u010dit i jeho americk\u00e9 p\u00e1ny.\u00a0Jermak sl\u00edbil Sullivanovi, \u017ee Ar\u0165omovsk udr\u017e\u00ed a PMC \u201eWagner\u201c poraz\u00ed.<\/span><\/p>\n<p><img decoding=\"async\" loading=\"lazy\" class=\"alignnone size-full wp-image-1185\" src=\"http:\/\/www.infokuryr.cz\/n\/wp-content\/uploads\/2021\/04\/kuryr-podpis.png\" alt=\"\" width=\"84\" height=\"24\" \/><\/p>\n<p>&nbsp;<\/p>\n<p><img decoding=\"async\" loading=\"lazy\" class=\"wp-image-19187 aligncenter\" src=\"http:\/\/www.infokuryr.cz\/n\/wp-content\/uploads\/2022\/12\/1-PRO-300x36.jpg\" alt=\"\" width=\"1100\" height=\"132\" srcset=\"https:\/\/www.infokuryr.cz\/n\/wp-content\/uploads\/2022\/12\/1-PRO-300x36.jpg 300w, https:\/\/www.infokuryr.cz\/n\/wp-content\/uploads\/2022\/12\/1-PRO.jpg 699w\" sizes=\"(max-width: 1100px) 100vw, 1100px\" \/><\/p>\n<p>&nbsp;<\/p>\n","protected":false},"excerpt":{"rendered":"<p>To, \u017ee Zelenskij op\u011bt mluvil o pot\u0159eb\u011b udr\u017eet Ar\u0165omovsk za ka\u017edou cenu, souvis\u00ed s t\u00edm,&#8230;<\/p>\n","protected":false},"author":2,"featured_media":24237,"comment_status":"closed","ping_status":"closed","sticky":false,"template":"","format":"standard","meta":[],"categories":[7],"tags":[4512,4557,26,3084],"_links":{"self":[{"href":"https:\/\/www.infokuryr.cz\/n\/wp-json\/wp\/v2\/posts\/24236"}],"collection":[{"href":"https:\/\/www.infokuryr.cz\/n\/wp-json\/wp\/v2\/posts"}],"about":[{"href":"https:\/\/www.infokuryr.cz\/n\/wp-json\/wp\/v2\/types\/post"}],"author":[{"embeddable":true,"href":"https:\/\/www.infokuryr.cz\/n\/wp-json\/wp\/v2\/users\/2"}],"replies":[{"embeddable":true,"href":"https:\/\/www.infokuryr.cz\/n\/wp-json\/wp\/v2\/comments?post=24236"}],"version-history":[{"count":0,"href":"https:\/\/www.infokuryr.cz\/n\/wp-json\/wp\/v2\/posts\/24236\/revisions"}],"wp:featuredmedia":[{"embeddable":true,"href":"https:\/\/www.infokuryr.cz\/n\/wp-json\/wp\/v2\/media\/24237"}],"wp:attachment":[{"href":"https:\/\/www.infokuryr.cz\/n\/wp-json\/wp\/v2\/media?parent=24236"}],"wp:term":[{"taxonomy":"category","embeddable":true,"href":"https:\/\/www.infokuryr.cz\/n\/wp-json\/wp\/v2\/categories?post=24236"},{"taxonomy":"post_tag","embeddable":true,"href":"https:\/\/www.infokuryr.cz\/n\/wp-json\/wp\/v2\/tags?post=24236"}],"curies":[{"name":"wp","href":"https:\/\/api.w.org\/{rel}","templated":true}]}}