{"id":24233,"date":"2023-03-11T01:19:40","date_gmt":"2023-03-11T00:19:40","guid":{"rendered":"http:\/\/www.infokuryr.cz\/n\/?p=24233"},"modified":"2023-03-10T19:20:40","modified_gmt":"2023-03-10T18:20:40","slug":"pripravy-na-norimbersky-tribunal-ii-pro-pandemicke-zlociny-proti-lidskosti-vyvolaly-u-vip-elity-paniku","status":"publish","type":"post","link":"https:\/\/www.infokuryr.cz\/n\/2023\/03\/11\/pripravy-na-norimbersky-tribunal-ii-pro-pandemicke-zlociny-proti-lidskosti-vyvolaly-u-vip-elity-paniku\/","title":{"rendered":"P\u0159\u00edpravy na Norimbersk\u00fd tribun\u00e1l II. pro pandemick\u00e9 zlo\u010diny proti lidskosti vyvolaly u VIP elity paniku"},"content":{"rendered":"<div id=\"fb-root\"><\/div>\n<p><strong>Zasv\u011bcen\u00fd intern\u00ed pracovn\u00edk Mezin\u00e1rodn\u00edho trestn\u00edho soudu v Haagu tvrd\u00ed, \u017ee pr\u00e1v\u011b prob\u00edhaj\u00ed p\u0159\u00edpravy na soudn\u00ed procesy s pandemick\u00fdmi zlo\u010dinci proti lidskosti.<\/strong><\/p>\n<p>Inform\u00e1tor odhalil, \u017ee kl\u00ed\u010dov\u00e9 postavy globalistick\u00e9ho establishmentu maj\u00ed b\u00fdt ob\u011btov\u00e1ny na olt\u00e1\u0159 ve\u0159ejn\u00e9ho pobou\u0159en\u00ed za sv\u00e9 zlo\u010diny b\u011bhem selhan\u00e9 pandemii covidu.<\/p>\n<p>Globalistick\u00e1 elita ud\u011blala posledn\u00ed t\u0159i roky pro v\u011bt\u0161inu obyvatelstva peklo na Zemi.\u00a0Lid\u00e9 v\u0161ak z\u016fstali siln\u00ed, zachovali si svou d\u016fstojnost a nyn\u00ed odhaluj\u00ed jejich l\u017ei, jedno po druh\u00e9m.<\/p>\n<p>Covidov\u00ed zlo\u010dinci byli zatla\u010deni do kouta a nyn\u00ed jsou nuceni p\u0159izn\u00e1vat se ke l\u017ei a podvod\u016fm, kter\u00e9 sp\u0159\u00e1daly.\u00a0A dokonce n\u011bkte\u0159\u00ed z nich maj\u00ed tu drzost, \u017ee cht\u011bj\u00ed, abychom jim odpustili a na v\u0161echno zapomn\u011bli.<\/p>\n<p>Ale to se nestane.\u00a0To opravdu ne.\u00a0Lid\u00e9 se toti\u017e probouzej\u00ed.\u00a0A proto\u017ee se probouzej\u00ed a uv\u011bdomuj\u00ed si, \u017ee no\u010dn\u00ed m\u016fru posledn\u00edch t\u0159\u00ed let vytvo\u0159ila globalistick\u00e1 elita z\u00e1m\u011brn\u011b, lid\u00e9 povst\u00e1vaj\u00ed a do\u017eaduj\u00ed se spravedlnosti.<\/p>\n<p>Elita u\u017e pochopila, \u017ee mus\u00ed podhodit davu n\u011bkolika sv\u00fdch vlastn\u00edch, aby uklidnila masy.<\/p>\n<p>A i kdy\u017e bude pot\u011b\u0161uj\u00edc\u00ed vid\u011bt kl\u00ed\u010dov\u00e9 pandemick\u00e9 hr\u00e1\u010de \u010delit spravedlnosti na z\u00e1klad\u011b obvin\u011bn\u00ed ze zlo\u010din\u016f proti lidskosti, je t\u0159eba m\u00edt na pam\u011bti, \u017ee jednou jsme u\u017e byli v takov\u00e9 situaci.\u00a0Konkr\u00e9tn\u011b v dob\u011b, kdy bylo nacistick\u00e9 veden\u00ed T\u0159et\u00ed \u0159\u00ed\u0161e souzeno v Norimberku.<\/p>\n<p>Celkem bylo tehdy souzeno 199 ob\u017ealovan\u00fdch, 161 odsouzeno k trestu v\u011bzen\u00ed a 37 odsouzeno k smrti za zlo\u010diny proti lidskosti a v\u00e1le\u010dn\u00e9 zlo\u010diny.<\/p>\n<h2>N\u011bmeck\u00fd nacismus neskon\u010dil v roce 1945, ale v tichosti pokra\u010doval do dne\u0161n\u00edch dn\u016f<\/h2>\n<p>Ani smrt kl\u00ed\u010dov\u00fdch hr\u00e1\u010d\u016f T\u0159et\u00ed \u0159\u00ed\u0161e v\u0161ak neznamenala konec nacismu.\u00a0Pro elitu to byla prost\u011b lest, jak si udr\u017eet kontrolu.\u00a0Ob\u011btovali p\u00e1r sv\u00fdch, ale j\u00e1dro z\u016fstalo.\u00a0Nakonec nacist\u00e9 zm\u011bnili zna\u010dku na \u201eliber\u00e1ln\u00ed demokrat\u00e9\u201c a zkusili to znovu pod nov\u00fdm p\u0159estrojen\u00edm.<\/p>\n<p>Nacisti\u010dt\u00ed v\u011bdci a l\u00e9ka\u0159i byli exportov\u00e1ni do Spojen\u00fdch st\u00e1t\u016f a Evropu pozd\u011bji zaplavili globalistick\u00e9 organizace v jejich\u017e \u010dele stoj\u00ed d\u011bti a vnou\u010data n\u011bkdej\u0161\u00edho nacistick\u00e9ho veden\u00ed.<\/p>\n<p>Klaus Schwab, George Soros \u010di p\u0159edsedkyn\u011b Evropsk\u00e9 komise Ursula von der Leyenov\u00e1\/Pfizerov\u00e1 jsou jen n\u011bkolika p\u0159\u00edklady globalistick\u00fdch v\u016fdc\u016f s p\u0159\u00edm\u00fdmi vazbami na nacistick\u00e9 pohlav\u00e1\u0159e T\u0159et\u00ed \u0159\u00ed\u0161e, kte\u0159\u00ed byli \u00fadajn\u011b vyko\u0159en\u011bni v Norimberku.\u00a0A tito globalisti\u010dt\u00ed l\u00edd\u0159i dnes pokra\u010duj\u00ed ve sv\u00e9 pr\u00e1ci v ji\u017e nov\u00e9m p\u0159estrojen\u00ed.<\/p>\n<p>Vzhledem k ne\u00fasp\u011bchu Norimberku se mus\u00edme pou\u010dit z historie a ujistit se, \u017ee tentokr\u00e1t budou skute\u010dn\u00ed zlo\u010dinci, i ti jednaj\u00edc\u00ed v pozad\u00ed, bran\u00ed na zodpov\u011bdnost za zlo\u010diny proti lidskosti.<\/p>\n<p>Usv\u011bd\u010duj\u00edc\u00ed d\u016fkazy ji\u017e existuj\u00ed.\u00a0Mnoz\u00ed aktivist\u00e9 metodicky buduj\u00ed obvin\u011bn\u00ed proti zneu\u017eivatel\u016fm moci, vytv\u00e1\u0159ej\u00ed spisy jejich lapsus\u016f a p\u0159izn\u00e1n\u00ed od t\u00e9 doby, co se globalist\u00e9 stali natolik arogantn\u00ed, \u017ee si mysl\u00ed, \u017ee n\u00e1s mohou p\u0159ipravit o na\u0161e svobody a podmanit si celou lidskou rasu.<\/p>\n<p>Existuje spousta d\u016fkaz\u016f, kter\u00e9 dosv\u011bd\u010duj\u00ed, \u017ee hlavn\u00ed hr\u00e1\u010di po celou dobu p\u0159esn\u011b v\u011bd\u011bli, co d\u011blaj\u00ed.\u00a0To zahrnuje Billa Gatese, Anthonyho Fauciho, Klause Schwaba a gener\u00e1ln\u00edch \u0159editel\u016f farmaceutick\u00fdch firem, v\u010detn\u011b Stephana Bancela z Moderny a Alberta Bourly z Pfizeru.<\/p>\n<p>V novodob\u00e9m Norimberku II.\u00a0nebude pro tyto postavy \u017e\u00e1dn\u00e1 obrana typu \u201eJ\u00e1 jsem jen plnil rozkazy\u201c .<\/p>\n<h2>Norimbersk\u00e9mu tribun\u00e1lu II.\u00a0za zlo\u010diny proti lidskosti budou \u010delit t\u00e9m\u011b\u0159 v\u0161echny z\u00e1padn\u00ed vl\u00e1dy<\/h2>\n<p>Existuje tak\u00e9 mnoho d\u016fkaz\u016f, \u017ee politici v ka\u017ed\u00e9 zemi infiltrovan\u00e9 Sv\u011btov\u00fdm ekonomick\u00fdm f\u00f3rem (WEF) p\u0159esn\u011b v\u011bd\u011bli, co se d\u011bje.\u00a0A d\u016fkazy se st\u00e1le objevuj\u00ed.\u00a0U n\u00e1s se to t\u00fdk\u00e1 hlavn\u011b ministr\u016f vl\u00e1dy a \u010dlen\u016f konzilia \\&#8220;odborn\u00edk\u016f\\&#8220;.<\/p>\n<p>Tento t\u00fdden ve Velk\u00e9 Brit\u00e1nii novin\u00e1\u0159ka Isabel Oakeshottov\u00e1 p\u0159edala v\u00edce ne\u017e 100 000 unikl\u00fdch zpr\u00e1v z aplikace Whatsapp britsk\u00e9mu den\u00edku The Telegraph, kter\u00e9 odhalily, \u017ee vysokopostaven\u00ed minist\u0159i vl\u00e1dy diskutovali o tom, kdy nasadit dal\u0161\u00ed variantu, aby \u201e\u00a0<a href=\"https:\/\/www.badatel.net\/uniknute-spravy-potvrdzuju-ze-nove-varianty-covidu-boli-psychologicka-teroristicka-kampan-na-strasenie-ludi\/\">vystra\u0161ili<\/a>\u00a0\u201c ve\u0159ejnost.<\/p>\n<p>Soukrom\u00e9 zpr\u00e1vy b\u00fdval\u00e9ho ministra zdravotnictv\u00ed Matta Hancocka odhaluj\u00ed, \u017ee britsk\u00e1 vl\u00e1da &#8222;nasadila novou variantu&#8220;, aby zastra\u0161ila lidi, kte\u0159\u00ed se pak podvol\u00ed o\u010dkov\u00e1n\u00ed.\u00a0\u0158ekn\u011bte n\u00e1m, jak se to li\u0161\u00ed od chov\u00e1n\u00ed terorist\u016f?<\/p>\n<p>M\u00e1me zde Matta Hancocka, kter\u00fd se objevil v \u017eiv\u00e9m televizn\u00edm p\u0159enosu n\u011bkolik dn\u00ed po odesl\u00e1n\u00ed t\u011bchto zpr\u00e1v a nejpsychopati\u010dt\u011bj\u0161\u00edm zp\u016fsobem, jak\u00fd jen si lze p\u0159edstavit, drze lhal n\u00e1rodu.<\/p>\n<p>Matt Hancock tak\u00e9 \u0159ekl, \u017ee Bill Gates \u201emi dlu\u017e\u00ed za to, kolika lidem vst\u0159ikuji ty jeho \u010dipy\u201c.\u00a0Samoz\u0159ejm\u011b, mainstreamov\u00e1 m\u00e9dia se moment\u00e1ln\u011b \u00faporn\u011b sna\u017e\u00ed minimalizovat \u0161kody vysv\u011btlov\u00e1n\u00edm, \u017ee Hancock \u201epouze \u017eertoval\u201c.<\/p>\n<p>Na\u0161i mu\u010ditel\u00e9 cht\u011bj\u00ed, abychom na tohle v\u0161echno a je\u0161t\u011b dal\u0161\u00ed v\u011bci zapomn\u011bli.\u00a0Ale miliony lid\u00ed na to nejsou ochotny ani zapomenout, ani jim odpustit.\u00a0Ne, nic z toho se nestane.\u00a0Velmi dob\u0159e u\u017e zn\u00e1me jejich hru a jsme p\u0159ipraveni v\u00edce ne\u017e kdykoli p\u0159edt\u00edm br\u00e1t je na zodpov\u011bdnost za jejich zlo\u010diny.<\/p>\n<h2>St\u00e1le v\u00edce a v\u00edce lid\u00ed se probouz\u00ed do d\u011bsiv\u00e9 reality<\/h2>\n<p>Nemylte se, lid\u00e9 se skute\u010dn\u011b probouzej\u00ed.\u00a0Bidenova vl\u00e1da platila celebrit\u00e1m za doporu\u010den\u00ed covidov\u00fdch vakc\u00edn po dobu 3 let covidu jako sou\u010d\u00e1st propagandistick\u00e9 kampan\u011b na vym\u00fdv\u00e1n\u00ed mozk\u016f.<\/p>\n<p>Tyto jejich l\u017ei v\u0161ak neobst\u00e1ly ve zkou\u0161ce \u010dasu.\u00a0Russell Brand se tento t\u00fdden objevil v podcastu Joea Rogana a spolu podali milion\u016fm lid\u00ed \u201e\u010dervenou matrixovou pilulku\u201c o padouchy Billu Gatesovi, v\u010detn\u011b bombastick\u00fdch odhalen\u00ed o jeho\u00a0<a href=\"https:\/\/www.badatel.net\/rf-kennedy-ml-odhaluje-globalisticku-agendu-billa-gatesa-na-kontrolu-populacie\/\">smrt rozes\u00e9vaj\u00edc\u00ed pr\u00e1ci v Africe<\/a>\u00a0.<\/p>\n<p>O t\u011bchto proklet\u00fdch v\u011bcech p\u0159itom my na na\u0161\u00ed str\u00e1nce informujeme u\u017e cel\u00e1 l\u00e9ta.\u00a0Ale Rogan a Brand je\u0161t\u011b s Gatesem neskon\u010dili.\u00a0A pamatujte, \u017ee jejich po\u0159ady sleduj\u00ed miliony a miliony lid\u00ed na cel\u00e9m sv\u011bt\u011b.\u00a0Gatesova d\u00edla zk\u00e1zy se pomalu, ale jist\u011b odhaluj\u00ed cel\u00e9mu sv\u011btu.<\/p>\n<p>Bill Gates je jen jeden hr\u00e1\u010d v t\u00e9to h\u0159e.\u00a0Nezapome\u0148te na gener\u00e1ln\u00ed \u0159editele kartelov\u00fdch spole\u010dnost\u00ed farmaceutick\u00fdch firem.<\/p>\n<p>Gener\u00e1ln\u00ed \u0159editel spole\u010dnosti Moderna\u00a0<a href=\"https:\/\/newspunch.com\/moderna-ceo-caught-admitting-covid-was-an-inside-job-to-inner-circle\/\" target=\"_blank\" rel=\"noopener\">St\u00e9phane Bancel byl p\u0159ichycen<\/a>\u00a0, jak se sv\u00fdm p\u0159\u00e1tel\u016fm na Sv\u011btov\u00e9m ekonomick\u00e9m f\u00f3ru p\u0159iznal, \u017ee jeho spole\u010dnost vyrobila v roce 2019 a\u017e 100 000 d\u00e1vek vakc\u00edn proti Covid-19 \u2013 je\u0161t\u011b p\u0159ed samotn\u00fdm vypuknut\u00edm pandemie!<\/p>\n<p>Na odhaluj\u00edc\u00edch z\u00e1b\u011brech ze Sv\u011btov\u00e9ho ekonomick\u00e9ho f\u00f3ra se Bancel tak\u00e9 pro\u0159ekl, \u017ee p\u0159edem v\u011bd\u011bl o n\u011b\u010dem, co se pozd\u011bji jmenovalo \u201epandemie Covid-19\u201c.<\/p>\n<p>Nemylte se, toto je d\u016fkaz bezcharaktern\u00edho svin\u00e1\u0159e, \u017ee spole\u010dnost Moderna a kartel farmafirem byly spolupachateli p\u0159i pl\u00e1nov\u00e1n\u00ed pandemie, aby mohli mas\u00e1m podstr\u010dit \u201el\u00e9k\u201c glob\u00e1ln\u00ed elity ur\u010den\u00fd k depopulaci planety.<\/p>\n<p>A mo\u017en\u00e1 si tak\u00e9 pamatujete, jak Dr.\u00a0Ugur Sahin, gener\u00e1ln\u00ed \u0159editel BioNTech-u, biotechnologick\u00e9 spole\u010dnosti, kter\u00e1 spolupracovala s firmou Pfizer na v\u00fdvoji jejich vakc\u00edny proti covidu, na kameru\u00a0<a href=\"https:\/\/newspunch.com\/man-who-invented-pfizer-covid-19-vaccine-admits-he-hasnt-been-jabbed\/\" target=\"_blank\" rel=\"noopener\">p\u0159iznal<\/a>\u00a0, \u017ee nebyl touto vakc\u00ednou o\u010dkov\u00e1n.<\/p>\n<p>Ve sv\u011bt\u011b Big Pharmy nen\u00ed v\u0161echno s kosteln\u00edm \u0159\u00e1dem.\u00a0\u0160pi\u010dkov\u00e9ho v\u011bdce zodpov\u011bdn\u00e9ho za v\u00fdvoj prvn\u00ed registrovan\u00e9 rekombinantn\u00ed vektorov\u00e9 vakc\u00edny na sv\u011bt\u011b proti Covid-19 (rusk\u00e9ho Sputniku V) na\u0161li tento t\u00fdden udu\u0161en\u00e9ho ve sv\u00e9m byt\u011b.<\/p>\n<p>V\u011bd\u011bl toho p\u0159\u00edli\u0161 mnoho?\u00a0Kdy\u017e se lid\u00e9 nad\u00e1le probouzej\u00ed a do\u017eaduj\u00ed se pravdy, pova\u017eovala ho elita za riziko?<\/p>\n<h2>Tis\u00edce ob\u011bt\u00ed bylo zabito.\u00a0Lid\u00e9 \u017e\u00e1daj\u00ed pro pandemick\u00e9 zlo\u010dince p\u0159\u00edsn\u00e9 tresty<\/h2>\n<p>Lid\u00e9, kte\u0159\u00ed trp\u011bli nejv\u00edce a jejich\u017e \u017eivoty podvodn\u00e1 pandemie nenapraviteln\u011b po\u0161kodila, nikdy nezapomenou.\u00a0A je\u0161t\u011b m\u00e9n\u011b je pravd\u011bpodobn\u00e9, \u017ee odpust\u00ed.<\/p>\n<p>Samoz\u0159ejm\u011b nejv\u00edce trp\u011bli ti nejzraniteln\u011bj\u0161\u00ed ve spole\u010dnosti.\u00a0Na\u0161i sta\u0159\u00ed\u010dci a na\u0161e d\u011bti.<\/p>\n<p>Jako kdyby Common Core (vzd\u011bl\u00e1vac\u00ed standardy v USA), vytvo\u0159en\u00e9 Barackem Obamou a Billem Gatesem, nebyly pro na\u0161e d\u011bti dost \u0161patn\u00e9, pandemick\u00e9 lockdowny a dal\u0161\u00ed omezen\u00ed prosazovan\u00e1 na\u0161imi tr\u00fdzniteli vedly k historick\u00e9mu poklesu v\u00fdsledk\u016f test\u016f student\u016f, zejm\u00e9na v kl\u00ed\u010dov\u00fdch p\u0159edm\u011btech.<\/p>\n<p>Lockdowny a zav\u0159en\u00e9 \u0161koly p\u0159itom nejv\u00edce postihly d\u011bti ze znev\u00fdhodn\u011bn\u00fdch soci\u00e1ln\u00edch skupin, kter\u00e9 byly znev\u00fdhodn\u011bny u\u017e i p\u0159ed pandemi\u00ed.<\/p>\n<p>A tak\u00e9 nikdy nezapomeneme na to, kolik utrpen\u00ed uvalila globalistick\u00e1 \u201eelita\u201c na na\u0161e star\u00e9 lidi v pe\u010dovatelsk\u00fdch domovech a nemocnic\u00edch.<\/p>\n<p>Zanedban\u00ed, uv\u011bzn\u011bni, zbaveni mo\u017enosti vid\u011bt sv\u00e9 bl\u00edzk\u00e9, mysl\u00ed si, \u017ee byli opu\u0161t\u011bni, mnoz\u00ed nedost\u00e1vali pot\u0159ebnou l\u00e9\u010dbu, zbyte\u010dn\u011b a nebezpe\u010dn\u011b o\u010dkov\u00e1ni toxickou experiment\u00e1ln\u00ed \u201evakc\u00ednou\u201c, mnoz\u00ed usmrceni morfinem, remdesivirem, plicn\u00edm ventil\u00e1torem \u010di midazol v n\u011bkter\u00fdch st\u00e1tech USA).<\/p>\n<p>To v\u0161e pod z\u00e1minkou prevence \u00fadajn\u00e9 nemoci, jej\u00ed\u017e existence\u00a0<a href=\"https:\/\/www.badatel.net\/spanielsky-minister-zdravotnictva-priznal-ze-virus-sars-cov-2-nebol-nikdy-izolovany\/\">neboba nikdy v\u011bdecky prok\u00e1z\u00e1na<\/a>\u00a0.<\/p>\n<p>Tis\u00edce lid\u00ed bylo bezcitn\u011b zabito v r\u00e1mci program\u016f \u201epaliativn\u00ed p\u00e9\u010de\u201c na konci sv\u00e9ho \u017eivota a jejich \u00famrt\u00ed byly nemocnicemi odhodlan\u00fdmi maximalizovat zisky odepsan\u00e9 jako \u00famrt\u00ed na \u201ecovid\u201c.<\/p>\n<p>A \u00famrt\u00ed pokra\u010duj\u00ed dodnes.\u00a0Zaznamen\u00e1v\u00e1me nadm\u011brnou \u00famrtnost nap\u0159\u00ed\u010d v\u0161emi vrstvami o\u010dkovan\u00e9 spole\u010dnosti, v\u010detn\u011b mlad\u00fdch, zdrav\u00fdch a fit lid\u00ed.\u00a0Elitn\u00ed sportovci v nejlep\u0161\u00edch letech st\u00e1le padaj\u00ed jako mouchy po infarktech a mrtvic\u00edch v po\u010dtech, kter\u00e9 se nepodobaj\u00ed ni\u010demu, co jsme kdy v historii vid\u011bli.<\/p>\n<h2>Z\u00e1v\u011br<\/h2>\n<p>Jedn\u00e1 se o genocidu a zlo\u010din proti lidskosti.\u00a0\u201eElita\u201c mus\u00ed b\u00fdt proto bezpodm\u00edne\u010dn\u011b br\u00e1na na odpov\u011bdnost.\u00a0Jsme odhodl\u00e1ni pokra\u010dovat v informov\u00e1n\u00ed o zlo\u010dinech globalistick\u00e9 \u201eelity\u201c a t\u011b\u0161\u00ed n\u00e1s, \u017ee se ka\u017ed\u00fdm dnem probouz\u00ed st\u00e1le v\u00edce lid\u00ed.<\/p>\n<p><a href=\"https:\/\/rumble.com\/embed\/v29joqe\/?pub=4\" target=\"_blank\" rel=\"noopener\">Video<\/a>\u00a0z po\u0159adu str\u00e1nky People&#8217;s Voice (Hlas lidu) na aktu\u00e1ln\u00ed t\u00e9ma si m\u016f\u017eete prohl\u00e9dnout (v angli\u010dtin\u011b) zde:<\/p>\n<p>&nbsp;<\/p>\n<div class='videoWrapper'>\r\n\t            <iframe src='https:\/\/rumble.com\/embed\/pj.v29joqe\/' frameborder='0' allowfullscreen><\/iframe>\r\n\t        <\/div>\n<p>&nbsp;<\/p>\n<p>Autor: Baxter Dmitrij,\u00a0 Zdroj: <a href=\"https:\/\/newspunch.com\/vip-elite-panic-as-nuremberg-2-0-trials-for-crimes-against-humanity-becomes-reality\/\" target=\"_blank\" rel=\"noopener\">newspunch.com<\/a><\/p>\n<p>&nbsp;<\/p>\n<p><img decoding=\"async\" loading=\"lazy\" class=\"wp-image-19187 aligncenter\" src=\"http:\/\/www.infokuryr.cz\/n\/wp-content\/uploads\/2022\/12\/1-PRO-300x36.jpg\" alt=\"\" width=\"1133\" height=\"136\" srcset=\"https:\/\/www.infokuryr.cz\/n\/wp-content\/uploads\/2022\/12\/1-PRO-300x36.jpg 300w, https:\/\/www.infokuryr.cz\/n\/wp-content\/uploads\/2022\/12\/1-PRO.jpg 699w\" sizes=\"(max-width: 1133px) 100vw, 1133px\" \/><\/p>\n<p>&nbsp;<\/p>\n","protected":false},"excerpt":{"rendered":"<p>Zasv\u011bcen\u00fd intern\u00ed pracovn\u00edk Mezin\u00e1rodn\u00edho trestn\u00edho soudu v Haagu tvrd\u00ed, \u017ee pr\u00e1v\u011b prob\u00edhaj\u00ed p\u0159\u00edpravy na soudn\u00ed&#8230;<\/p>\n","protected":false},"author":2,"featured_media":24234,"comment_status":"closed","ping_status":"closed","sticky":false,"template":"","format":"standard","meta":[],"categories":[7],"tags":[23,524,4556,651],"_links":{"self":[{"href":"https:\/\/www.infokuryr.cz\/n\/wp-json\/wp\/v2\/posts\/24233"}],"collection":[{"href":"https:\/\/www.infokuryr.cz\/n\/wp-json\/wp\/v2\/posts"}],"about":[{"href":"https:\/\/www.infokuryr.cz\/n\/wp-json\/wp\/v2\/types\/post"}],"author":[{"embeddable":true,"href":"https:\/\/www.infokuryr.cz\/n\/wp-json\/wp\/v2\/users\/2"}],"replies":[{"embeddable":true,"href":"https:\/\/www.infokuryr.cz\/n\/wp-json\/wp\/v2\/comments?post=24233"}],"version-history":[{"count":1,"href":"https:\/\/www.infokuryr.cz\/n\/wp-json\/wp\/v2\/posts\/24233\/revisions"}],"predecessor-version":[{"id":24235,"href":"https:\/\/www.infokuryr.cz\/n\/wp-json\/wp\/v2\/posts\/24233\/revisions\/24235"}],"wp:featuredmedia":[{"embeddable":true,"href":"https:\/\/www.infokuryr.cz\/n\/wp-json\/wp\/v2\/media\/24234"}],"wp:attachment":[{"href":"https:\/\/www.infokuryr.cz\/n\/wp-json\/wp\/v2\/media?parent=24233"}],"wp:term":[{"taxonomy":"category","embeddable":true,"href":"https:\/\/www.infokuryr.cz\/n\/wp-json\/wp\/v2\/categories?post=24233"},{"taxonomy":"post_tag","embeddable":true,"href":"https:\/\/www.infokuryr.cz\/n\/wp-json\/wp\/v2\/tags?post=24233"}],"curies":[{"name":"wp","href":"https:\/\/api.w.org\/{rel}","templated":true}]}}