{"id":24207,"date":"2023-03-11T01:05:05","date_gmt":"2023-03-11T00:05:05","guid":{"rendered":"http:\/\/www.infokuryr.cz\/n\/?p=24207"},"modified":"2023-03-10T16:57:42","modified_gmt":"2023-03-10T15:57:42","slug":"biden-zvazuje-restartovani-politiky-zadrzovani-rodin-nelegalnich-pristehovalcu","status":"publish","type":"post","link":"https:\/\/www.infokuryr.cz\/n\/2023\/03\/11\/biden-zvazuje-restartovani-politiky-zadrzovani-rodin-nelegalnich-pristehovalcu\/","title":{"rendered":"Biden zva\u017euje restartov\u00e1n\u00ed politiky zadr\u017eov\u00e1n\u00ed rodin neleg\u00e1ln\u00edch p\u0159ist\u011bhovalc\u016f"},"content":{"rendered":"<div id=\"fb-root\"><\/div>\n<p><span data-spm-anchor-id=\"C01140752918.PaZNIkA0prFD.0.i1\">List The New York Times ned\u00e1vno uvedl, \u017ee Bidenova administrativa zva\u017euje restartov\u00e1n\u00ed praxe zadr\u017euj\u00edc\u00ed rodiny imigrant\u016f, kte\u0159\u00ed neleg\u00e1ln\u011b p\u0159ekro\u010d\u00ed hranice. Tato praxe byla pou\u017e\u00edv\u00e1na v Trumpov\u011b funk\u010dn\u00edm obdob\u00ed a po n\u00e1stupu Bidena byla zastavena. Pokud bude znovu zavedena, bude to znamenat \u201e\u00fapln\u00fd obrat\u201c Bidenovy imigra\u010dn\u00ed politiky.<\/span><\/p>\n<p>Podle agentury Reuters, kter\u00e1 citovala \u010dty\u0159i sou\u010dasn\u00e9 nebo b\u00fdval\u00e9 vedouc\u00ed p\u0159edstavitele americk\u00e9 vl\u00e1dy, Bidenova administrativa \u201epokl\u00e1d\u00e1 na st\u016fl\u201c r\u016fzn\u00e9 mo\u017enosti politiky. Krom\u011b zadr\u017eov\u00e1n\u00ed rodin imigrant\u016f, kter\u00e9 neleg\u00e1ln\u011b p\u0159ekra\u010duj\u00ed hranice, na hranic\u00edch, zva\u017euje tak\u00e9 zadr\u017een\u00ed rodin imigrant\u016f uvnit\u0159 Spojen\u00fdch st\u00e1t\u016f, kter\u00fdm je na\u0159\u00edzeno opustit zemi.<\/p>\n<p>Krom\u011b zp\u0159\u00edsn\u011bn\u00ed politik zam\u011b\u0159en\u00fdch na rodiny neleg\u00e1ln\u00edch p\u0159ist\u011bhovalc\u016f americk\u00e1 m\u00e9dia v \u00fanoru odhalila, \u017ee Bidenova administrativa pl\u00e1nuje zav\u00e9st novou politiku podobnou \u201ez\u00e1kazu tranzitu\u201c z Trumpovy \u00e9ry, kter\u00e1 vy\u017eaduje, aby ti, kdo p\u0159ekro\u010d\u00ed ji\u017en\u00ed hranici, museli po\u017e\u00e1dat o azyl v\u00a0Mexiku a dal\u0161\u00edch zem\u00edch, kter\u00fdmi projdou, ne\u017e vstoup\u00ed do Spojen\u00fdch st\u00e1t\u016f. \u201eZ\u00e1kaz tranzitu\u201c byl ji\u017e d\u0159\u00edve feder\u00e1ln\u00edm soudem pozastaven jako nez\u00e1konn\u00fd.<\/p>\n<p data-spm-anchor-id=\"C01140752918.PaZNIkA0prFD.0.i2\">Podle agentury Reuters se Biden p\u0159i sv\u00e9m inaugura\u010dn\u00edm projevu v roce 2021 zav\u00e1zal zvr\u00e1tit Trumpovu tvrdou imigra\u010dn\u00ed politiku, ale nyn\u00ed \u201ep\u0159ij\u00edm\u00e1\u201c n\u011bkter\u00e9 z politik sv\u00e9ho p\u0159edch\u016fdce, co\u017e vede k nov\u00e9mu vysok\u00e9mu po\u010dtu neleg\u00e1ln\u00edch p\u0159ist\u011bhovalc\u016f zadr\u017een\u00fdch na hranic\u00edch.<\/p>\n<p data-spm-anchor-id=\"C01140752918.PaZNIkA0prFD.0.i2\"><img decoding=\"async\" loading=\"lazy\" class=\"alignnone size-full wp-image-1185\" src=\"http:\/\/www.infokuryr.cz\/n\/wp-content\/uploads\/2021\/04\/kuryr-podpis.png\" alt=\"\" width=\"84\" height=\"24\" \/><\/p>\n<p data-spm-anchor-id=\"C01140752918.PaZNIkA0prFD.0.i2\">\n<p data-spm-anchor-id=\"C01140752918.PaZNIkA0prFD.0.i2\">\n<p data-spm-anchor-id=\"C01140752918.PaZNIkA0prFD.0.i2\"><img decoding=\"async\" loading=\"lazy\" class=\"wp-image-19187 aligncenter\" src=\"http:\/\/www.infokuryr.cz\/n\/wp-content\/uploads\/2022\/12\/1-PRO-300x36.jpg\" alt=\"\" width=\"1100\" height=\"132\" srcset=\"https:\/\/www.infokuryr.cz\/n\/wp-content\/uploads\/2022\/12\/1-PRO-300x36.jpg 300w, https:\/\/www.infokuryr.cz\/n\/wp-content\/uploads\/2022\/12\/1-PRO.jpg 699w\" sizes=\"(max-width: 1100px) 100vw, 1100px\" \/><\/p>\n<p data-spm-anchor-id=\"C01140752918.PaZNIkA0prFD.0.i2\">\n<p data-spm-anchor-id=\"C01140752918.PaZNIkA0prFD.0.i2\">\n","protected":false},"excerpt":{"rendered":"<p>List The New York Times ned\u00e1vno uvedl, \u017ee Bidenova administrativa zva\u017euje restartov\u00e1n\u00ed praxe zadr\u017euj\u00edc\u00ed rodiny&#8230;<\/p>\n","protected":false},"author":2,"featured_media":17013,"comment_status":"closed","ping_status":"closed","sticky":false,"template":"","format":"standard","meta":[],"categories":[7],"tags":[72,122,37],"_links":{"self":[{"href":"https:\/\/www.infokuryr.cz\/n\/wp-json\/wp\/v2\/posts\/24207"}],"collection":[{"href":"https:\/\/www.infokuryr.cz\/n\/wp-json\/wp\/v2\/posts"}],"about":[{"href":"https:\/\/www.infokuryr.cz\/n\/wp-json\/wp\/v2\/types\/post"}],"author":[{"embeddable":true,"href":"https:\/\/www.infokuryr.cz\/n\/wp-json\/wp\/v2\/users\/2"}],"replies":[{"embeddable":true,"href":"https:\/\/www.infokuryr.cz\/n\/wp-json\/wp\/v2\/comments?post=24207"}],"version-history":[{"count":0,"href":"https:\/\/www.infokuryr.cz\/n\/wp-json\/wp\/v2\/posts\/24207\/revisions"}],"wp:featuredmedia":[{"embeddable":true,"href":"https:\/\/www.infokuryr.cz\/n\/wp-json\/wp\/v2\/media\/17013"}],"wp:attachment":[{"href":"https:\/\/www.infokuryr.cz\/n\/wp-json\/wp\/v2\/media?parent=24207"}],"wp:term":[{"taxonomy":"category","embeddable":true,"href":"https:\/\/www.infokuryr.cz\/n\/wp-json\/wp\/v2\/categories?post=24207"},{"taxonomy":"post_tag","embeddable":true,"href":"https:\/\/www.infokuryr.cz\/n\/wp-json\/wp\/v2\/tags?post=24207"}],"curies":[{"name":"wp","href":"https:\/\/api.w.org\/{rel}","templated":true}]}}