{"id":24206,"date":"2023-03-11T01:04:18","date_gmt":"2023-03-11T00:04:18","guid":{"rendered":"http:\/\/www.infokuryr.cz\/n\/?p=24206"},"modified":"2023-03-10T16:54:33","modified_gmt":"2023-03-10T15:54:33","slug":"estonsky-zoldak-ktery-bojoval-na-strane-ukrajiny-zahynul-u-artomovska","status":"publish","type":"post","link":"https:\/\/www.infokuryr.cz\/n\/2023\/03\/11\/estonsky-zoldak-ktery-bojoval-na-strane-ukrajiny-zahynul-u-artomovska\/","title":{"rendered":"Estonsk\u00fd \u017eold\u00e1k, kter\u00fd bojoval na stran\u011b Ukrajiny, zahynul u Ar\u0165omovska"},"content":{"rendered":"<div id=\"fb-root\"><\/div>\n<p><strong>B\u00fdval\u00fd d\u016fstojn\u00edk Estonsk\u00fdch obrann\u00fdch sil Ivo Jurak, kter\u00fd bojoval na Ukrajin\u011b na stran\u011b Kyjeva, zahynul u Ar\u0165omovska, ozn\u00e1mil v p\u00e1tek port\u00e1l Postimees.<\/strong><\/p>\n<p>\u201eV \u00fater\u00fd v d\u016fsledku d\u011blost\u0159eleck\u00e9ho \u00fatoku u Bachmutu v Don\u011bck\u00e9 oblasti zahynul b\u00fdval\u00fd d\u016fstojn\u00edk Obrann\u00fdch sil Ivo Jurak. Podle p\u0159\u00edstupn\u00e9 informace jde o prvn\u00edho Estonce, kter\u00fd zahynul v t\u00e9to v\u00e1lce. Od lo\u0148sk\u00e9ho podzimu bojoval Jurak ve slo\u017een\u00ed Ukrajinsk\u00e9 internacion\u00e1ln\u00ed legie,\u201c uv\u00e1d\u00ed se ve zpr\u00e1v\u011b.<\/p>\n<p>Ofici\u00e1ln\u00ed mluv\u010d\u00ed MZV RF Marie Zacharovov\u00e1 d\u0159\u00edve prohl\u00e1sila, \u017ee na Ukrajinu dorazilo p\u0159es 8 tis\u00edc \u017eold\u00e1k\u016f z v\u00edce ne\u017e 60 zem\u00ed, nejpo\u010detn\u011bj\u0161\u00ed skupiny jsou z Polska, USA, Kanady, Rumunska a Brit\u00e1nie, a to nehled\u011b na to, \u017ee v mnoha zem\u00edch je \u017eoldn\u00e9\u0159stv\u00ed z\u00e1konod\u00e1rn\u011b zak\u00e1z\u00e1no a trestn\u011b st\u00edh\u00e1no.<\/p>\n<p>Rusko zah\u00e1jilo vojenskou operaci na Ukrajin\u011b 24. \u00fanora 2022. Prezident RF Vladimir Putin ozna\u010dil za jej\u00ed c\u00edl \u201eochranu lid\u00ed, kte\u0159\u00ed byli v pr\u016fb\u011bhu osmi let vystaveni poni\u017eov\u00e1n\u00ed a genocid\u011b ze strany kyjevsk\u00e9ho re\u017eimu\u201c. Za t\u00edmto \u00fa\u010delem se pl\u00e1nuje podle jeho slov prov\u00e9st \u201edemilitarizaci a denacifikaci Ukrajiny\u201c a pohnat p\u0159ed soud v\u0161echny v\u00e1le\u010dn\u00e9 zlo\u010dince zodpov\u011bdn\u00e9 za \u201ekrvav\u00e9 zlo\u010diny proti pokojn\u00fdm obyvatel\u016fm\u201c Donbasu.<\/p>\n<p><img decoding=\"async\" loading=\"lazy\" class=\"alignnone size-full wp-image-1185\" src=\"http:\/\/www.infokuryr.cz\/n\/wp-content\/uploads\/2021\/04\/kuryr-podpis.png\" alt=\"\" width=\"84\" height=\"24\" \/><\/p>\n<p>&nbsp;<\/p>\n<p><img decoding=\"async\" loading=\"lazy\" class=\"wp-image-19187 aligncenter\" src=\"http:\/\/www.infokuryr.cz\/n\/wp-content\/uploads\/2022\/12\/1-PRO-300x36.jpg\" alt=\"\" width=\"1133\" height=\"136\" srcset=\"https:\/\/www.infokuryr.cz\/n\/wp-content\/uploads\/2022\/12\/1-PRO-300x36.jpg 300w, https:\/\/www.infokuryr.cz\/n\/wp-content\/uploads\/2022\/12\/1-PRO.jpg 699w\" sizes=\"(max-width: 1133px) 100vw, 1133px\" \/><\/p>\n<p>&nbsp;<\/p>\n<p>&nbsp;<\/p>\n","protected":false},"excerpt":{"rendered":"<p>B\u00fdval\u00fd d\u016fstojn\u00edk Estonsk\u00fdch obrann\u00fdch sil Ivo Jurak, kter\u00fd bojoval na Ukrajin\u011b na stran\u011b Kyjeva, zahynul&#8230;<\/p>\n","protected":false},"author":2,"featured_media":20155,"comment_status":"closed","ping_status":"closed","sticky":false,"template":"","format":"standard","meta":[],"categories":[7],"tags":[209,26,2969],"_links":{"self":[{"href":"https:\/\/www.infokuryr.cz\/n\/wp-json\/wp\/v2\/posts\/24206"}],"collection":[{"href":"https:\/\/www.infokuryr.cz\/n\/wp-json\/wp\/v2\/posts"}],"about":[{"href":"https:\/\/www.infokuryr.cz\/n\/wp-json\/wp\/v2\/types\/post"}],"author":[{"embeddable":true,"href":"https:\/\/www.infokuryr.cz\/n\/wp-json\/wp\/v2\/users\/2"}],"replies":[{"embeddable":true,"href":"https:\/\/www.infokuryr.cz\/n\/wp-json\/wp\/v2\/comments?post=24206"}],"version-history":[{"count":0,"href":"https:\/\/www.infokuryr.cz\/n\/wp-json\/wp\/v2\/posts\/24206\/revisions"}],"wp:featuredmedia":[{"embeddable":true,"href":"https:\/\/www.infokuryr.cz\/n\/wp-json\/wp\/v2\/media\/20155"}],"wp:attachment":[{"href":"https:\/\/www.infokuryr.cz\/n\/wp-json\/wp\/v2\/media?parent=24206"}],"wp:term":[{"taxonomy":"category","embeddable":true,"href":"https:\/\/www.infokuryr.cz\/n\/wp-json\/wp\/v2\/categories?post=24206"},{"taxonomy":"post_tag","embeddable":true,"href":"https:\/\/www.infokuryr.cz\/n\/wp-json\/wp\/v2\/tags?post=24206"}],"curies":[{"name":"wp","href":"https:\/\/api.w.org\/{rel}","templated":true}]}}