{"id":24203,"date":"2023-03-11T01:01:01","date_gmt":"2023-03-11T00:01:01","guid":{"rendered":"http:\/\/www.infokuryr.cz\/n\/?p=24203"},"modified":"2023-03-10T16:48:35","modified_gmt":"2023-03-10T15:48:35","slug":"lavrov-organizatori-teroristickeho-utoku-na-nord-stream-musi-byt-potrestani","status":"publish","type":"post","link":"https:\/\/www.infokuryr.cz\/n\/2023\/03\/11\/lavrov-organizatori-teroristickeho-utoku-na-nord-stream-musi-byt-potrestani\/","title":{"rendered":"Lavrov: Organiz\u00e1to\u0159i teroristick\u00e9ho \u00fatoku na Nord Stream mus\u00ed b\u00fdt potrest\u00e1ni"},"content":{"rendered":"<div id=\"fb-root\"><\/div>\n<p><strong>Gener\u00e1ln\u00ed tajemn\u00edk OSN Ant\u00f3nio Guterres a jeho sekretari\u00e1t se vyh\u00fdbaj\u00ed koment\u00e1\u0159\u016fm ohledn\u011b nutnosti nezaujat\u00e9ho vy\u0161et\u0159ov\u00e1n\u00ed exploz\u00ed na Nord Stream, prohl\u00e1sil rusk\u00fd ministr zahrani\u010d\u00ed Sergej Lavrov.<\/strong><\/p>\n<p>Upozornil na to, \u017ee v situaci s vy\u0161et\u0159ov\u00e1n\u00edm teroristick\u00fdch \u00fatok\u016f na plynovody Nord Stream, kter\u00e1 si pr\u00e1v\u011b vy\u017eaduje aktivn\u00ed z\u00e1jem a \u00fa\u010dast, je ze strany sekretari\u00e1tu OSN \u201evid\u011bt naprost\u00e1 pasivita a nez\u00e1jem\u201d.<\/p>\n<p>\u201eGener\u00e1ln\u00ed tajemn\u00edk a jeho spolupracovn\u00edci se v\u0161emo\u017en\u011b vyh\u00fdbaj\u00ed reakci na tyto ot\u00e1zky. Navrhli jsme Rad\u011b bezpe\u010dnosti rezoluci se \u017e\u00e1dost\u00ed v\u016f\u010di sekretari\u00e1tu OSN o podniknut\u00ed nezaujat\u00e9ho vy\u0161et\u0159ov\u00e1n\u00ed. Mysl\u00edm, \u017ee tato donebevolaj\u00edc\u00ed zve\u0159ejn\u011bn\u00e1 fakta a reakce, hanebn\u00e1 reakce v z\u00e1padn\u00edch m\u00e9di\u00edch na tato fakta, je\u017e zazn\u011bla v posledn\u00edch dnech, nebude samoz\u0159ejm\u011b ponech\u00e1na bez pov\u0161imnut\u00ed,\u201d \u0159ekl Lavrov novin\u00e1\u0159\u016fm.<\/p>\n<p>Zd\u016fraznil, \u017ee ka\u017ed\u00fd sv\u011bdomit\u00fd \u010dlen sv\u011btov\u00e9ho spole\u010denstv\u00ed mus\u00ed trvat na nezaujat\u00e9m mezin\u00e1rodn\u00edm vy\u0161et\u0159ov\u00e1n\u00ed, aby se \u201eorganiz\u00e1to\u0159i tohoto teroristick\u00e9ho \u00fatoku nevyhnuli odpov\u011bdnosti\u201d.<\/p>\n<p><img decoding=\"async\" loading=\"lazy\" class=\"alignnone size-full wp-image-1185\" src=\"http:\/\/www.infokuryr.cz\/n\/wp-content\/uploads\/2021\/04\/kuryr-podpis.png\" alt=\"\" width=\"84\" height=\"24\" \/><\/p>\n<p>&nbsp;<\/p>\n<p><img decoding=\"async\" loading=\"lazy\" class=\"wp-image-19187 aligncenter\" src=\"http:\/\/www.infokuryr.cz\/n\/wp-content\/uploads\/2022\/12\/1-PRO-300x36.jpg\" alt=\"\" width=\"1142\" height=\"137\" srcset=\"https:\/\/www.infokuryr.cz\/n\/wp-content\/uploads\/2022\/12\/1-PRO-300x36.jpg 300w, https:\/\/www.infokuryr.cz\/n\/wp-content\/uploads\/2022\/12\/1-PRO.jpg 699w\" sizes=\"(max-width: 1142px) 100vw, 1142px\" \/><\/p>\n<p>&nbsp;<\/p>\n<p>&nbsp;<\/p>\n","protected":false},"excerpt":{"rendered":"<p>Gener\u00e1ln\u00ed tajemn\u00edk OSN Ant\u00f3nio Guterres a jeho sekretari\u00e1t se vyh\u00fdbaj\u00ed koment\u00e1\u0159\u016fm ohledn\u011b nutnosti nezaujat\u00e9ho vy\u0161et\u0159ov\u00e1n\u00ed&#8230;<\/p>\n","protected":false},"author":2,"featured_media":1169,"comment_status":"closed","ping_status":"closed","sticky":false,"template":"","format":"standard","meta":[],"categories":[7],"tags":[189,415,186],"_links":{"self":[{"href":"https:\/\/www.infokuryr.cz\/n\/wp-json\/wp\/v2\/posts\/24203"}],"collection":[{"href":"https:\/\/www.infokuryr.cz\/n\/wp-json\/wp\/v2\/posts"}],"about":[{"href":"https:\/\/www.infokuryr.cz\/n\/wp-json\/wp\/v2\/types\/post"}],"author":[{"embeddable":true,"href":"https:\/\/www.infokuryr.cz\/n\/wp-json\/wp\/v2\/users\/2"}],"replies":[{"embeddable":true,"href":"https:\/\/www.infokuryr.cz\/n\/wp-json\/wp\/v2\/comments?post=24203"}],"version-history":[{"count":0,"href":"https:\/\/www.infokuryr.cz\/n\/wp-json\/wp\/v2\/posts\/24203\/revisions"}],"wp:featuredmedia":[{"embeddable":true,"href":"https:\/\/www.infokuryr.cz\/n\/wp-json\/wp\/v2\/media\/1169"}],"wp:attachment":[{"href":"https:\/\/www.infokuryr.cz\/n\/wp-json\/wp\/v2\/media?parent=24203"}],"wp:term":[{"taxonomy":"category","embeddable":true,"href":"https:\/\/www.infokuryr.cz\/n\/wp-json\/wp\/v2\/categories?post=24203"},{"taxonomy":"post_tag","embeddable":true,"href":"https:\/\/www.infokuryr.cz\/n\/wp-json\/wp\/v2\/tags?post=24203"}],"curies":[{"name":"wp","href":"https:\/\/api.w.org\/{rel}","templated":true}]}}