{"id":24201,"date":"2023-03-11T01:02:52","date_gmt":"2023-03-11T00:02:52","guid":{"rendered":"http:\/\/www.infokuryr.cz\/n\/?p=24201"},"modified":"2023-03-10T16:44:39","modified_gmt":"2023-03-10T15:44:39","slug":"v-usa-jsou-znepokojeni-jednanim-putina-na-ukrajine","status":"publish","type":"post","link":"https:\/\/www.infokuryr.cz\/n\/2023\/03\/11\/v-usa-jsou-znepokojeni-jednanim-putina-na-ukrajine\/","title":{"rendered":"V USA jsou znepokojeni jedn\u00e1n\u00edm Putina na Ukrajin\u011b"},"content":{"rendered":"<div id=\"fb-root\"><\/div>\n<p><strong>Vojensk\u00e9 \u00fasp\u011bchy rusk\u00e9ho prezidenta Vladimira Putina na Ukrajin\u011b vyvol\u00e1vaj\u00ed obavy, cituje Newsweek slova b\u00fdval\u00e9ho velvyslance USA v Moskv\u011b Michaela McFaula.<\/strong><\/p>\n<p>\u201eSituace fakticky uv\u00e1zla na n\u011bkolik m\u011bs\u00edc\u016f, a to m\u011b znerv\u00f3z\u0148uje. Ob\u00e1v\u00e1m se o schopnost Ukrajinc\u016f dr\u017eet se,\u201c \u0159ekl politik.<\/p>\n<p>Dodal, \u017ee Kyjev nechce protahovat konflikt.<\/p>\n<p>\u201eUkrajinci nev\u011b\u0159\u00ed, \u017ee \u010das pracuje pro n\u011b. Necht\u011bj\u00ed dlouhou v\u00e1lku, proto\u017ee si nemysl\u00ed, \u017ee ji dok\u00e1\u017e\u00ed vydr\u017eet \u2013 za prv\u00e9 proto, \u017ee jim skon\u010d\u00ed voj\u00e1ci, a za druh\u00e9 se ob\u00e1vaj\u00ed, \u017ee skon\u010d\u00ed podpora ze strany Z\u00e1padu,\u201c podotkl McFaul.<\/p>\n<p>Jak nejednou zd\u016fraznil prezident RF Vladimir Putin, Rusko se nesna\u017e\u00ed rozt\u00e1\u010det setrva\u010dn\u00edk ukrajinsk\u00e9ho konfliktu, ale zastavit ho. Z\u00e1padn\u00ed zem\u011b v\u0161ak neust\u00e1le tvrd\u00ed o nutnosti pokra\u010dovat v bojov\u00fdch akc\u00edch, stup\u0148uj\u00ed dod\u00e1vky zbran\u00ed a p\u0159ipravuj\u00ed voj\u00e1ky OS Ukrajiny na sv\u00e9m \u00fazem\u00ed.<\/p>\n<p><img decoding=\"async\" loading=\"lazy\" class=\"alignnone size-full wp-image-1185\" src=\"http:\/\/www.infokuryr.cz\/n\/wp-content\/uploads\/2021\/04\/kuryr-podpis.png\" alt=\"\" width=\"84\" height=\"24\" \/><\/p>\n<p>&nbsp;<\/p>\n<p><img decoding=\"async\" loading=\"lazy\" class=\"wp-image-19187 aligncenter\" src=\"http:\/\/www.infokuryr.cz\/n\/wp-content\/uploads\/2022\/12\/1-PRO-300x36.jpg\" alt=\"\" width=\"1108\" height=\"133\" srcset=\"https:\/\/www.infokuryr.cz\/n\/wp-content\/uploads\/2022\/12\/1-PRO-300x36.jpg 300w, https:\/\/www.infokuryr.cz\/n\/wp-content\/uploads\/2022\/12\/1-PRO.jpg 699w\" sizes=\"(max-width: 1108px) 100vw, 1108px\" \/><\/p>\n<p>&nbsp;<\/p>\n","protected":false},"excerpt":{"rendered":"<p>Vojensk\u00e9 \u00fasp\u011bchy rusk\u00e9ho prezidenta Vladimira Putina na Ukrajin\u011b vyvol\u00e1vaj\u00ed obavy, cituje Newsweek slova b\u00fdval\u00e9ho velvyslance&#8230;<\/p>\n","protected":false},"author":2,"featured_media":12403,"comment_status":"closed","ping_status":"closed","sticky":false,"template":"","format":"standard","meta":[],"categories":[7],"tags":[102,26,37],"_links":{"self":[{"href":"https:\/\/www.infokuryr.cz\/n\/wp-json\/wp\/v2\/posts\/24201"}],"collection":[{"href":"https:\/\/www.infokuryr.cz\/n\/wp-json\/wp\/v2\/posts"}],"about":[{"href":"https:\/\/www.infokuryr.cz\/n\/wp-json\/wp\/v2\/types\/post"}],"author":[{"embeddable":true,"href":"https:\/\/www.infokuryr.cz\/n\/wp-json\/wp\/v2\/users\/2"}],"replies":[{"embeddable":true,"href":"https:\/\/www.infokuryr.cz\/n\/wp-json\/wp\/v2\/comments?post=24201"}],"version-history":[{"count":1,"href":"https:\/\/www.infokuryr.cz\/n\/wp-json\/wp\/v2\/posts\/24201\/revisions"}],"predecessor-version":[{"id":24202,"href":"https:\/\/www.infokuryr.cz\/n\/wp-json\/wp\/v2\/posts\/24201\/revisions\/24202"}],"wp:featuredmedia":[{"embeddable":true,"href":"https:\/\/www.infokuryr.cz\/n\/wp-json\/wp\/v2\/media\/12403"}],"wp:attachment":[{"href":"https:\/\/www.infokuryr.cz\/n\/wp-json\/wp\/v2\/media?parent=24201"}],"wp:term":[{"taxonomy":"category","embeddable":true,"href":"https:\/\/www.infokuryr.cz\/n\/wp-json\/wp\/v2\/categories?post=24201"},{"taxonomy":"post_tag","embeddable":true,"href":"https:\/\/www.infokuryr.cz\/n\/wp-json\/wp\/v2\/tags?post=24201"}],"curies":[{"name":"wp","href":"https:\/\/api.w.org\/{rel}","templated":true}]}}