{"id":24200,"date":"2023-03-11T01:00:37","date_gmt":"2023-03-11T00:00:37","guid":{"rendered":"http:\/\/www.infokuryr.cz\/n\/?p=24200"},"modified":"2023-03-10T16:41:40","modified_gmt":"2023-03-10T15:41:40","slug":"vybuch-nord-stream-to-vsechno-uz-najednou-neni-tajemstvim","status":"publish","type":"post","link":"https:\/\/www.infokuryr.cz\/n\/2023\/03\/11\/vybuch-nord-stream-to-vsechno-uz-najednou-neni-tajemstvim\/","title":{"rendered":"V\u00fdbuch Nord Stream: To v\u0161echno u\u017e najednou nen\u00ed tajemstv\u00edm"},"content":{"rendered":"<div id=\"fb-root\"><\/div>\n<div><span style=\"font-size: 18pt;\"><strong>Nov\u00e1 medi\u00e1ln\u00ed legenda o v\u00fdbuchu Nord Streamu \u201eproukrajinsk\u00e9 skupiny\u201c je st\u00e1le absurdn\u011bj\u0161\u00ed.\u00a0Zde shrnuji nejd\u016fle\u017eit\u011bj\u0161\u00ed zpr\u00e1vy.<\/strong><\/span><\/div>\n<div class=\"article__content\">\n<p><span>8. b\u0159ezna jsem v \u010dl\u00e1nku spekuloval, \u017ee verze \u0161\u00ed\u0159en\u00e1 New York Times a n\u011bmeck\u00fdmi m\u00e9dii, \u017ee Nord Streams vyhodila do vzduchu \u201eproukrajinsk\u00e1 skupina\u201c, by mohla znamenat za\u010d\u00e1tek konce podpory pro Ukrajinu.\u00a0Nemohu to tady v\u0161echno opakovat,\u00a0<\/span><a href=\"https:\/\/www.anti-spiegel.ru\/2023\/spuren-fuehren-in-die-ukraine-eine-nord-stream-show-der-us-regierung\/\" target=\"_blank\" rel=\"noreferrer noopener\"><span>podrobnosti najdete v tomto \u010dl\u00e1nku<\/span><\/a><span>\u00a0.<\/span><\/p>\n<h3><span style=\"font-size: 18pt;\">&#8222;Dramatick\u00fd posun v politice USA&#8220;<\/span><\/h3>\n<p><span>Stru\u010dn\u011b \u0159e\u010deno, m\u016fj odhad je zalo\u017een na\u00a0<\/span><a href=\"https:\/\/www.rand.org\/pubs\/perspectives\/PEA2510-1.html\" target=\"_blank\" rel=\"noreferrer noopener\"><span>studii RAND Corporation z ledna 2023<\/span><\/a><span>\u00a0, ve kter\u00e9 RAND doporu\u010dil americk\u00e9 vl\u00e1d\u011b, aby se co nejd\u0159\u00edve st\u00e1hla z ukrajinsk\u00e9ho dobrodru\u017estv\u00ed, proto\u017ee sankce nedok\u00e1zaly zni\u010dit ruskou ekonomiku a Rusko se mezin\u00e1rodn\u011b izolovat.\u00a0Podpora Ukrajiny je v\u0161ak velmi drah\u00e1 a podle RAND z n\u00ed USA nemaj\u00ed nic, co by st\u00e1lo za to z\u00edskat, proto\u017ee USA je jedno, jak\u00e1 je hranice mezi Ukrajinou a Ruskem.\u00a0RAND proto dokonce doporu\u010dil uznat \u00fazemn\u00ed zisky Ruska a zm\u00edrnit sankce v\u016f\u010di Rusku, aby drah\u00e9 dobrodru\u017estv\u00ed skon\u010dilo.<\/span><\/p>\n<p><span>Kl\u00ed\u010dovou ot\u00e1zkou podle RAND v z\u00e1sad\u011b bylo, jak mohou USA p\u0159im\u011bt evropskou a americkou ve\u0159ejnost, stejn\u011b jako politiky na Z\u00e1pad\u011b, aby souhlasili s touto \u201edramatickou zm\u011bnou v politice USA\u201c pot\u00e9, co USA str\u00e1vily rok tot\u00e1ln\u00ed d\u00e9monizac\u00ed. Ruska a poskytly Kyjevu bezpodm\u00edne\u010dnou podporu.<\/span><\/p>\n<p><span>Proto jsem je\u0161t\u011b v lednu, kdy\u017e jsem\u00a0<\/span><a href=\"https:\/\/www.anti-spiegel.ru\/2023\/teil-1-suchen-die-usa-eine-exit-strategie-aus-dem-ukraine-krieg\/\" target=\"_blank\" rel=\"noreferrer noopener\"><span>o studii informoval<\/span><\/a><span>\u00a0, o\u010dek\u00e1val, \u017ee v p\u0159\u00ed\u0161t\u00edch t\u0159ech nebo \u010dty\u0159ech m\u011bs\u00edc\u00edch uvid\u00edme, jak by se m\u011bla zm\u011bnit n\u00e1lada, a t\u00edm sn\u00ed\u017eit podporu Kyjevu a donutit Kyjev k jednac\u00edmu stolu s Ruskem.\u00a0Medi\u00e1ln\u00ed zpr\u00e1vy, kter\u00e9 se nyn\u00ed objevily o \u201eproukrajinsk\u00e9 skupin\u011b\u201c, by mohly b\u00fdt rozhoduj\u00edc\u00ed ud\u00e1lost\u00ed, proto\u017ee kdyby se uk\u00e1zalo, \u017ee Kyjev vyhodil potrub\u00ed do pov\u011bt\u0159\u00ed, existovala by z\u00e1minka pro sn\u00ed\u017een\u00ed nebo dokonce zastaven\u00ed podpory.<\/span><\/p>\n<p><span>M\u00e9dii prezentovan\u00e1 lupi\u010dsk\u00e1 zbra\u0148 je samoz\u0159ejm\u011b o hrstce Ukrajinc\u016f, kte\u0159\u00ed na plachetnici p\u0159evezli p\u016fl tuny v\u00fdbu\u0161nin a dv\u011bma pot\u00e1p\u011b\u010di je p\u0159ipevnili na potrub\u00ed bez pot\u0159ebn\u00e9 tlakov\u00e9 komory a ani\u017e by byli v jedn\u00e9 z nejv\u00edce ost\u0159e sledovan\u00e9 mo\u0159sk\u00e9 oblasti ve sv\u011bt\u011b NATO k objeven\u00ed, \u00fapln\u00fd nesmysl.\u00a0Ale o to nejde, p\u0159ece jen by to nebylo poprv\u00e9, co m\u00e9dia prodala hloupou historku ve\u0159ejnosti a \u017ee j\u00ed v\u011bt\u0161ina lid\u00ed st\u00e1le v\u011b\u0159\u00ed.\u00a0Nejde o pravdu, jde jen o prodej \u201edramatick\u00e9 zm\u011bny americk\u00e9 politiky\u201c ve\u0159ejnosti.<\/span><\/p>\n<p><span>Pokud by se tento sc\u00e9n\u00e1\u0159 uskute\u010dnil nyn\u00ed, o\u010dek\u00e1valo by se n\u00e1sleduj\u00edc\u00ed: Za prv\u00e9, p\u0159\u00edb\u011bh na Z\u00e1pad\u011b se prod\u00e1v\u00e1 tak, \u017ee s t\u00edm Kyjev nem\u00e1 nic spole\u010dn\u00e9ho, \u200b\u200bzat\u00edmco prvn\u00ed odborn\u00edci o tom pochybuj\u00ed a prvn\u00ed politici po\u017eaduj\u00ed \u017ee pomoc pro Kyjev bude podrobena zkou\u0161ce, pokud bude potvrzen (spole\u010dn\u00fd) vin\u00edk Kyjeva.\u00a0Jin\u00ed politici vyz\u00fdvaj\u00ed ke zdr\u017eenlivosti a pokra\u010duj\u00edc\u00ed bezpodm\u00edne\u010dn\u00e9 podpo\u0159e Kyjeva.\u00a0V bl\u00edzk\u00e9 budoucnosti budou zve\u0159ejn\u011bny st\u0159\u00edpky a \u00fatr\u017eky nov\u00fdch informac\u00ed, kter\u00e9 st\u00e1le v\u00edce poukazuj\u00ed na to, \u017ee pachatelem je ofici\u00e1ln\u00ed Kyjev, n\u00e1lada ve ve\u0159ejn\u00e9 diskusi se za\u010d\u00edn\u00e1 m\u011bnit a nakonec je Kyjev obvin\u011bn z odst\u0159elu potrub\u00ed a nucen spojit se s Ruskem (ve skute\u010dnosti na rusk\u00e9 pom\u011bry,<\/span><\/p>\n<p><span>Podle m\u00e9ho n\u00e1zoru zpr\u00e1vy z prvn\u00edch dn\u00ed po vyd\u00e1n\u00ed lupi\u010dsk\u00e9 pistole o plavb\u011b Ukrajinc\u016f na Nord Streams nazna\u010duj\u00ed, \u017ee by se v\u011bci mohly skute\u010dn\u011b vyv\u00edjet t\u00edmto sm\u011brem.\u00a0Chci tedy shrnout nejd\u016fle\u017eit\u011bj\u0161\u00ed zpr\u00e1vy za posledn\u00ed dva dny, abyste se mohli sami rozhodnout, zda souhlas\u00edte, nebo dojdete k jin\u00e9mu z\u00e1v\u011bru.<\/span><\/p>\n<h3><span style=\"font-size: 18pt;\">Utajen\u00ed \u2013 bylo co?<\/span><\/h3>\n<p><span>Vy\u0161et\u0159ov\u00e1n\u00ed odst\u0159elu Nord Streamu bylo ve skute\u010dnosti p\u0159\u00edsn\u011b tajn\u00e9.\u00a0Spolkov\u00e1 vl\u00e1da odm\u00edtla odpov\u011bd\u011bt na mal\u00e9 dotazy na toto t\u00e9ma s\u00a0<\/span><a href=\"https:\/\/www.anti-spiegel.ru\/2022\/bundesregierung-verweigert-antworten-auf-fragen-zur-nord-stream-sprengung\/\" target=\"_blank\" rel=\"noreferrer noopener\"><span>odkazem na \u201ez\u00e1jmy na utajen\u00ed\u201c<\/span><\/a><span>\u00a0.\u00a0P\u0159esto n\u011bme\u010dt\u00ed vy\u0161et\u0159ovatel\u00e9 nyn\u00ed najednou probodli n\u011bmeck\u00e1 m\u00e9dia a agenty americk\u00fdch tajn\u00fdch slu\u017eeb New York Times, \u00fadajn\u011b p\u0159\u00edsn\u011b tajn\u00e1 zji\u0161t\u011bn\u00ed, o kter\u00fdch m\u00e9dia na obou stran\u00e1ch Atlantiku dokonce informovala ve stejnou dobu. \u010das.\u00a0P\u0159edpokl\u00e1d\u00e1m tedy, \u017ee zde byla zah\u00e1jena medi\u00e1ln\u00ed kampa\u0148 koordinovan\u00e1 vl\u00e1dn\u00edmi agenturami v USA a N\u011bmecku, jin\u00e9 vysv\u011btlen\u00ed podle m\u00e9ho n\u00e1zoru neexistuje.<\/span><\/p>\n<p><span>A najednou se zd\u00e1, \u017ee se protrhla p\u0159ehrada, proto\u017ee te\u010f v\u0161ude prosakuj\u00ed \u00fadajn\u011b p\u0159\u00edsn\u011b tajn\u00e9 n\u00e1lezy.\u00a0Agentura dpa tvrd\u00ed, \u017ee se 8. b\u0159ezna od n\u011bmeck\u00e9ho st\u00e1tn\u00edho zastupitelstv\u00ed dozv\u011bd\u011bla, \u017ee\u00a0<\/span><a href=\"https:\/\/tass.ru\/mezhdunarodnaya-panorama\/17218447\" target=\"_blank\" rel=\"noreferrer noopener\"><span>jachta<\/span><\/a><span>\u00a0byla prohled\u00e1na ji\u017e v lednu.\u00a0Tak\u00e9 8. b\u0159ezna Times uvedly, \u017ee z\u00e1padn\u00ed zpravodajsk\u00e9 agentury\u00a0v\u011bd\u011bly o \u201eukrajinsk\u00e9 stop\u011b\u201c\u00a0<\/span><a href=\"https:\/\/tass.ru\/mezhdunarodnaya-panorama\/17218179\" target=\"_blank\" rel=\"noreferrer noopener\"><span>pouh\u00fd t\u00fdden po v\u00fdbuchu .<\/span><\/a><\/p>\n<p><span>Podle Times cht\u011blo NATO zabr\u00e1nit tomu, aby se tyto informace dostaly na ve\u0159ejnost, proto\u017ee by to vedlo ke zhor\u0161en\u00ed vztah\u016f mezi Ukrajinou a N\u011bmeckem.\u00a0The Times tak\u00e9 napsal, \u017ee evropsk\u00e9 zpravodajsk\u00e9 slu\u017eby znaj\u00ed jm\u00e9no \u201esoukrom\u00e9ho sponzora\u201c sabot\u00e1\u017ee.\u00a0Tajn\u00e9 slu\u017eby jeho identitu nezve\u0159ejnily, ale uvedly, \u017ee jde o bohat\u00e9ho Ukrajince, kter\u00fd \u00fadajn\u011b nem\u011bl \u017e\u00e1dn\u00e9 spojen\u00ed s prezidentem Zelensk\u00fdm.<\/span><\/p>\n<p><span>The Times d\u00e1le uvedly, \u017ee jeho jm\u00e9no bude d\u0159\u00edve nebo pozd\u011bji zn\u00e1m\u00e9, zvl\u00e1\u0161t\u011b kdy\u017e opustil svou neobvyklou \u201avizitku\u2018.\u00a0Pro vztahy Ukrajiny s jej\u00edmi spojenci by bylo lep\u0161\u00ed, kdyby se tento mu\u017e s\u00e1m p\u0159iznal, i kdy\u017e noviny neuvedly, jak\u00e9 d\u016fkazy ukazuj\u00ed na identitu \u201evlivn\u00e9 osobnosti\u201c.\u00a0The Times napsal, \u017ee \u201esponzor\u201c sabot\u00e1\u017ee \u00fadajn\u011b platil za pron\u00e1jem jachty pou\u017e\u00edvan\u00e9 sabot\u00e9ry, pr\u00e1ci pot\u00e1p\u011b\u010d\u016f, pad\u011blan\u00e9 pasy a n\u00e1kup \u201ev\u00fdbu\u0161n\u00fdch n\u00e1lo\u017e\u00ed pou\u017e\u00edvan\u00fdch v ropn\u00e9m a plyn\u00e1rensk\u00e9m pr\u016fmyslu pouze se zvl\u00e1\u0161tn\u00edm licenc\u00ed a za&#8230; jsou k dispozici velmi vysok\u00e9 \u010d\u00e1stky\u201c, zaplaceno.<\/span><\/p>\n<p><a href=\"https:\/\/tass.ru\/mezhdunarodnaya-panorama\/17220349\" target=\"_blank\" rel=\"noreferrer noopener\"><span>Mark Galeotti<\/span><\/a><span>\u00a0, britsk\u00fd historik, odborn\u00edk na ruskou bezpe\u010dnostn\u00ed politiku a vedouc\u00ed Centra pro evropskou bezpe\u010dnost p\u0159i \u00dastavu mezin\u00e1rodn\u00edch vztah\u016f v Praze, v britsk\u00e9m listu The Spectator\u00a08. b\u0159ezna napsal, \u017ee \u201eje t\u011b\u017ek\u00e9 si p\u0159edstavit, \u017ee operace, kter\u00e1 by byla zah\u00e1jena, by mohla b\u00fdt provedena, ani\u017e by kdokoli z ukrajinsk\u00e9ho bezpe\u010dnostn\u00edho apar\u00e1tu v\u011bd\u011bl o hroz\u00edc\u00ed sabot\u00e1\u017ei a m\u011bl \u201esouhlas kohokoli z vl\u00e1dy\u201c.<\/span><\/p>\n<p><span>Britsk\u00fd list The Daily Telegraph\u00a0<\/span><a href=\"https:\/\/tass.ru\/mezhdunarodnaya-panorama\/17221219\" target=\"_blank\" rel=\"noreferrer noopener\"><span>ve st\u0159edu s odkazem na zdroje uvedl<\/span><\/a><span>\u00a0, \u017ee z\u00e1padn\u00ed zem\u011b pravd\u011bpodobn\u011b nezve\u0159ejn\u00ed jm\u00e9no ukrajinsk\u00e9ho sponzora, aby udr\u017eely jednotu Z\u00e1padu v ot\u00e1zce vojensk\u00e9 podpory Ukrajin\u011b.\u00a0Podnikatel, jeho\u017e jm\u00e9no je novin\u00e1m zn\u00e1m\u00e9, se tak dostal do podez\u0159en\u00ed kv\u016fli zvl\u00e1\u0161tn\u00ed povaze sabot\u00e1\u017ee.\u00a0Zdroj den\u00edku z evropsk\u00fdch bezpe\u010dnostn\u00edch agentur potvrdil, \u017ee se podnikatel dostal do pozornosti \u00fa\u0159ad\u016f, ale ne\u0159ekl, zda je v p\u0159\u00edpadu ofici\u00e1ln\u011b podez\u0159el\u00fd.<\/span><\/p>\n<p><a href=\"https:\/\/tass.ru\/mezhdunarodnaya-panorama\/17221341\" target=\"_blank\" rel=\"noreferrer noopener\"><span>Tak\u00e9 8. b\u0159ezna Wall Street Journal s odkazem na nejmenovan\u00e9 vl\u00e1dn\u00ed \u00fa\u0159edn\u00edky<\/span><\/a><span>\u00a0uvedl\u00a0, \u017ee n\u011bme\u010dt\u00ed vy\u0161et\u0159ovatel\u00e9 t\u00e9m\u011b\u0159 vylou\u010dili p\u016fvodn\u00ed verzi, \u017ee Rusko bylo zapojeno do sabot\u00e1\u017ee Nord Streams, a ani USA nev\u011b\u0159\u00ed, \u017ee by za ni bylo odpov\u011bdn\u00e9 Rusko. to.\u00a0A noviny informovaly, \u017ee u\u017e v l\u00e9t\u011b 2022, p\u0159ed \u00fatokem, m\u011bla CIA informace, \u017ee t\u0159i ukrajin\u0161t\u00ed ob\u010dan\u00e9 by mohli p\u0159ipravit \u00fatok na Nord Streams.\u00a0Podle den\u00edku CIA p\u0159edala informace n\u011bmeck\u00e9 feder\u00e1ln\u00ed zpravodajsk\u00e9 slu\u017eb\u011b v \u010dervnu\/\u010dervenci 2022.<\/span><\/p>\n<p><span>P\u0159ipom\u00edn\u00e1me, \u017ee 7. b\u0159ezna n\u011bmeck\u00e1 m\u00e9dia a New York Times informovaly o \u00fadajn\u00e9 \u201eproukrajinsk\u00e9 skupin\u011b\u201c, kter\u00e1 \u00fadajn\u011b vyhodila do pov\u011bt\u0159\u00ed Nord Streams.\u00a0A jen o den pozd\u011bji tajn\u00e9 slu\u017eby v\u0161ech mo\u017en\u00fdch zem\u00ed zp\u00edvaj\u00ed jako mal\u00ed pt\u00e1\u010dci a v\u0161emo\u017en\u00e9 noviny dost\u00e1vaj\u00ed informace, kter\u00e9 byly dva dny p\u0159edt\u00edm tak p\u0159\u00edsn\u011b tajn\u00e9, \u017ee feder\u00e1ln\u00ed vl\u00e1da ani necht\u011bla odpov\u00eddat na drobn\u00e9 ot\u00e1zky v Bundestag na toto t\u00e9ma.\u00a0Jsem jedin\u00fd, kdo m\u00e1 pocit, \u017ee z\u00e1padn\u00ed tajn\u00e9 slu\u017eby tyto informace z\u00e1m\u011brn\u011b propichuj\u00ed, aby se dostaly na ve\u0159ejnost?<\/span><\/p>\n<h3><span style=\"font-size: 18pt;\">\u010clov\u011bku m\u016f\u017ee b\u00fdt skoro l\u00edto Kyjeva<\/span><\/h3>\n<p><span>Nejm\u00e9n\u011b jedny noviny tvrd\u00ed, \u017ee u\u017e znaj\u00ed jm\u00e9no \u00fadajn\u00e9ho \u201esponzora\u201c.\u00a0Je tedy jen ot\u00e1zkou \u010dasu, kdy se jm\u00e9no dostane na ve\u0159ejnost.\u00a0Osobn\u011b m\u00e1m podez\u0159en\u00ed, \u017ee v\u011bt\u0161ina ukrajinsk\u00fdch oligarch\u016f v tuto chv\u00edli sp\u00ed velmi \u0161patn\u011b, proto\u017ee jednoho z nich budou USA obvi\u0148ovat z v\u00fdbuchu Severn\u00edho proudu.<\/span><\/p>\n<p><span>Jak zn\u00e1mo, m\u00e9 sympatie ke\u00a0<\/span><a href=\"https:\/\/www.anti-spiegel.ru\/2022\/wie-der-westen-nazis-verteidigt\/\" target=\"_blank\" rel=\"noreferrer noopener\"><span>kyjevsk\u00e9 nacistick\u00e9 vl\u00e1d\u011b<\/span><\/a><span>\u00a0jsou velmi omezen\u00e9, ale nyn\u00ed by jich bylo skoro a\u017e l\u00edto.\u00a0Nechali je zav\u00e9st USA do nevyhrateln\u00e9 v\u00e1lky a\u00a0<\/span><a href=\"https:\/\/www.anti-spiegel.ru\/2022\/aus-saakaschwili-nichts-gelernt-ukrainische-regierung-ist-von-der-nato-enttaeuscht\/\" target=\"_blank\" rel=\"noreferrer noopener\"><span>doufali v podporu jednotek NATO<\/span><\/a><span>\u00a0, ale pak se ocitli sami proti drtiv\u00e9mu Rusku.\u00a0A nyn\u00ed budou pravd\u011bpodobn\u011b brzy nuceni p\u0159iznat se k v\u00fdbuchu Nord Stream, pokud necht\u011bj\u00ed b\u00fdt \u00fapln\u011b shozeni jako hork\u00fd brambor.\u00a0Americk\u00e9 loutky v Kyjev\u011b se nepou\u010dily z minulosti, proto\u017ee to nen\u00ed zdaleka poprv\u00e9, co USA zahodily sv\u00e9 loutky, kdy\u017e u\u017e nejsou u\u017eite\u010dn\u00e9.<\/span><\/p>\n<p><span>Novin\u00e1\u0159 Washington Post Adam Taylor napsal, \u017ee pokud by se zjistilo, \u017ee v\u00fdbuchy Nord Stream sp\u00e1chala \u201eproukrajinsk\u00e1 skupina\u201c, Kyjev by musel odpov\u00eddat na t\u011b\u017ek\u00e9\u00a0<\/span><a href=\"https:\/\/tass.ru\/mezhdunarodnaya-panorama\/17225921\" target=\"_blank\" rel=\"noreferrer noopener\"><span>ot\u00e1zky z\u00e1padn\u00edch spojenc\u016f<\/span><\/a><span>\u00a0, co\u017e by Ukrajin\u011b mohlo zt\u00ed\u017eit pokra\u010dov\u00e1n\u00ed v boj\u00edch. .\u00a0Zpr\u00e1vy, \u017ee by za bombov\u00e9 \u00fatoky mohli b\u00fdt zodpov\u011bdn\u00ed \u201eproukrajinsk\u00ed sabot\u00e9\u0159i\u201c, by \u201epro Kyjev p\u0159edstavovaly potenci\u00e1ln\u011b rizikov\u00e9 komplikace,\u201c \u0159ekl Taylor:<\/span><\/p>\n<p><em>\u201ePokud se uk\u00e1\u017ee, \u017ee tuto akci v Baltsk\u00e9m mo\u0159i provedla proukrajinsk\u00e1 skupina, kter\u00e1 ohrozila energetickou bezpe\u010dnost spojence a vedla k velk\u00e9 ekologick\u00e9 katastrof\u011b, bude Kyjev \u010delit mnohem z\u00e1va\u017en\u011bj\u0161\u00edm ot\u00e1zk\u00e1m ohledn\u011b skryt\u00e9 operace: \u201aJak mohl to ud\u011blat, aby to povolil?\u201c\u00a0Nebo je\u0161t\u011b h\u016f\u0159: \u201aJak by o tom nemohl v\u011bd\u011bt?&#8217;\u201c<\/em><\/p>\n<p><span>U\u017e se tedy oz\u00fdvaj\u00ed prvn\u00ed hlasy, kter\u00e9 nazna\u010duj\u00ed, \u017ee v\u00fdbuch Nord Streamu ze strany \u201eproukrajinsk\u00e9 skupiny\u201c by se mohl st\u00e1t pro Kyjev probl\u00e9mem, proto\u017ee o tom Kyjev nev\u011bd\u011bl.\u00a0Zd\u00e1 se, \u017ee v ka\u017ed\u00e9m p\u0159\u00edpad\u011b je na vin\u011b Kyjev, co\u017e by, jak je zcela up\u0159\u00edmn\u011b \u0159e\u010deno, znamenalo sn\u00ed\u017een\u00ed podpory Z\u00e1padu.\u00a0To u\u017e by mohl b\u00fdt za\u010d\u00e1tek tlaku na dotla\u010den\u00ed Kyjeva k jednac\u00edmu stolu, kde m\u00e1 \u2013 podle RAND \u2013 v podstat\u011b na v\u00fdb\u011br, zda bude souhlasit s t\u00e9m\u011b\u0159 v\u0161emi rusk\u00fdmi po\u017eadavky, nebo p\u016fjde dol\u016f, proto\u017ee Rusko se obejde bez masivn\u00ed podpory Z\u00e1padu. nem\u00e1 co oponovat.<\/span><\/p>\n<h3><span style=\"font-size: 18pt;\">Polsko je jako v\u017edy \u201ep\u0159\u00e1telsk\u00e9\u201c<\/span><\/h3>\n<p><span>Polsk\u00e1 vl\u00e1da samoz\u0159ejm\u011b vid\u00ed v\u011bci jinak a r\u00e1da by dala velkou pusu ka\u017ed\u00e9mu, kdo vyhodil do pov\u011bt\u0159\u00ed Nord Streams.\u00a0Polsk\u00e1 vl\u00e1da pova\u017euje N\u011bmecko i Rusko\u00a0<\/span><a href=\"https:\/\/www.anti-spiegel.ru\/2023\/kommentar-deutschland-umgeben-von-feinden\/\" target=\"_blank\" rel=\"noreferrer noopener\"><span>za nep\u0159\u00e1tele<\/span><\/a><span>\u00a0, a proto oslavuje v\u00fdbuch Nord Stream, kter\u00fd po\u0161kodil hlavn\u011b Rusko a N\u011bmecko.<\/span><\/p>\n<p><span>Bude proto t\u011b\u017ek\u00e9 p\u0159im\u011bt Pol\u00e1ky, aby se poslu\u0161n\u011b zlobili na Kyjev, proto\u017ee podle zpr\u00e1v z\u00e1padn\u00edch m\u00e9di\u00ed je zodpov\u011bdn\u00fd za v\u00fdbuchy Nord Stream.\u00a0<\/span><a href=\"https:\/\/tass.ru\/mezhdunarodnaya-panorama\/17220307\" target=\"_blank\" rel=\"noreferrer noopener\"><span>Prohl\u00e1\u0161en\u00ed polsk\u00e9ho prezidenta Dudy<\/span><\/a><span>\u00a0uk\u00e1zalo, jak t\u011b\u017ek\u00e9 bude vysv\u011btlit polsk\u00e9 vl\u00e1d\u011b nov\u00e9 zn\u011bn\u00ed\u00a0:<\/span><\/p>\n<p><em>\u201eNev\u00edm, jestli se d\u00e1 \u0159\u00edct, \u017ee to byla proukrajinsk\u00e1 sabot\u00e1\u017e.\u00a0Ale \u0159\u00edk\u00e1m, \u017ee pokud Nord Stream p\u0159estane existovat a nebude moci dod\u00e1vat plyn do Evropy, co\u017e bude pro Evropu v\u00fdhodn\u00e9, bude to u\u017eite\u010dn\u00e9.\u201c<\/em><\/p>\n<p><span>Z\u016fst\u00e1v\u00e1 to vzru\u0161uj\u00edc\u00ed a samoz\u0159ejm\u011b nen\u00ed zaru\u010deno, \u017ee moje spekulace, \u017ee poh\u00e1dka Nord Stream s \u201eproukrajinskou skupinou\u201c by m\u011bla b\u00fdt skute\u010dn\u011b vyu\u017eita k tomu, aby se USA mohly st\u00e1hnout z ukrajinsk\u00e9ho dobrodru\u017estv\u00ed, nejsou zaru\u010den\u011b spr\u00e1vn\u00e9.\u00a0Ale alespo\u0148 v prvn\u00edch dvou dnech po prvn\u00edch zpr\u00e1v\u00e1ch o t\u00e9to lupi\u010dsk\u00e9 pistoli se d\u011bje p\u0159esn\u011b to, co by \u010dlov\u011bk o\u010dek\u00e1val jako prvn\u00ed kroky, pokud m\u00e1 b\u00fdt p\u0159\u00edb\u011bh pou\u017eit k p\u0159\u00edsah\u00e1n\u00ed z\u00e1padn\u00ed ve\u0159ejnosti k \u201edramatick\u00e9 zm\u011bn\u011b americk\u00e9 politiky\u201c.<\/span><\/p>\n<p><a href=\"https:\/\/www.anti-spiegel.ru\/2023\/nord-stream-sprengung-was-ploetzlich-alles-nicht-mehr-geheim-ist\/\">Thomas R\u00f6per<\/a><\/p>\n<\/div>\n<p><img decoding=\"async\" loading=\"lazy\" class=\"alignnone  wp-image-22016\" src=\"http:\/\/www.infokuryr.cz\/n\/wp-content\/uploads\/2023\/01\/Thomas-Roper-298x300.jpg\" alt=\"\" width=\"186\" height=\"187\" srcset=\"https:\/\/www.infokuryr.cz\/n\/wp-content\/uploads\/2023\/01\/Thomas-Roper-298x300.jpg 298w, https:\/\/www.infokuryr.cz\/n\/wp-content\/uploads\/2023\/01\/Thomas-Roper-150x150.jpg 150w, https:\/\/www.infokuryr.cz\/n\/wp-content\/uploads\/2023\/01\/Thomas-Roper.jpg 596w\" sizes=\"(max-width: 186px) 100vw, 186px\" \/><\/p>\n<p>__________________<\/p>\n<p>&nbsp;<\/p>\n<p><img decoding=\"async\" loading=\"lazy\" class=\"wp-image-19187 aligncenter\" src=\"http:\/\/www.infokuryr.cz\/n\/wp-content\/uploads\/2022\/12\/1-PRO-300x36.jpg\" alt=\"\" width=\"1142\" height=\"137\" srcset=\"https:\/\/www.infokuryr.cz\/n\/wp-content\/uploads\/2022\/12\/1-PRO-300x36.jpg 300w, https:\/\/www.infokuryr.cz\/n\/wp-content\/uploads\/2022\/12\/1-PRO.jpg 699w\" sizes=\"(max-width: 1142px) 100vw, 1142px\" \/><\/p>\n<p>&nbsp;<\/p>\n","protected":false},"excerpt":{"rendered":"<p>Nov\u00e1 medi\u00e1ln\u00ed legenda o v\u00fdbuchu Nord Streamu \u201eproukrajinsk\u00e9 skupiny\u201c je st\u00e1le absurdn\u011bj\u0161\u00ed.\u00a0Zde shrnuji nejd\u016fle\u017eit\u011bj\u0161\u00ed zpr\u00e1vy&#8230;.<\/p>\n","protected":false},"author":2,"featured_media":18125,"comment_status":"closed","ping_status":"closed","sticky":false,"template":"","format":"standard","meta":[],"categories":[7],"tags":[1042,415,26,37],"_links":{"self":[{"href":"https:\/\/www.infokuryr.cz\/n\/wp-json\/wp\/v2\/posts\/24200"}],"collection":[{"href":"https:\/\/www.infokuryr.cz\/n\/wp-json\/wp\/v2\/posts"}],"about":[{"href":"https:\/\/www.infokuryr.cz\/n\/wp-json\/wp\/v2\/types\/post"}],"author":[{"embeddable":true,"href":"https:\/\/www.infokuryr.cz\/n\/wp-json\/wp\/v2\/users\/2"}],"replies":[{"embeddable":true,"href":"https:\/\/www.infokuryr.cz\/n\/wp-json\/wp\/v2\/comments?post=24200"}],"version-history":[{"count":0,"href":"https:\/\/www.infokuryr.cz\/n\/wp-json\/wp\/v2\/posts\/24200\/revisions"}],"wp:featuredmedia":[{"embeddable":true,"href":"https:\/\/www.infokuryr.cz\/n\/wp-json\/wp\/v2\/media\/18125"}],"wp:attachment":[{"href":"https:\/\/www.infokuryr.cz\/n\/wp-json\/wp\/v2\/media?parent=24200"}],"wp:term":[{"taxonomy":"category","embeddable":true,"href":"https:\/\/www.infokuryr.cz\/n\/wp-json\/wp\/v2\/categories?post=24200"},{"taxonomy":"post_tag","embeddable":true,"href":"https:\/\/www.infokuryr.cz\/n\/wp-json\/wp\/v2\/tags?post=24200"}],"curies":[{"name":"wp","href":"https:\/\/api.w.org\/{rel}","templated":true}]}}