{"id":24170,"date":"2023-03-10T01:01:33","date_gmt":"2023-03-10T00:01:33","guid":{"rendered":"http:\/\/www.infokuryr.cz\/n\/?p=24170"},"modified":"2023-03-10T15:59:53","modified_gmt":"2023-03-10T14:59:53","slug":"rumunsko-zabavilo-vagony-z-ukrajiny-ktere-chtely-dovazet-geneticky-modifikovane-organismy-aby-ohrozily-budouci-sklizen","status":"publish","type":"post","link":"https:\/\/www.infokuryr.cz\/n\/2023\/03\/10\/rumunsko-zabavilo-vagony-z-ukrajiny-ktere-chtely-dovazet-geneticky-modifikovane-organismy-aby-ohrozily-budouci-sklizen\/","title":{"rendered":"Rumunsko zabavilo vagony z Ukrajiny, kter\u00e9 cht\u011bly dov\u00e1\u017eet geneticky modifikovan\u00e9 organismy, aby ohrozily budouc\u00ed sklize\u0148"},"content":{"rendered":"<div id=\"fb-root\"><\/div>\n<div class=\"elementor-element elementor-element-1fb4c2c elementor-widget elementor-widget-theme-post-content\" data-id=\"1fb4c2c\" data-element_type=\"widget\" data-widget_type=\"theme-post-content.default\">\n<div class=\"elementor-widget-container\">\n<p><strong>Ministr zem\u011bd\u011blstv\u00ed Petre Daea h\u00e1jil Ukrajince a tvrdil, \u017ee byl informov\u00e1n ANSVSA, \u017ee v\u0161echny jejich produkty vyhovuj\u00ed.\u00a0Prezident LAPAR Lauren\u021biu Baciu v\u0161ak tvrd\u00ed, \u017ee Daea otev\u0159en\u011b l\u017ee, proto\u017ee sama ANSVSA ned\u00e1vno zabavila vlak GM \u0159epky z Ukrajiny.\u00a0D\u00e1le rumun\u0161t\u00ed farm\u00e1\u0159i tvrd\u00ed, \u017ee plodiny posti\u017een\u00e9 v\u00e1\u017en\u00fdmi chorobami ohroz\u00ed budouc\u00ed sklizn\u011b u n\u00e1s.<\/strong><\/p>\n<p>Jak farm\u00e1\u0159i hl\u00e1s\u00ed, ukrajinsk\u00e9 obil\u00ed ponechan\u00e9 v Rumunsku je pr\u00fd nejen geneticky modifikovan\u00e9, ale tak\u00e9 infikovan\u00e9 chorobami a patogeny, kter\u00e9 zna\u010dn\u011b ohro\u017euj\u00ed jak lidsk\u00e9 zdrav\u00ed, tak budouc\u00ed zem\u011bd\u011blsk\u00e9 plodiny u n\u00e1s.\u00a0Dumpingov\u00e9 ceny \u0161patn\u00e9ho zbo\u017e\u00ed vstupuj\u00edc\u00edho do Rumunska nav\u00edc p\u0159ivedly rumunsk\u00e9 farm\u00e1\u0159e k bankrotu.\u00a0Reakce ministra zem\u011bd\u011blstv\u00ed Petra Daea byla pobu\u0159uj\u00edc\u00ed.\u00a0Ve\u0159ejn\u011b prohl\u00e1sil, \u017ee v\u0161ech 8 500 anal\u00fdz ukrajinsk\u00fdch v\u00fdrobk\u016f proveden\u00fdch ANSVSA neprok\u00e1zalo \u017e\u00e1dn\u00e9 p\u0159ekro\u010den\u00ed.\u00a0A to v dob\u011b, kdy ANSVSA ji\u017e t\u00e9m\u011b\u0159 nikdy nekontroluje ukrajinsk\u00e9 dod\u00e1vky.\u00a0\u201eP\u0159edseda zem\u011bd\u011blsk\u00e9ho v\u00fdboru Sen\u00e1tu George Scarlat to ve\u0159ejn\u011b prohl\u00e1sil\u00a0\u017ee koupil kuku\u0159ici z Ukrajiny pro svou prase\u010d\u00ed farmu a \u017ee ho prasata ne\u017eerou.\u00a0Ve skute\u010dnosti prvn\u00ed informace o napaden\u00e9m obil\u00ed z Ukrajiny poch\u00e1zely od samotn\u00fdch inspektor\u016f ANSVSA V Romanu byl ANSVSA zadr\u017een vlak s geneticky modifikovanou \u0159epkou z Ukrajiny pot\u00e9, co tiskov\u00e1 zpr\u00e1va o odpadc\u00edch dovezen\u00fdch z Ukrajiny .\u00a0Velk\u00e1 \u010d\u00e1st ukrajinsk\u00e9ho obil\u00ed a produkt\u016f vstupuj\u00edc\u00edch do Rumunska je geneticky modifikov\u00e1na.\u00a0Pak p\u0159i\u0161la p\u0161enice kontaminovan\u00e1 melasou a kuku\u0159ice kontaminovan\u00e1 aflatoxinem,\u201c \u0159ekl Lauren\u021biu Baciu, prezident Rumunsk\u00e9 ligy sdru\u017een\u00ed zem\u011bd\u011blsk\u00fdch v\u00fdrobc\u016f (LAPAR).\u00a0Vystaven\u00ed aflatoxin\u016fm m\u016f\u017ee zp\u016fsobit zvracen\u00ed, bolesti b\u0159icha, plicn\u00ed ed\u00e9m,<\/p>\n<p class=\"has-medium-font-size\"><span style=\"font-size: 18pt;\"><strong>Katastrofa<\/strong><\/span><\/p>\n<p>Zem\u011bd\u011blci v Botosani a Suceav\u011b mluv\u00ed o katastrof\u011b, proto\u017ee ukrajinsk\u00e9 obil\u00ed se propou\u0161t\u00ed bez pap\u00edr\u016f.\u00a0Lauren\u021biu Baciu n\u00e1m \u0159\u00edk\u00e1, \u017ee p\u0159ed dv\u011bma dny mluvil s rumunsk\u00fdm \u0159idi\u010dem, kter\u00fd mu \u0159ekl, \u017ee m\u00e1 geneticky upravenou s\u00f3ju z Ukrajiny a p\u0159iveze ji do Lehliu.\u00a0\u201eEvropsk\u00e1 komise by n\u00e1m nyn\u00ed m\u011bla \u0159\u00edci, \u017ee Evropan\u016fm bylo zak\u00e1z\u00e1no p\u011bstovat geneticky modifikovan\u00e9 organismy pr\u00e1v\u011b proto, \u017ee jsou nebezpe\u010dn\u00e9.\u00a0Tak\u00e9 zavedli v\u0161echny druhy chorob obilnin a ohro\u017euj\u00ed na\u0161i budouc\u00ed sklize\u0148 \u0161\u00ed\u0159en\u00edm chorob v Rumunsku.\u00a0Ale ministr Petre Daea a vl\u00e1da cht\u011bj\u00ed ud\u011blat posledn\u00ed kapku.\u00a0A nen\u00ed pravda, \u017ee stla\u010dili ceny dol\u016f, a proto nem\u016f\u017eeme na\u0161e obil\u00ed prodat.\u00a0Ukrajinci neprod\u00e1vaj\u00ed levn\u011bj\u0161\u00ed produkty, ale levn\u011bji prod\u00e1vaj\u00ed \u0161patn\u00e9 zbo\u017e\u00ed, kter\u00e9 v rumunsk\u00e9m p\u0159\u00edstavu nese\u017eenou.\u00a0To znamen\u00e1, \u017ee odpadky z\u016fst\u00e1vaj\u00ed v Rumunsku.\u00a0Ch\u00e1pu Daea, kdyby ne\u0159ekl, \u017ee bylo odebr\u00e1no 8500 vzork\u016f ukrajinsk\u00e9ho zbo\u017e\u00ed a \u017ee jsou neuv\u011b\u0159iteln\u00e9, \u010dlov\u011bk by vid\u011bl, \u017ee ANSVSA ani ministerstvo nic neud\u011blaly.\u00a0\u0158\u00edkaj\u00ed jen jednu v\u011bc, ale realita na m\u00edst\u011b je velmi odli\u0161n\u00e1,\u201c \u0159ekl n\u00e1m prezident LAPAR Lauren\u021biu Baciu.\u00a0\u017ee ANSVSA ani ministerstvo nic neud\u011blaly.\u00a0\u0158\u00edkaj\u00ed jen jednu v\u011bc, ale realita na m\u00edst\u011b je velmi odli\u0161n\u00e1,\u201c \u0159ekl n\u00e1m prezident LAPAR Lauren\u021biu Baciu.\u00a0\u017ee ANSVSA ani ministerstvo nic neud\u011blaly.\u00a0\u0158\u00edkaj\u00ed jen jednu v\u011bc, ale realita na m\u00edst\u011b je velmi odli\u0161n\u00e1,\u201c \u0159ekl n\u00e1m prezident LAPAR Lauren\u021biu Baciu.<\/p>\n<p class=\"has-medium-font-size\"><span style=\"font-size: 18pt;\"><strong>Koridor solidarity<\/strong><\/span><\/p>\n<p>Podle ned\u00e1vn\u00fdch \u00fadaj\u016f bylo k 1. srpnu 2022 v\u00edce ne\u017e 23 milion\u016f tun ukrajinsk\u00e9ho obil\u00ed vyvezeno p\u0159edev\u0161\u00edm do EU a zem\u00ed s vysok\u00fdmi p\u0159\u00edjmy, p\u0159i\u010dem\u017e pouze 2,6 % sm\u011b\u0159ovalo do chud\u00fdch zem\u00ed.\u00a0Ministr zem\u011bd\u011blstv\u00ed Petre Daea p\u0159ipou\u0161t\u00ed, \u017ee do Rumunska se p\u0159es koridor solidarity dostalo mno\u017estv\u00ed obil\u00ed, co\u017e vedlo k nedostatku z\u00e1sob zem\u011bd\u011blc\u016f.\u00a0\u201eDoned\u00e1vna si Petre Daea sundal ko\u0161ili pro rumunsk\u00e9 farm\u00e1\u0159e a te\u010f \u0159\u00edk\u00e1, \u017ee ukrajinsk\u00fd n\u00e1klad je dobr\u00fd.\u00a0A pokud by to bylo dobr\u00e9, co\u017e nen\u00ed, m\u011bli b\u00fdt nejprve chr\u00e1n\u011bni rumun\u0161t\u00ed farm\u00e1\u0159i.\u00a0Ukrajinsk\u00e9 zbo\u017e\u00ed p\u0159ich\u00e1z\u00ed do na\u0161\u00ed zem\u011b bez dan\u00ed a kontrol.\u00a0Pokud nap\u0159\u00edklad p\u0159ivezete p\u0161enici v 10 kamionech ve Francii,\u00a0i kdy\u017e je v nejlep\u0161\u00ed kvalit\u011b a zdarma, nem\u016f\u017eete se do n\u011bj dostat.\u00a0Francie chr\u00e1n\u00ed sv\u00e9 vlastn\u00ed farm\u00e1\u0159e, kte\u0159\u00ed nejprve zpracov\u00e1vaj\u00ed sv\u00e9 vlastn\u00ed zbo\u017e\u00ed a pot\u00e9 je dov\u00e1\u017eej\u00ed.\u00a0Mysl\u00edm si, \u017ee Rumunsko je jedinou zem\u00ed, kter\u00e1 respektuje v\u00edce, ne\u017e \u0159\u00edk\u00e1 Evropsk\u00e1 komise,\u201c \u0159ekl Lauren\u021biu Baciu, prezident LAPAR.<\/p>\n<\/div>\n<\/div>\n<div class=\"elementor-element elementor-element-8c57238 quelle dc-has-condition dc-condition-empty elementor-widget elementor-widget-heading\" data-id=\"8c57238\" data-element_type=\"widget\" data-widget_type=\"heading.default\">\n<div class=\"elementor-widget-container\">\n<h3 class=\"elementor-heading-title elementor-size-default\"><span style=\"font-size: 8pt;\"><a href=\"https:\/\/www.national.ro\/social\/baciu-lapar-daea-minte-de-ngheata-apele-ansvsa-a-confiscat-vagoane-cu-organisme-modificate-genetic-din-ucraina-789891.html\" target=\"_blank\" rel=\"nofollow noopener\">ZDROJ<\/a><\/span><\/h3>\n<\/div>\n<\/div>\n<p>&nbsp;<\/p>\n<p><img decoding=\"async\" loading=\"lazy\" class=\"aligncenter\" src=\"https:\/\/www.skrytapravda.cz\/images\/blogy\/805\/2023\/svoboda\/Sn%C3%ADmek_obrazovky_6693_0eff8.webp\" alt=\"Sn\u00edmek obrazovky 6693 0eff8\" width=\"678\" height=\"692\" \/><\/p>\n","protected":false},"excerpt":{"rendered":"<p>Ministr zem\u011bd\u011blstv\u00ed Petre Daea h\u00e1jil Ukrajince a tvrdil, \u017ee byl informov\u00e1n ANSVSA, \u017ee v\u0161echny jejich&#8230;<\/p>\n","protected":false},"author":2,"featured_media":8942,"comment_status":"closed","ping_status":"closed","sticky":false,"template":"","format":"standard","meta":[],"categories":[7],"tags":[2023,196,26],"_links":{"self":[{"href":"https:\/\/www.infokuryr.cz\/n\/wp-json\/wp\/v2\/posts\/24170"}],"collection":[{"href":"https:\/\/www.infokuryr.cz\/n\/wp-json\/wp\/v2\/posts"}],"about":[{"href":"https:\/\/www.infokuryr.cz\/n\/wp-json\/wp\/v2\/types\/post"}],"author":[{"embeddable":true,"href":"https:\/\/www.infokuryr.cz\/n\/wp-json\/wp\/v2\/users\/2"}],"replies":[{"embeddable":true,"href":"https:\/\/www.infokuryr.cz\/n\/wp-json\/wp\/v2\/comments?post=24170"}],"version-history":[{"count":0,"href":"https:\/\/www.infokuryr.cz\/n\/wp-json\/wp\/v2\/posts\/24170\/revisions"}],"wp:featuredmedia":[{"embeddable":true,"href":"https:\/\/www.infokuryr.cz\/n\/wp-json\/wp\/v2\/media\/8942"}],"wp:attachment":[{"href":"https:\/\/www.infokuryr.cz\/n\/wp-json\/wp\/v2\/media?parent=24170"}],"wp:term":[{"taxonomy":"category","embeddable":true,"href":"https:\/\/www.infokuryr.cz\/n\/wp-json\/wp\/v2\/categories?post=24170"},{"taxonomy":"post_tag","embeddable":true,"href":"https:\/\/www.infokuryr.cz\/n\/wp-json\/wp\/v2\/tags?post=24170"}],"curies":[{"name":"wp","href":"https:\/\/api.w.org\/{rel}","templated":true}]}}