{"id":24169,"date":"2023-03-10T01:00:11","date_gmt":"2023-03-10T00:00:11","guid":{"rendered":"http:\/\/www.infokuryr.cz\/n\/?p=24169"},"modified":"2023-03-10T16:00:36","modified_gmt":"2023-03-10T15:00:36","slug":"rozsudek-spolkoveho-soudniho-dvora-umoznuje-jeste-vetsi-perzekuci-nazoru","status":"publish","type":"post","link":"https:\/\/www.infokuryr.cz\/n\/2023\/03\/10\/rozsudek-spolkoveho-soudniho-dvora-umoznuje-jeste-vetsi-perzekuci-nazoru\/","title":{"rendered":"Rozsudek Spolkov\u00e9ho soudn\u00edho dvora umo\u017e\u0148uje je\u0161t\u011b v\u011bt\u0161\u00ed perzekuci n\u00e1zor\u016f"},"content":{"rendered":"<div id=\"fb-root\"><\/div>\n<h2 class=\"elementor-heading-title elementor-size-default\">\u201e\u0158\u00ed\u0161\u0161t\u00ed ob\u010dan\u00e9\u201c mohou b\u00fdt zav\u0159eni na neur\u010dito na psychiatrii!<\/h2>\n<div class=\"elementor-element elementor-element-1fb4c2c elementor-widget elementor-widget-theme-post-content\" data-id=\"1fb4c2c\" data-element_type=\"widget\" data-widget_type=\"theme-post-content.default\">\n<div class=\"elementor-widget-container\">\n<p>P\u0159edstavte si, \u017ee jste na psychiatrick\u00e9m odd\u011blen\u00ed a nev\u00edte, kdy se dostanete ven.\u00a0Nebo jestli je\u0161t\u011b n\u011bkdy vyjde\u0161.\u00a0O jej\u00edm propu\u0161t\u011bn\u00ed neexistuje \u017e\u00e1dn\u00e9 soudn\u00ed rozhodnut\u00ed, jej\u00ed \u017eivot je v rukou odborn\u00edk\u016f a psycholog\u016f.\u00a0A to v\u0161e proto, \u017ee vl\u00e1da v\u011b\u0159\u00ed, \u017ee jste \u201e\u0159\u00ed\u0161sk\u00fdm ob\u010danem\u201c, kter\u00fd pochybuje o existenci Spolkov\u00e9 republiky N\u011bmecko.<\/p>\n<p>Zn\u00ed to \u0161\u00edlen\u011b? Takov\u00e1 je bohu\u017eel od nyn\u011bj\u0161ka judikatura nejvy\u0161\u0161\u00edho soudu Spolkov\u00e9 republiky N\u011bmecko: Rozhodnut\u00edm ze dne 7. \u00fanora 2023 (spisov\u00e1 zna\u010dka 3 StR 501\/22), zve\u0159ejn\u011bn\u00fdm dne 6. b\u0159ezna 2023, rozhodl Spolkov\u00fd soud sp. Soud rozhodl, \u017ee \u201e\u0159\u00ed\u0161sk\u00fd ob\u010dan\u201c Doln\u00edho Saska, kter\u00fd \u00fadajn\u011b v\u011b\u0159il neexistenci Spolkov\u00e9 republiky N\u011bmecko a existenci SHAEF, trp\u00ed \u201e\u0161\u00edlenou nemoc\u00ed\u201c a bude jednat ve \u201estavu neschopnosti vinit\u201c. &#8211; ale proto\u017ee by pro n\u011bj jeho n\u00e1zory p\u0159edstavovaly velk\u00e9 nebezpe\u010d\u00ed, trval\u00e9 ubytov\u00e1n\u00ed na psychiatrick\u00e9m odd\u011blen\u00ed bylo opr\u00e1vn\u011bn\u00e9.<\/p>\n<p><strong>Rozhodnut\u00ed Spolkov\u00e9ho soudn\u00edho dvora naleznete <a href=\"https:\/\/www.bundesgerichtshof.de\/SharedDocs\/Pressemitteilungen\/DE\/2023\/2023043.html\" target=\"_blank\" rel=\"noreferrer noopener\" data-type=\"URL\" data-id=\"https:\/\/www.bundesgerichtshof.de\/SharedDocs\/Pressemitteilungen\/DE\/2023\/2023043.html\">ZDE:<\/a><\/strong><\/p>\n<p>Nyn\u00ed lze skute\u010dn\u011b polemizovat o jedn\u00e9 nebo druh\u00e9 teorii, kter\u00e1 stra\u0161\u00ed internetem, a tak\u00e9 n\u00e1zory, kter\u00e9 mu\u017e z Doln\u00edho Saska mohl reprezentovat (pokud jsou zpr\u00e1vy spr\u00e1vn\u00e9), jsou jist\u011b \u010d\u00e1ste\u010dn\u011b myln\u00e9 (a\u010dkoli nap\u0159\u00edklad kv\u016fli nedostatku informac\u00ed). suverenita Spolkov\u00e9 republiky N\u011bmecko, pro ka\u017ed\u00e9ho politicky informovan\u00e9ho ob\u010dana by ve skute\u010dnosti nem\u011bly existovat \u017e\u00e1dn\u00e9 pochybnosti).\u00a0<strong>Jen\u017ee: Zav\u0159\u00edt n\u011bkoho do konce \u017eivota jako \u201e\u0159\u00ed\u0161sk\u00e9ho ob\u010dana\u201c, kter\u00fd je pro ve\u0159ejnost nebezpe\u010dn\u00fd, proto\u017ee zastupuje n\u00e1zory, kter\u00e9 si zaslou\u017e\u00ed kritiku, je vytvo\u0159en\u00edm n\u00e1zorov\u00e9 diktatury.\u00a0T\u00edm justice dokonce u\u0161et\u0159\u00ed nutnost absolvovat pravideln\u00e9 procesy s politick\u00fdmi oponenty a klasifikuje je jako \u0161\u00edlence.<\/strong><\/p>\n<\/div>\n<\/div>\n<div class=\"elementor-element elementor-element-8c57238 quelle dc-has-condition dc-condition-empty elementor-widget elementor-widget-heading\" data-id=\"8c57238\" data-element_type=\"widget\" data-widget_type=\"heading.default\">\n<div class=\"elementor-widget-container\">\n<h3 class=\"elementor-heading-title elementor-size-default\"><span style=\"font-size: 8pt;\"><a href=\"https:\/\/freie-sachsen.info\/\" target=\"_blank\" rel=\"nofollow noopener\">ZDROJ<\/a><\/span><\/h3>\n<\/div>\n<\/div>\n<p>&nbsp;<\/p>\n<p><img decoding=\"async\" loading=\"lazy\" class=\"aligncenter\" src=\"https:\/\/www.skrytapravda.cz\/images\/blogy\/805\/2023\/svoboda\/Sn%C3%ADmek_obrazovky_6693_0eff8.webp\" alt=\"Sn\u00edmek obrazovky 6693 0eff8\" width=\"739\" height=\"755\" \/><\/p>\n<p>&nbsp;<\/p>\n","protected":false},"excerpt":{"rendered":"<p>\u201e\u0158\u00ed\u0161\u0161t\u00ed ob\u010dan\u00e9\u201c mohou b\u00fdt zav\u0159eni na neur\u010dito na psychiatrii! P\u0159edstavte si, \u017ee jste na psychiatrick\u00e9m&#8230;<\/p>\n","protected":false},"author":2,"featured_media":1596,"comment_status":"closed","ping_status":"closed","sticky":false,"template":"","format":"standard","meta":[],"categories":[7],"tags":[84,4551,520,48],"_links":{"self":[{"href":"https:\/\/www.infokuryr.cz\/n\/wp-json\/wp\/v2\/posts\/24169"}],"collection":[{"href":"https:\/\/www.infokuryr.cz\/n\/wp-json\/wp\/v2\/posts"}],"about":[{"href":"https:\/\/www.infokuryr.cz\/n\/wp-json\/wp\/v2\/types\/post"}],"author":[{"embeddable":true,"href":"https:\/\/www.infokuryr.cz\/n\/wp-json\/wp\/v2\/users\/2"}],"replies":[{"embeddable":true,"href":"https:\/\/www.infokuryr.cz\/n\/wp-json\/wp\/v2\/comments?post=24169"}],"version-history":[{"count":0,"href":"https:\/\/www.infokuryr.cz\/n\/wp-json\/wp\/v2\/posts\/24169\/revisions"}],"wp:featuredmedia":[{"embeddable":true,"href":"https:\/\/www.infokuryr.cz\/n\/wp-json\/wp\/v2\/media\/1596"}],"wp:attachment":[{"href":"https:\/\/www.infokuryr.cz\/n\/wp-json\/wp\/v2\/media?parent=24169"}],"wp:term":[{"taxonomy":"category","embeddable":true,"href":"https:\/\/www.infokuryr.cz\/n\/wp-json\/wp\/v2\/categories?post=24169"},{"taxonomy":"post_tag","embeddable":true,"href":"https:\/\/www.infokuryr.cz\/n\/wp-json\/wp\/v2\/tags?post=24169"}],"curies":[{"name":"wp","href":"https:\/\/api.w.org\/{rel}","templated":true}]}}