{"id":24165,"date":"2023-03-10T00:59:44","date_gmt":"2023-03-09T23:59:44","guid":{"rendered":"http:\/\/www.infokuryr.cz\/n\/?p=24165"},"modified":"2023-03-10T16:01:29","modified_gmt":"2023-03-10T15:01:29","slug":"cinsky-vyslanec-pri-eu-potvrdil-ze-ukrajinsky-konflikt-ma-zadrzet-jeho-zemi","status":"publish","type":"post","link":"https:\/\/www.infokuryr.cz\/n\/2023\/03\/10\/cinsky-vyslanec-pri-eu-potvrdil-ze-ukrajinsky-konflikt-ma-zadrzet-jeho-zemi\/","title":{"rendered":"\u010c\u00ednsk\u00fd vyslanec p\u0159i EU potvrdil, \u017ee ukrajinsk\u00fd konflikt m\u00e1 zadr\u017eet jeho zemi"},"content":{"rendered":"<div id=\"fb-root\"><\/div>\n<div class=\"elementor-element elementor-element-1fb4c2c elementor-widget elementor-widget-theme-post-content\" data-id=\"1fb4c2c\" data-element_type=\"widget\" data-widget_type=\"theme-post-content.default\">\n<div class=\"elementor-widget-container\">\n<p><strong>To d\u00e1v\u00e1 do kontextu mo\u017enost \u010c\u00edny vyzbrojit Rusko, a t\u00edm preventivn\u011b odhalit jak\u00e9koli narativy informa\u010dn\u00ed v\u00e1lky o ozbrojen\u00fdch zbran\u00edch, kter\u00e9 by Z\u00e1pad mohl \u0161\u00ed\u0159it v reakci na tento sc\u00e9n\u00e1\u0159.<\/strong><\/p>\n<p>Jednou z nejd\u016fle\u017eit\u011bj\u0161\u00edch ot\u00e1zek sou\u010dasn\u00e9 mezin\u00e1rodn\u00ed politiky je, zda \u010c\u00edna skute\u010dn\u011b zm\u011bn\u00ed sv\u016fj postoj k z\u00e1stupn\u00e9 v\u00e1lce NATO-Rusko na Ukrajin\u011b, vyvolan\u00e9 varov\u00e1n\u00edm USA a N\u011bmecka, \u017ee \u010c\u00edna v\u00e1\u017en\u011b zva\u017euje vyzbrojen\u00ed Moskvy a riskuje sankce.\u00a0Zat\u00edmco st\u00e1le nen\u00ed jasn\u00e9, zda \u010c\u00edna nakonec poskytne smrt\u00edc\u00ed pomoc sv\u00e9mu strategick\u00e9mu partnerovi, nen\u00ed nyn\u00ed pochyb o tom, \u017ee Lidov\u00e1 republika skute\u010dn\u011b nahl\u00ed\u017e\u00ed na ukrajinsk\u00fd konflikt jako na prost\u0159edek k nep\u0159\u00edm\u00e9mu zadr\u017eov\u00e1n\u00ed Ruska.<\/p>\n<p>\u010c\u00ednsk\u00fd vyslanec pro EU Fu Cong potvrdil toto hodnocen\u00ed v exkluzivn\u00edm rozhovoru pro Global Times zve\u0159ejn\u011bn\u00e9m ve \u010dtvrtek.\u00a0Zde je p\u0159\u00edslu\u0161n\u00fd \u00faryvek: \u201eN\u011bkte\u0159\u00ed lid\u00e9 rozdm\u00fdch\u00e1vaj\u00ed ohe\u0148.\u00a0Podle m\u00e9ho n\u00e1zoru jsou USA nejv\u011bt\u0161\u00ed \u201e\u010dernou rukou\u201c v z\u00e1kulis\u00ed a tak\u00e9 nejv\u011bt\u0161\u00edm p\u0159\u00edjemcem.\u00a0Dokud bude ukrajinsk\u00fd konflikt trvat, bude pom\u00e1hat USA v jejich politice oslabov\u00e1n\u00ed Ruska, ovl\u00e1dnut\u00ed Evropy a zadr\u017eov\u00e1n\u00ed \u010c\u00edny.\u00a0Americk\u00fd obrann\u00fd pr\u016fmysl by vyd\u011blal jm\u011bn\u00ed.&#8220;<\/p>\n<p>Nerozvedl podrobn\u011bji, jak konflikt podporuje americk\u00e9 \u00fasil\u00ed o zadr\u017eov\u00e1n\u00ed \u010c\u00edny, ale post\u0159ehy, kter\u00e9 jsem na toto t\u00e9ma sd\u00edlel p\u0159ed pozd\u011bj\u0161\u00edm potvrzen\u00edm velvyslance Fu, vrhaj\u00ed ur\u010dit\u00e9 sv\u011btlo na vyv\u00edjej\u00edc\u00ed se vojensko-strategick\u00e9 probl\u00e9my V\u00fdpo\u010dty jeho zem\u011b t\u00fdkaj\u00edc\u00ed se z\u00e1stupn\u00e9 v\u00e1lky mezi NATO a Rusko:<\/p>\n<p>* 15. b\u0159ezna 2022: &#8222;Pro\u010d USA up\u0159ednostnily zadr\u017eov\u00e1n\u00ed Ruska p\u0159ed \u010c\u00ednou?&#8220;<\/p>\n<p>* 26. \u00fanora 2023: \u201eZd\u00e1 se, \u017ee \u010c\u00edna znovu kalibruje sv\u016fj p\u0159\u00edstup k z\u00e1stupn\u00e9 v\u00e1lce NATO-Rusko\u201c<\/p>\n<p>* 28. \u00fanora 2023: &#8222;Jak drasticky by se sv\u011bt zm\u011bnil, kdyby \u010c\u00edna vyzbrojila Rusko?&#8220;<\/p>\n<p>* 1. b\u0159ezna 2023: \u201eN\u011bmecko l\u017ee: \u010c\u00ednsk\u00fd prodej zbran\u00ed Rusku neporu\u0161uje mezin\u00e1rodn\u00ed pr\u00e1vo\u201c<\/p>\n<p>* 2. b\u0159ezna 2023: \u201eSm\u011brem k tri-multipolarit\u011b: Zlat\u00e1 miliarda, \u010d\u00ednsko-rusk\u00e1 dohoda a glob\u00e1ln\u00ed jih\u201c<\/p>\n<p>USA pova\u017eovaly Rusko za slab\u0161\u00ed ne\u017e \u010c\u00ednu, a tak se nejprve pokusily zadr\u017eet Rusko, aby bylo snaz\u0161\u00ed zadr\u017eet \u010c\u00ednu.\u00a0USA cht\u011bly neutralizovat rusk\u00e9 jadern\u00e9 kapacity druh\u00e9ho \u00faderu pomoc\u00ed \u201esyst\u00e9m\u016f protiraketov\u00e9 obrany\u201c na Ukrajin\u011b, v\u00e9st tam z\u00e1stupnou v\u00e1lku proti Rusku a n\u00e1sledn\u011b Rusko \u201ebalkanizovat\u201c.<\/p>\n<p>Nezd\u00e1lo se, \u017ee by \u010c\u00edna takto interpretovala ud\u00e1losti okam\u017eit\u011b, jinak by riskovala sank\u010dn\u00ed hn\u011bv Z\u00e1padu, aby okam\u017eit\u011b z\u00edskala rozhoduj\u00edc\u00ed rusk\u00e9 v\u00edt\u011bzstv\u00ed, m\u00edsto aby \u010dekala v\u00edce ne\u017e rok, aby o tom v\u00e1\u017en\u011b uva\u017eovala.\u00a0D\u016fvody v\u00fdvoje jejich akc\u00ed v tomto konfliktu jsou vysv\u011btleny ve v\u00fd\u0161e uveden\u00e9 anal\u00fdze, ale souvis\u00ed p\u0159edev\u0161\u00edm s neo\u010dek\u00e1van\u00fdm koncem \u201eNew Detente\u201c na za\u010d\u00e1tku \u00fanora po incidentu s bal\u00f3nem.<\/p>\n<p>Popis \u0161ir\u0161\u00ed vojensko-strategick\u00e9 dynamiky je nad r\u00e1mec t\u00e9to anal\u00fdzy, jej\u00edm\u017e \u00fa\u010delem je pouze demonstrovat, \u017ee \u010c\u00edna skute\u010dn\u011b p\u0159ekalibrovala sv\u016fj p\u0159\u00edstup k z\u00e1stupn\u00e9 v\u00e1lce NATO-Rusko na Ukrajin\u011b, jak zhodnotil velvyslanec Fu a ukazuje, \u017ee slou\u017e\u00ed ovl\u00e1dnout svou zemi.\u00a0To d\u00e1v\u00e1 mo\u017enost \u010c\u00edny vyzbrojit Rusko do spr\u00e1vn\u00e9ho kontextu, a tak preventivn\u011b ru\u0161\u00ed jakoukoli informa\u010dn\u00ed v\u00e1lku zalo\u017eenou na zbran\u00edch, kterou Z\u00e1pad m\u016f\u017ee \u0161\u00ed\u0159it v reakci na tento sc\u00e9n\u00e1\u0159.<\/p>\n<\/div>\n<\/div>\n<div class=\"elementor-element elementor-element-8c57238 quelle dc-has-condition dc-condition-empty elementor-widget elementor-widget-heading\" data-id=\"8c57238\" data-element_type=\"widget\" data-widget_type=\"heading.default\">\n<div class=\"elementor-widget-container\">\n<h3 class=\"elementor-heading-title elementor-size-default\"><span style=\"font-size: 8pt;\"><a href=\"https:\/\/korybko.substack.com\/p\/chinas-envoy-to-the-eu-confirmed?utm_source=post-email-title&amp;publication_id=835783&amp;post_id=105983897&amp;isFreemail=true&amp;utm_medium=email\" target=\"_blank\" rel=\"nofollow noopener\">ZDROJ<\/a><\/span><\/h3>\n<\/div>\n<\/div>\n<p>&nbsp;<\/p>\n<p><img decoding=\"async\" loading=\"lazy\" class=\"wp-image-19187 aligncenter\" src=\"http:\/\/www.infokuryr.cz\/n\/wp-content\/uploads\/2022\/12\/1-PRO-300x36.jpg\" alt=\"\" width=\"1117\" height=\"134\" srcset=\"https:\/\/www.infokuryr.cz\/n\/wp-content\/uploads\/2022\/12\/1-PRO-300x36.jpg 300w, https:\/\/www.infokuryr.cz\/n\/wp-content\/uploads\/2022\/12\/1-PRO.jpg 699w\" sizes=\"(max-width: 1117px) 100vw, 1117px\" \/><\/p>\n<p>&nbsp;<\/p>\n<p>&nbsp;<\/p>\n<p><img decoding=\"async\" class=\"aligncenter\" src=\"https:\/\/www.skrytapravda.cz\/images\/blogy\/805\/2023\/svoboda\/Sn%C3%ADmek_obrazovky_6693_0eff8.webp\" alt=\"Sn\u00edmek obrazovky 6693 0eff8\" \/><\/p>\n<p>&nbsp;<\/p>\n","protected":false},"excerpt":{"rendered":"<p>To d\u00e1v\u00e1 do kontextu mo\u017enost \u010c\u00edny vyzbrojit Rusko, a t\u00edm preventivn\u011b odhalit jak\u00e9koli narativy informa\u010dn\u00ed&#8230;<\/p>\n","protected":false},"author":2,"featured_media":3195,"comment_status":"closed","ping_status":"closed","sticky":false,"template":"","format":"standard","meta":[],"categories":[7],"tags":[30,41,39,22],"_links":{"self":[{"href":"https:\/\/www.infokuryr.cz\/n\/wp-json\/wp\/v2\/posts\/24165"}],"collection":[{"href":"https:\/\/www.infokuryr.cz\/n\/wp-json\/wp\/v2\/posts"}],"about":[{"href":"https:\/\/www.infokuryr.cz\/n\/wp-json\/wp\/v2\/types\/post"}],"author":[{"embeddable":true,"href":"https:\/\/www.infokuryr.cz\/n\/wp-json\/wp\/v2\/users\/2"}],"replies":[{"embeddable":true,"href":"https:\/\/www.infokuryr.cz\/n\/wp-json\/wp\/v2\/comments?post=24165"}],"version-history":[{"count":0,"href":"https:\/\/www.infokuryr.cz\/n\/wp-json\/wp\/v2\/posts\/24165\/revisions"}],"wp:featuredmedia":[{"embeddable":true,"href":"https:\/\/www.infokuryr.cz\/n\/wp-json\/wp\/v2\/media\/3195"}],"wp:attachment":[{"href":"https:\/\/www.infokuryr.cz\/n\/wp-json\/wp\/v2\/media?parent=24165"}],"wp:term":[{"taxonomy":"category","embeddable":true,"href":"https:\/\/www.infokuryr.cz\/n\/wp-json\/wp\/v2\/categories?post=24165"},{"taxonomy":"post_tag","embeddable":true,"href":"https:\/\/www.infokuryr.cz\/n\/wp-json\/wp\/v2\/tags?post=24165"}],"curies":[{"name":"wp","href":"https:\/\/api.w.org\/{rel}","templated":true}]}}