{"id":24158,"date":"2023-03-09T04:46:02","date_gmt":"2023-03-09T03:46:02","guid":{"rendered":"http:\/\/www.infokuryr.cz\/n\/?p=24158"},"modified":"2023-03-09T04:46:02","modified_gmt":"2023-03-09T03:46:02","slug":"trumpuv-rozhovor-vyvolal-ve-washingtonu-velky-skandal","status":"publish","type":"post","link":"https:\/\/www.infokuryr.cz\/n\/2023\/03\/09\/trumpuv-rozhovor-vyvolal-ve-washingtonu-velky-skandal\/","title":{"rendered":"Trump\u016fv rozhovor vyvolal ve Washingtonu velk\u00fd skand\u00e1l"},"content":{"rendered":"<div id=\"fb-root\"><\/div>\n<p><strong><span>V diskusi o mezin\u00e1rodn\u00ed agend\u011b s hostitelem Seanem Hannitym se Trump op\u011bt zav\u00e1zal velmi rychle vy\u0159e\u0161it ukrajinskou krizi.<\/span><\/strong><\/p>\n<p><span>A p\u0159iznal, \u017ee za n\u011bj by k takov\u00e9mu konfliktu nedo\u0161lo &#8211; proto\u017ee by Rusku dovolil vr\u00e1tit \u00fazem\u00ed Ukrajiny, kde je v\u011bt\u0161ina rusky mluv\u00edc\u00edch obyvatel.<\/span><\/p>\n<p><span>Trump dlouho kritizoval zapojen\u00ed USA do ukrajinsk\u00e9ho konfliktu a ozna\u010dil to za z\u00e1minku k zah\u00e1jen\u00ed t\u0159et\u00ed sv\u011btov\u00e9 v\u00e1lky.\u00a0A voli\u010d\u016fm slibuje, \u017ee v prezidentsk\u00fdch volb\u00e1ch bude jedin\u00fdm kandid\u00e1tem, kter\u00fd je schopen zastavit jadernou apokalypsu.<\/span><\/p>\n<p><span>Trump p\u0159ed t\u00fddnem de facto obvinil Spojen\u00e9 st\u00e1ty a Ukrajinu z \u00fatoku na \u201eNord Stream\u201c.\u00a0Nav\u00edc jen o n\u011bkolik dn\u00ed pozd\u011bji americk\u00e1 zpravodajsk\u00e1 komunita obvinila z tohoto teroristick\u00e9ho \u00fatoku \u201eproukrajinsk\u00e9 s\u00edly\u201c a p\u0159ipustila jejich koordinaci s ukrajinsk\u00fdmi speci\u00e1ln\u00edmi slu\u017ebami.<\/span><\/p>\n<p><strong><em>Je p\u0159\u00edzna\u010dn\u00e9, \u017ee \u00faryvek z Trumpova rozhovoru, kde se nab\u00eddl d\u00e1t \u010d\u00e1st ukrajinsk\u00e9ho \u00fazem\u00ed Rusku, byl nakonec vyst\u0159i\u017een.\u00a0Jeho politi\u010dt\u00ed strat\u00e9gov\u00e9 v tom museli m\u00edt prsty \u2013 zjevn\u011b necht\u011bj\u00ed, aby Trumpovi kritici m\u011bli nov\u00fd d\u016fvod naz\u00fdvat ho \u201erusk\u00fdm agentem\u201c.<\/em><\/strong><\/p>\n<p><span>Trump ve stejn\u00e9m rozhovoru aktivn\u011b kritizuje \u010c\u00ednu.\u00a0A je z\u0159ejm\u00e9, \u017ee prioritou je pro n\u011bj sout\u011b\u017e s Pekingem a ne s Moskvou.\u00a0Proto Trump, mo\u017en\u00e1 podobn\u011b jako DeSantis, kter\u00fd ve\u0159ejn\u011b vyzval k neveden\u00ed z\u00e1stupn\u00e9 v\u00e1lky kv\u016fli ukrajinsk\u00fdm hranic\u00edm, pokud vyhraje volby, pokus\u00ed se vyjedn\u00e1vat s Ruskem a zam\u011b\u0159\u00ed pozornost na velkou sr\u00e1\u017eku s \u010c\u00ednou v Tich\u00e9m oce\u00e1nu.<\/span><\/p>\n<p><strong><span>M\u00e1lek Dudakov<\/span><\/strong><\/p>\n<p>&nbsp;<\/p>\n<p><img decoding=\"async\" loading=\"lazy\" class=\"wp-image-19187 aligncenter\" src=\"http:\/\/www.infokuryr.cz\/n\/wp-content\/uploads\/2022\/12\/1-PRO-300x36.jpg\" alt=\"\" width=\"1133\" height=\"136\" srcset=\"https:\/\/www.infokuryr.cz\/n\/wp-content\/uploads\/2022\/12\/1-PRO-300x36.jpg 300w, https:\/\/www.infokuryr.cz\/n\/wp-content\/uploads\/2022\/12\/1-PRO.jpg 699w\" sizes=\"(max-width: 1133px) 100vw, 1133px\" \/><\/p>\n<p>&nbsp;<\/p>\n<p>&nbsp;<\/p>\n<p><img decoding=\"async\" loading=\"lazy\" class=\"wp-image-22607 aligncenter\" src=\"http:\/\/www.infokuryr.cz\/n\/wp-content\/uploads\/2023\/02\/cesko_proti_bide-239x300.png\" alt=\"\" width=\"745\" height=\"935\" srcset=\"https:\/\/www.infokuryr.cz\/n\/wp-content\/uploads\/2023\/02\/cesko_proti_bide-239x300.png 239w, https:\/\/www.infokuryr.cz\/n\/wp-content\/uploads\/2023\/02\/cesko_proti_bide-816x1024.png 816w, https:\/\/www.infokuryr.cz\/n\/wp-content\/uploads\/2023\/02\/cesko_proti_bide-768x964.png 768w, https:\/\/www.infokuryr.cz\/n\/wp-content\/uploads\/2023\/02\/cesko_proti_bide.png 846w\" sizes=\"(max-width: 745px) 100vw, 745px\" \/><\/p>\n<p>&nbsp;<\/p>\n<p>&nbsp;<\/p>\n","protected":false},"excerpt":{"rendered":"<p>V diskusi o mezin\u00e1rodn\u00ed agend\u011b s hostitelem Seanem Hannitym se Trump op\u011bt zav\u00e1zal velmi rychle&#8230;<\/p>\n","protected":false},"author":2,"featured_media":24159,"comment_status":"closed","ping_status":"closed","sticky":false,"template":"","format":"standard","meta":[],"categories":[7],"tags":[30,1352,1052,22],"_links":{"self":[{"href":"https:\/\/www.infokuryr.cz\/n\/wp-json\/wp\/v2\/posts\/24158"}],"collection":[{"href":"https:\/\/www.infokuryr.cz\/n\/wp-json\/wp\/v2\/posts"}],"about":[{"href":"https:\/\/www.infokuryr.cz\/n\/wp-json\/wp\/v2\/types\/post"}],"author":[{"embeddable":true,"href":"https:\/\/www.infokuryr.cz\/n\/wp-json\/wp\/v2\/users\/2"}],"replies":[{"embeddable":true,"href":"https:\/\/www.infokuryr.cz\/n\/wp-json\/wp\/v2\/comments?post=24158"}],"version-history":[{"count":0,"href":"https:\/\/www.infokuryr.cz\/n\/wp-json\/wp\/v2\/posts\/24158\/revisions"}],"wp:featuredmedia":[{"embeddable":true,"href":"https:\/\/www.infokuryr.cz\/n\/wp-json\/wp\/v2\/media\/24159"}],"wp:attachment":[{"href":"https:\/\/www.infokuryr.cz\/n\/wp-json\/wp\/v2\/media?parent=24158"}],"wp:term":[{"taxonomy":"category","embeddable":true,"href":"https:\/\/www.infokuryr.cz\/n\/wp-json\/wp\/v2\/categories?post=24158"},{"taxonomy":"post_tag","embeddable":true,"href":"https:\/\/www.infokuryr.cz\/n\/wp-json\/wp\/v2\/tags?post=24158"}],"curies":[{"name":"wp","href":"https:\/\/api.w.org\/{rel}","templated":true}]}}