{"id":24123,"date":"2023-03-09T00:59:00","date_gmt":"2023-03-08T23:59:00","guid":{"rendered":"http:\/\/www.infokuryr.cz\/n\/?p=24123"},"modified":"2023-03-08T17:47:48","modified_gmt":"2023-03-08T16:47:48","slug":"rada-bezpecnosti-osn-usporadala-otevrenou-debatu-na-vysoke-urovni","status":"publish","type":"post","link":"https:\/\/www.infokuryr.cz\/n\/2023\/03\/09\/rada-bezpecnosti-osn-usporadala-otevrenou-debatu-na-vysoke-urovni\/","title":{"rendered":"Rada bezpe\u010dnosti OSN uspo\u0159\u00e1dala otev\u0159enou debatu na vysok\u00e9 \u00farovni"},"content":{"rendered":"<div id=\"fb-root\"><\/div>\n<p><span data-spm-anchor-id=\"C01140752918.PaZNIkA0prFD.0.i2\">7. b\u0159ezna m\u00edstn\u00edho \u010dasu p\u0159edstavila z\u00e1stupkyn\u011b \u0159editele Pracovn\u00edho v\u00fdboru pro \u017eeny a d\u011bti St\u00e1tn\u00ed rady \u010c\u00edny Lin Yi (Lin I) na otev\u0159en\u00e9 debat\u011b na vysok\u00e9 \u00farovni v Rad\u011b bezpe\u010dnosti OSN \u00fasp\u011bchy a p\u0159\u00edsp\u011bvky \u010c\u00edny v pr\u00e1ci v oblasti rovnosti \u017een a mu\u017e\u016f a vyzvala mezin\u00e1rodn\u00ed spole\u010denstv\u00ed ke zv\u00fd\u0161en\u00ed investic a urychlen\u00ed realizace z\u00e1vazk\u016f v r\u00e1mci programu \u017een a m\u00edru a bezpe\u010dnosti.<\/span><\/p>\n<p>\u010c\u00ednsk\u00e1 strana uvedla, \u017ee p\u0159ed 23 lety Rada bezpe\u010dnosti spole\u010dn\u011b schv\u00e1lila rezoluci \u010d. 1325, kter\u00e1 nov\u011b definuje vztah mezi \u017eenami a m\u00edrem a bezpe\u010dnost\u00ed. \u010c\u00edna vyz\u00fdv\u00e1 mezin\u00e1rodn\u00ed spole\u010denstv\u00ed, aby zv\u00fd\u0161ilo investice, urychlilo pln\u011bn\u00ed z\u00e1vazk\u016f v\u00a0r\u00e1mci agendy \u017een a m\u00edru a bezpe\u010dnosti, dos\u00e1hlo synergie s prov\u00e1d\u011bn\u00edm Agendy pro udr\u017eiteln\u00fd rozvoj 2030 a vlo\u017eilo nov\u00fd impuls do v\u011bci glob\u00e1ln\u00ed rovnosti \u017een a mu\u017e\u016f a rozvoje \u017een.<\/p>\n<p data-spm-anchor-id=\"C01140752918.PaZNIkA0prFD.0.i1\">\u010c\u00ednsk\u00e1 strana uvedla, \u017ee \u010c\u00edna je zast\u00e1ncem genderov\u00e9 rovnosti a aktivistou za pos\u00edlen\u00ed postaven\u00ed \u017een. Ve skv\u011bl\u00e9m procesu prosazov\u00e1n\u00ed modernizace v \u010d\u00ednsk\u00e9m stylu pro\u0161lo postaven\u00ed \u010d\u00ednsk\u00fdch \u017een velk\u00fdmi zm\u011bnami a jejich pocit zisku, \u0161t\u011bst\u00ed a bezpe\u010d\u00ed se neust\u00e1le zlep\u0161oval.<\/p>\n<p data-spm-anchor-id=\"C01140752918.PaZNIkA0prFD.0.i1\"><img decoding=\"async\" loading=\"lazy\" class=\"alignnone size-full wp-image-1185\" src=\"http:\/\/www.infokuryr.cz\/n\/wp-content\/uploads\/2021\/04\/kuryr-podpis.png\" alt=\"\" width=\"84\" height=\"24\" \/><\/p>\n<p data-spm-anchor-id=\"C01140752918.PaZNIkA0prFD.0.i1\"><img decoding=\"async\" loading=\"lazy\" class=\"alignnone wp-image-19187\" src=\"http:\/\/www.infokuryr.cz\/n\/wp-content\/uploads\/2022\/12\/1-PRO-300x36.jpg\" alt=\"\" width=\"1158\" height=\"139\" srcset=\"https:\/\/www.infokuryr.cz\/n\/wp-content\/uploads\/2022\/12\/1-PRO-300x36.jpg 300w, https:\/\/www.infokuryr.cz\/n\/wp-content\/uploads\/2022\/12\/1-PRO.jpg 699w\" sizes=\"(max-width: 1158px) 100vw, 1158px\" \/><\/p>\n<p data-spm-anchor-id=\"C01140752918.PaZNIkA0prFD.0.i1\">\n<p data-spm-anchor-id=\"C01140752918.PaZNIkA0prFD.0.i1\">\n<p data-spm-anchor-id=\"C01140752918.PaZNIkA0prFD.0.i1\"><img decoding=\"async\" loading=\"lazy\" class=\"wp-image-22607 aligncenter\" src=\"http:\/\/www.infokuryr.cz\/n\/wp-content\/uploads\/2023\/02\/cesko_proti_bide-239x300.png\" alt=\"\" width=\"719\" height=\"903\" srcset=\"https:\/\/www.infokuryr.cz\/n\/wp-content\/uploads\/2023\/02\/cesko_proti_bide-239x300.png 239w, https:\/\/www.infokuryr.cz\/n\/wp-content\/uploads\/2023\/02\/cesko_proti_bide-816x1024.png 816w, https:\/\/www.infokuryr.cz\/n\/wp-content\/uploads\/2023\/02\/cesko_proti_bide-768x964.png 768w, https:\/\/www.infokuryr.cz\/n\/wp-content\/uploads\/2023\/02\/cesko_proti_bide.png 846w\" sizes=\"(max-width: 719px) 100vw, 719px\" \/><\/p>\n<p data-spm-anchor-id=\"C01140752918.PaZNIkA0prFD.0.i1\">\n","protected":false},"excerpt":{"rendered":"<p>7. b\u0159ezna m\u00edstn\u00edho \u010dasu p\u0159edstavila z\u00e1stupkyn\u011b \u0159editele Pracovn\u00edho v\u00fdboru pro \u017eeny a d\u011bti St\u00e1tn\u00ed rady&#8230;<\/p>\n","protected":false},"author":2,"featured_media":19146,"comment_status":"closed","ping_status":"closed","sticky":false,"template":"","format":"standard","meta":[],"categories":[7],"tags":[30,186,1408],"_links":{"self":[{"href":"https:\/\/www.infokuryr.cz\/n\/wp-json\/wp\/v2\/posts\/24123"}],"collection":[{"href":"https:\/\/www.infokuryr.cz\/n\/wp-json\/wp\/v2\/posts"}],"about":[{"href":"https:\/\/www.infokuryr.cz\/n\/wp-json\/wp\/v2\/types\/post"}],"author":[{"embeddable":true,"href":"https:\/\/www.infokuryr.cz\/n\/wp-json\/wp\/v2\/users\/2"}],"replies":[{"embeddable":true,"href":"https:\/\/www.infokuryr.cz\/n\/wp-json\/wp\/v2\/comments?post=24123"}],"version-history":[{"count":0,"href":"https:\/\/www.infokuryr.cz\/n\/wp-json\/wp\/v2\/posts\/24123\/revisions"}],"wp:featuredmedia":[{"embeddable":true,"href":"https:\/\/www.infokuryr.cz\/n\/wp-json\/wp\/v2\/media\/19146"}],"wp:attachment":[{"href":"https:\/\/www.infokuryr.cz\/n\/wp-json\/wp\/v2\/media?parent=24123"}],"wp:term":[{"taxonomy":"category","embeddable":true,"href":"https:\/\/www.infokuryr.cz\/n\/wp-json\/wp\/v2\/categories?post=24123"},{"taxonomy":"post_tag","embeddable":true,"href":"https:\/\/www.infokuryr.cz\/n\/wp-json\/wp\/v2\/tags?post=24123"}],"curies":[{"name":"wp","href":"https:\/\/api.w.org\/{rel}","templated":true}]}}