{"id":24108,"date":"2023-03-09T01:00:12","date_gmt":"2023-03-09T00:00:12","guid":{"rendered":"http:\/\/www.infokuryr.cz\/n\/?p=24108"},"modified":"2023-03-08T17:48:33","modified_gmt":"2023-03-08T16:48:33","slug":"hloupy-a-hloupejsi-scholz-a-macron-maji-plan-jak-privest-na-ukrajinu-mir","status":"publish","type":"post","link":"https:\/\/www.infokuryr.cz\/n\/2023\/03\/09\/hloupy-a-hloupejsi-scholz-a-macron-maji-plan-jak-privest-na-ukrajinu-mir\/","title":{"rendered":"Hloup\u00fd a hloup\u011bj\u0161\u00ed. Scholz a Macron maj\u00ed pl\u00e1n, jak p\u0159iv\u00e9st na Ukrajinu m\u00edr"},"content":{"rendered":"<div id=\"fb-root\"><\/div>\n<div class=\"elementor-element elementor-element-1fb4c2c elementor-widget elementor-widget-theme-post-content\" data-id=\"1fb4c2c\" data-element_type=\"widget\" data-widget_type=\"theme-post-content.default\">\n<div class=\"elementor-widget-container\">\n<p><span style=\"font-size: 14pt;\"><strong><em>Scholz a Macron maj\u00ed pl\u00e1n, jak p\u0159iv\u00e9st na Ukrajinu m\u00edr, ale Putin se nem\u016f\u017ee p\u0159estat sm\u00e1t, proto\u017ee je tak hloup\u00fd, p\u00ed\u0161e Martin Jay.<\/em><\/strong><\/span><\/p>\n<p>Scholz a Macron maj\u00ed pl\u00e1n, jak nastolit m\u00edr na Ukrajin\u011b, ale Putin se nem\u016f\u017ee p\u0159estat sm\u00e1t, proto\u017ee je tak hloup\u00fd.\u00a0A pro\u010d by se Rusko m\u011blo vzd\u00e1t nyn\u00ed, kdy\u017e je Evropa stejn\u011b na \u00fastupu?<\/p>\n<p>Hollywood m\u00e1 nov\u00e9 duo, kter\u00e9 nato\u010d\u00ed pokra\u010dov\u00e1n\u00ed komedie N\u011bm\u00fd a blb\u00fd s Jimem Careym a Jeffem Danielsem v hlavn\u00edch rol\u00edch.\u00a0Emmanuel Macron a Olaf Scholz by tyto role mohli snadno hr\u00e1t, vzhledem k tomu, jak hloup\u011b se ned\u00e1vno pokusili ovl\u00e1dnout prezidenta Zelensk\u00e9ho, kter\u00fd vytvo\u0159il sv\u016fj vlastn\u00ed rekord v tom, \u017ee si podivn\u00fdm zp\u016fsobem \u0161\u0148upal nebo sahal na jeho (koksov\u00fd) nos.<\/p>\n<p>Zelenskyj je a v\u017edy byl skute\u010dnou p\u0159ek\u00e1\u017ekou pro zah\u00e1jen\u00ed m\u00edrov\u00fdch rozhovor\u016f.\u00a0A v posledn\u00ed dob\u011b se toho moc nezm\u011bnilo, krom\u011b toho, \u017ee Biden ve Washingtonu zpanika\u0159il kv\u016fli tomu, co je jasn\u00e9, \u017ee obsc\u00e9nn\u00ed sumy pen\u011bz, kter\u00e9 dosud na Ukrajinu proudily, budou v roce 2023 klesat, z velk\u00e9 \u010d\u00e1sti kv\u016fli tomu, \u017ee republik\u00e1ni nyn\u00ed ovl\u00e1daj\u00ed Sn\u011bmovnu reprezentant\u016f a volby kampa\u0148 za\u010dala.\u00a0Biden a jeho kump\u00e1ni varovali Zelensk\u00e9ho, \u017ee \u010das se kr\u00e1t\u00ed a tato nejnov\u011bj\u0161\u00ed tran\u0161e finan\u010dn\u00edch prost\u0159edk\u016f mus\u00ed p\u0159in\u00e9st skute\u010dn\u00e9 v\u00fdsledky.\u00a0Jsou p\u0159esv\u011bd\u010deni, \u017ee pokud na boji\u0161ti dos\u00e1hne dal\u0161\u00edch \u00fasp\u011bch\u016f, pom\u016f\u017ee mu to v pozd\u011bj\u0161\u00edch jedn\u00e1n\u00edch.\u00a0Sc\u00e9n\u00e1\u0159 no\u010dn\u00ed m\u016fry pro Bidena je,<\/p>\n<p>Sp\u00ed\u0161 je to ale no\u010dn\u00ed m\u016fra pro Macrona a Scholze, jejich\u017e provin\u011bn\u00ed v\u016f\u010di Zelensk\u00e9mu je sm\u011b\u0161n\u00e9.\u00a0Ned\u00e1vno tito dva imbecili mluvili se Zelensk\u00fdm a nal\u00e9hali na n\u011bj, aby zah\u00e1jil m\u00edrov\u00e1 jedn\u00e1n\u00ed s Putinem.\u00a0Jeho odpov\u011b\u010f podle soci\u00e1ln\u00edch s\u00edt\u00ed: \u201eV Moskv\u011b nen\u00ed o \u010dem vyjedn\u00e1vat a s k\u00fdm vyjedn\u00e1vat&#8230;\u201c.\u00a0Rozhn\u011bvan\u00fd t\u00edmto neuk\u00e1zn\u011bn\u00fdm postojem byl rozmazlen\u00e9mu spratku nab\u00eddnut podn\u011bt, kter\u00fd analytik\u016fm a pozorovatel\u016fm poskytuje vod\u00edtko, jak se Z\u00e1pad v\u016fbec dok\u00e1zal dostat do tohoto pytle rozhn\u011bvan\u00fdch \u0161t\u00edr\u016f, kde jsou z\u00e1padn\u00ed sankce pro ob\u010dany EU ve skute\u010dnosti trestuhodn\u011bj\u0161\u00ed ne\u017e Rusov\u00e9.<\/p>\n<p><img decoding=\"async\" loading=\"lazy\" class=\"wp-image-22607 alignleft\" src=\"http:\/\/www.infokuryr.cz\/n\/wp-content\/uploads\/2023\/02\/cesko_proti_bide-239x300.png\" alt=\"\" width=\"521\" height=\"654\" srcset=\"https:\/\/www.infokuryr.cz\/n\/wp-content\/uploads\/2023\/02\/cesko_proti_bide-239x300.png 239w, https:\/\/www.infokuryr.cz\/n\/wp-content\/uploads\/2023\/02\/cesko_proti_bide-816x1024.png 816w, https:\/\/www.infokuryr.cz\/n\/wp-content\/uploads\/2023\/02\/cesko_proti_bide-768x964.png 768w, https:\/\/www.infokuryr.cz\/n\/wp-content\/uploads\/2023\/02\/cesko_proti_bide.png 846w\" sizes=\"(max-width: 521px) 100vw, 521px\" \/><\/p>\n<p>Scholz a Macron nab\u00eddli Zelensk\u00e9mu poskytnout je\u0161t\u011b v\u00edce zbran\u00ed a nab\u00eddnout mu n\u011bjak\u00fd druh \u010dlenstv\u00ed v NATO, pokud zah\u00e1j\u00ed m\u00edrov\u00e1 jedn\u00e1n\u00ed s Putinem.\u00a0Ano, \u010detli jste spr\u00e1vn\u011b.\u00a0Vzhledem k naprost\u00e9 hlouposti, kter\u00e1 je z\u00e1kladem t\u00e9to nab\u00eddky, si \u010dlov\u011bk klade ot\u00e1zku, zda se kratochv\u00edle ukrajinsk\u00e9ho v\u016fdce s pr\u00e1\u0161kov\u00fdm kolumbijsk\u00fdm Panadolem Extra p\u0159elila i na tyto bub\u00e1ky.\u00a0Jak\u00e9 drogy u\u017e\u00edvaj\u00ed Scholz a Macron, pokud si mysl\u00ed, \u017ee tyto pob\u00eddky pomohou vyjednat m\u00edr s Putinem?\u00a0Je to jako j\u00edt za sousedem, st\u011b\u017eovat si na hluk, kter\u00fd d\u011bl\u00e1, kdy\u017e bije svou \u017eenu, a pak mu nab\u00eddnout svou baseballovou p\u00e1lku jako pob\u00eddku, aby p\u0159estal.<\/p>\n<p>A vzhledem k sou\u010dasn\u00e9mu Putinovu postoji by byl z\u00e1zrak vyjedn\u00e1vat se Zelensk\u00fdm tak jako tak, a\u0165 u\u017e s t\u011bmito \u201epob\u00eddkami\u201c nebo bez nich.\u00a0Pro Ukrajinu, i kdy\u017e bereme optimismus Z\u00e1padu s humorem, existuje ok\u00e9nko, ve kter\u00e9m se m\u016f\u017ee na konci l\u00e9ta, kdy doraz\u00ed slibovan\u00fdch 100 tank\u016f, trochu prosadit na boji\u0161ti.\u00a0Je to v\u0161ak velmi optimistick\u00fd pohled, vezmeme-li v \u00favahu, \u017ee i os\u00e1dky tank\u016f budou nov\u00e1\u010dky a 2000 km \u201ehranice\u201c mezi rusk\u00fdmi a ukrajinsk\u00fdmi ozbrojen\u00fdmi silami je p\u0159\u00edli\u0161 velk\u00e1 na to, aby tyto tanky m\u011bly n\u011bjak\u00fd re\u00e1ln\u00fd dopad.\u00a0Pravdou o zpackan\u00e9 historii tank\u016f je, \u017ee slou\u017e\u00ed pouze k obran\u011b.\u00a0A to i kdy\u017e doraz\u00ed\u00a0proto\u017ee n\u011bkte\u0159\u00ed analytici jsou velmi skepti\u010dt\u00ed, \u017ee Biden v\u016fbec po\u0161le p\u0159ibli\u017en\u011b 30 M1 Abrams.\u00a0Mnoz\u00ed v\u011b\u0159\u00ed, \u017ee je to jen dal\u0161\u00ed le\u017e americk\u00e9ho prezidenta, kter\u00fd v\u00ed, \u017ee tato nejnov\u011bj\u0161\u00ed vojensk\u00e1 pomoc bude pravd\u011bpodobn\u011b posledn\u00ed, kterou po\u0161le.<\/p>\n<p>Vzhledem k tomu Putinovi gener\u00e1lov\u00e9 nepochybn\u011b vyu\u017eij\u00ed p\u0159\u00edle\u017eitosti zah\u00e1jit jarn\u00ed ofenz\u00edvu s nov\u00fdmi tanky pr\u00e1v\u011b sj\u00ed\u017ed\u011bj\u00edc\u00edmi z mont\u00e1\u017en\u00ed linky.\u00a0Nejd\u016fle\u017eit\u011bj\u0161\u00ed fakt o tanc\u00edch: Z\u00e1pad m\u00e1 nedostatek a dlouhou dodac\u00ed lh\u016ftu.\u00a0Rusko na to nem\u00e1.\u00a0A nyn\u00ed, kdy\u017e \u010c\u00edna a \u00cdr\u00e1n p\u0159id\u00e1vaj\u00ed vojenskou techniku, aby doplnily Putin\u016fv arzen\u00e1l, nen\u00ed divu, \u017ee jak v USA, tak v EU propuk\u00e1 n\u011bjak\u00e1 panika.\u00a0Macron a Scholz \u010dekaj\u00ed na prvn\u00ed kartu, kter\u00e1 padne na kontinent, a to bude t\u00e9m\u011b\u0159 jist\u011b Spojen\u00e9 kr\u00e1lovstv\u00ed, pokud sou\u010dasn\u00fd premi\u00e9r Rishi Sunak bude muset omezit v\u00fddaje na Ukrajinu p\u0159ed dal\u0161\u00edm n\u00e1stupem zimy, kter\u00fd Spojen\u00e9 kr\u00e1lovstv\u00ed uvid\u00ed kolem v listopadu tohoto roku tomu tak bude.<\/p>\n<p>Je smutnou skute\u010dnost\u00ed, \u017ee mezin\u00e1rodn\u00ed zbrojn\u00ed byznys pot\u0159ebuje v\u00e1lky, aby urychlil prodej nov\u00fdch produkt\u016f.\u00a0Rusko bude skl\u00edzet nov\u00e9 objedn\u00e1vky na tyto bezpilotn\u00ed st\u00edha\u010de tank\u016f, kdy\u017e si p\u0159ip\u00ed\u0161ou sv\u00e1 prvn\u00ed v\u00edt\u011bzstv\u00ed na Ukrajin\u011b.\u00a0Bude to dal\u0161\u00ed \u201ek-\u0165ing\u201c okam\u017eik, kdy z\u00e1padn\u00ed sankce lemuj\u00ed kapsy Rus\u016f.\u00a0Je\u0161t\u011b jednou.<\/p>\n<p>A co tanky Leopard II a Challenger?\u00a0Kdo si je po t\u00e9to PR katastrof\u011b koup\u00ed?\u00a0Na Z\u00e1pad\u011b ztr\u00e1c\u00ed v\u00edce pen\u011bz a pracovn\u00edch m\u00edst.\u00a0Dumb and Dumber pot\u0159ebuje t\u0159et\u00ed remake.<\/p>\n<\/div>\n<\/div>\n<div class=\"elementor-element elementor-element-8c57238 quelle dc-has-condition dc-condition-empty elementor-widget elementor-widget-heading\" data-id=\"8c57238\" data-element_type=\"widget\" data-widget_type=\"heading.default\">\n<div class=\"elementor-widget-container\">\n<h3 class=\"elementor-heading-title elementor-size-default\"><span style=\"font-size: 8pt;\"><a href=\"https:\/\/strategic-culture.org\/news\/2023\/03\/04\/dumb-and-dumber-scholz-and-macron-have-plan-bring-peace-ukraine\/\" target=\"_blank\" rel=\"nofollow noopener\">ZDROJ<\/a><\/span><\/h3>\n<\/div>\n<\/div>\n<p>&nbsp;<\/p>\n<p><img decoding=\"async\" loading=\"lazy\" class=\"wp-image-19187 aligncenter\" src=\"http:\/\/www.infokuryr.cz\/n\/wp-content\/uploads\/2022\/12\/1-PRO-300x36.jpg\" alt=\"\" width=\"1117\" height=\"134\" srcset=\"https:\/\/www.infokuryr.cz\/n\/wp-content\/uploads\/2022\/12\/1-PRO-300x36.jpg 300w, https:\/\/www.infokuryr.cz\/n\/wp-content\/uploads\/2022\/12\/1-PRO.jpg 699w\" sizes=\"(max-width: 1117px) 100vw, 1117px\" \/><\/p>\n<p>&nbsp;<\/p>\n<p>&nbsp;<\/p>\n","protected":false},"excerpt":{"rendered":"<p>Scholz a Macron maj\u00ed pl\u00e1n, jak p\u0159iv\u00e9st na Ukrajinu m\u00edr, ale Putin se nem\u016f\u017ee p\u0159estat&#8230;<\/p>\n","protected":false},"author":2,"featured_media":24109,"comment_status":"closed","ping_status":"closed","sticky":false,"template":"","format":"standard","meta":[],"categories":[7],"tags":[565,26,1000],"_links":{"self":[{"href":"https:\/\/www.infokuryr.cz\/n\/wp-json\/wp\/v2\/posts\/24108"}],"collection":[{"href":"https:\/\/www.infokuryr.cz\/n\/wp-json\/wp\/v2\/posts"}],"about":[{"href":"https:\/\/www.infokuryr.cz\/n\/wp-json\/wp\/v2\/types\/post"}],"author":[{"embeddable":true,"href":"https:\/\/www.infokuryr.cz\/n\/wp-json\/wp\/v2\/users\/2"}],"replies":[{"embeddable":true,"href":"https:\/\/www.infokuryr.cz\/n\/wp-json\/wp\/v2\/comments?post=24108"}],"version-history":[{"count":0,"href":"https:\/\/www.infokuryr.cz\/n\/wp-json\/wp\/v2\/posts\/24108\/revisions"}],"wp:featuredmedia":[{"embeddable":true,"href":"https:\/\/www.infokuryr.cz\/n\/wp-json\/wp\/v2\/media\/24109"}],"wp:attachment":[{"href":"https:\/\/www.infokuryr.cz\/n\/wp-json\/wp\/v2\/media?parent=24108"}],"wp:term":[{"taxonomy":"category","embeddable":true,"href":"https:\/\/www.infokuryr.cz\/n\/wp-json\/wp\/v2\/categories?post=24108"},{"taxonomy":"post_tag","embeddable":true,"href":"https:\/\/www.infokuryr.cz\/n\/wp-json\/wp\/v2\/tags?post=24108"}],"curies":[{"name":"wp","href":"https:\/\/api.w.org\/{rel}","templated":true}]}}