{"id":24103,"date":"2023-03-08T06:26:04","date_gmt":"2023-03-08T05:26:04","guid":{"rendered":"http:\/\/www.infokuryr.cz\/n\/?p=24103"},"modified":"2023-03-08T06:26:04","modified_gmt":"2023-03-08T05:26:04","slug":"media-byla-identifikovana-lod-ze-ktere-byl-zahajen-utok-na-plynovody-nord-stream","status":"publish","type":"post","link":"https:\/\/www.infokuryr.cz\/n\/2023\/03\/08\/media-byla-identifikovana-lod-ze-ktere-byl-zahajen-utok-na-plynovody-nord-stream\/","title":{"rendered":"M\u00e9dia: Byla identifikov\u00e1na lo\u010f, ze kter\u00e9 byl zah\u00e1jen \u00fatok na plynovody Nord Stream"},"content":{"rendered":"<div id=\"fb-root\"><\/div>\n<p><strong>V kauze exploz\u00ed na plynovodech Nord Stream z\u00e1padn\u00ed m\u00e9dia nalezla nov\u00e9ho vin\u00edka.<\/strong><\/p>\n<p>Podle vyd\u00e1n\u00ed The New York Times informace, kter\u00e9 prozkoumali ameri\u010dt\u00ed \u00fa\u0159edn\u00edci, nazna\u010duj\u00ed, \u017ee za \u00fatokem na plynovody Nord Stream stoj\u00ed proukrajinsk\u00e1 skupina.<\/p>\n<p>N\u00e1sledn\u011b N\u011bmci po vzoru USA identifikovali plavidlo, kter\u00e9 se mohlo pod\u00edlet na exploz\u00edch plynovod\u016f Nord Streams. Stopy \u201ejist\u011b\u201c vedou na Ukrajinu, napsal Die Zeit.<\/p>\n<p>Tak\u00e9 n\u011bmeck\u00fd list prozradil, \u017ee sabot\u00e1\u017e na Nord Stream provedl t\u00fdm \u0161esti lid\u00ed, kte\u0159\u00ed pou\u017e\u00edvali fale\u0161n\u00e9 pasy. Podot\u00fdk\u00e1 se, \u017ee toto plavidlo si v Polsku pronajala spole\u010dnost vlastn\u011bn\u00e1 Ukrajinci. Na lodi byly nalezeny stopy v\u00fdbu\u0161nin.<\/p>\n<p>Seymour Hersh, autor vy\u0161et\u0159ov\u00e1n\u00ed sabot\u00e1\u017ee na plynovodech, v rozhovoru pro m\u00e9dia uvedl, \u017ee p\u0159\u00ed\u0161t\u00ed t\u00fdden zve\u0159ejn\u00ed nov\u00e9 vy\u0161et\u0159ov\u00e1n\u00ed ohledn\u011b tohoto t\u00e9matu.<\/p>\n<p>Kdy\u017e byl po\u017e\u00e1d\u00e1n o koment\u00e1\u0159 ke zm\u00edn\u011bn\u00e9 publikaci The New York Times o nov\u00fdch zpravodajsk\u00fdch informac\u00edch o exploz\u00edch, Hersh nedok\u00e1zal skr\u00fdt p\u0159ekvapen\u00ed a zasm\u00e1l se.<\/p>\n<p>Mo\u017enost, \u017ee pachatel\u00e9 sabot\u00e1\u017ee m\u011bli spojen\u00ed s kyjevsk\u00fdmi \u00fa\u0159ady, je st\u00e1le otev\u0159en\u00e1.<\/p>\n<p><img decoding=\"async\" loading=\"lazy\" class=\"alignnone size-full wp-image-1185\" src=\"http:\/\/www.infokuryr.cz\/n\/wp-content\/uploads\/2021\/04\/kuryr-podpis.png\" alt=\"\" width=\"84\" height=\"24\" \/><\/p>\n<p>&nbsp;<\/p>\n<p>&nbsp;<\/p>\n<p><img decoding=\"async\" loading=\"lazy\" class=\"wp-image-19187 aligncenter\" src=\"http:\/\/www.infokuryr.cz\/n\/wp-content\/uploads\/2022\/12\/1-PRO-300x36.jpg\" alt=\"\" width=\"1158\" height=\"139\" srcset=\"https:\/\/www.infokuryr.cz\/n\/wp-content\/uploads\/2022\/12\/1-PRO-300x36.jpg 300w, https:\/\/www.infokuryr.cz\/n\/wp-content\/uploads\/2022\/12\/1-PRO.jpg 699w\" sizes=\"(max-width: 1158px) 100vw, 1158px\" \/><\/p>\n<p>&nbsp;<\/p>\n<p>&nbsp;<\/p>\n","protected":false},"excerpt":{"rendered":"<p>V kauze exploz\u00ed na plynovodech Nord Stream z\u00e1padn\u00ed m\u00e9dia nalezla nov\u00e9ho vin\u00edka. Podle vyd\u00e1n\u00ed The&#8230;<\/p>\n","protected":false},"author":2,"featured_media":18125,"comment_status":"closed","ping_status":"closed","sticky":false,"template":"","format":"standard","meta":[],"categories":[7],"tags":[697,158,415,1635],"_links":{"self":[{"href":"https:\/\/www.infokuryr.cz\/n\/wp-json\/wp\/v2\/posts\/24103"}],"collection":[{"href":"https:\/\/www.infokuryr.cz\/n\/wp-json\/wp\/v2\/posts"}],"about":[{"href":"https:\/\/www.infokuryr.cz\/n\/wp-json\/wp\/v2\/types\/post"}],"author":[{"embeddable":true,"href":"https:\/\/www.infokuryr.cz\/n\/wp-json\/wp\/v2\/users\/2"}],"replies":[{"embeddable":true,"href":"https:\/\/www.infokuryr.cz\/n\/wp-json\/wp\/v2\/comments?post=24103"}],"version-history":[{"count":0,"href":"https:\/\/www.infokuryr.cz\/n\/wp-json\/wp\/v2\/posts\/24103\/revisions"}],"wp:featuredmedia":[{"embeddable":true,"href":"https:\/\/www.infokuryr.cz\/n\/wp-json\/wp\/v2\/media\/18125"}],"wp:attachment":[{"href":"https:\/\/www.infokuryr.cz\/n\/wp-json\/wp\/v2\/media?parent=24103"}],"wp:term":[{"taxonomy":"category","embeddable":true,"href":"https:\/\/www.infokuryr.cz\/n\/wp-json\/wp\/v2\/categories?post=24103"},{"taxonomy":"post_tag","embeddable":true,"href":"https:\/\/www.infokuryr.cz\/n\/wp-json\/wp\/v2\/tags?post=24103"}],"curies":[{"name":"wp","href":"https:\/\/api.w.org\/{rel}","templated":true}]}}