{"id":24101,"date":"2023-03-08T06:23:05","date_gmt":"2023-03-08T05:23:05","guid":{"rendered":"http:\/\/www.infokuryr.cz\/n\/?p=24101"},"modified":"2023-03-08T06:23:05","modified_gmt":"2023-03-08T05:23:05","slug":"vojak-osu-promluvil-o-ustupu-z-artomovska-v-malych-skupinach","status":"publish","type":"post","link":"https:\/\/www.infokuryr.cz\/n\/2023\/03\/08\/vojak-osu-promluvil-o-ustupu-z-artomovska-v-malych-skupinach\/","title":{"rendered":"Voj\u00e1k OSU promluvil o \u00fastupu z Ar\u0165omovska \u201ev mal\u00fdch skupin\u00e1ch\u201c"},"content":{"rendered":"<div id=\"fb-root\"><\/div>\n<p><strong>Jednotky ukrajinsk\u00e9 arm\u00e1dy ustupuj\u00ed z Ar\u0165omovska \u201ev mal\u00fdch skupin\u00e1ch\u201c, ozn\u00e1mila agentura France Presse s odvol\u00e1n\u00edm na nejmenovan\u00e9ho ukrajinsk\u00e9ho voj\u00e1ka.<\/strong><\/p>\n<p>\u201eBachmut (ukrajinsk\u00fd n\u00e1zev Ar\u0165omovska) padne\u2026 Jsme u\u017e skoro obkl\u00ed\u010deni. Jednotky pomalu ustupuj\u00ed v mal\u00fdch skupin\u00e1ch,\u201c uv\u00e1d\u00ed agentura slova voj\u00e1ka, kter\u00fd opravoval tank v bl\u00edzkosti m\u011bsta \u010casov Jar le\u017e\u00edc\u00edho ve vzd\u00e1lenosti p\u0159ibli\u017en\u011b deset kilometr\u016f od Ar\u0165omovska.<\/p>\n<p>Ar\u0165omovsk a \u010casov Jar spojuj\u00ed nyn\u00ed jen rozbit\u00e9 cesty, tanky, kter\u00e9 tam uv\u00edzly, se mohou st\u00e1t ter\u010di pro d\u011blost\u0159electvo, cituje voj\u00e1ka France Presse.<\/p>\n<p><img decoding=\"async\" loading=\"lazy\" class=\"alignnone size-full wp-image-1185\" src=\"http:\/\/www.infokuryr.cz\/n\/wp-content\/uploads\/2021\/04\/kuryr-podpis.png\" alt=\"\" width=\"84\" height=\"24\" \/><\/p>\n<p>&nbsp;<\/p>\n<p>&nbsp;<\/p>\n<p><img decoding=\"async\" loading=\"lazy\" class=\"wp-image-19187 aligncenter\" src=\"http:\/\/www.infokuryr.cz\/n\/wp-content\/uploads\/2022\/12\/1-PRO-300x36.jpg\" alt=\"\" width=\"1142\" height=\"137\" srcset=\"https:\/\/www.infokuryr.cz\/n\/wp-content\/uploads\/2022\/12\/1-PRO-300x36.jpg 300w, https:\/\/www.infokuryr.cz\/n\/wp-content\/uploads\/2022\/12\/1-PRO.jpg 699w\" sizes=\"(max-width: 1142px) 100vw, 1142px\" \/><\/p>\n<p>&nbsp;<\/p>\n<p>&nbsp;<\/p>\n","protected":false},"excerpt":{"rendered":"<p>Jednotky ukrajinsk\u00e9 arm\u00e1dy ustupuj\u00ed z Ar\u0165omovska \u201ev mal\u00fdch skupin\u00e1ch\u201c, ozn\u00e1mila agentura France Presse s odvol\u00e1n\u00edm&#8230;<\/p>\n","protected":false},"author":2,"featured_media":24102,"comment_status":"closed","ping_status":"closed","sticky":false,"template":"","format":"standard","meta":[],"categories":[7],"tags":[4512,26,3295],"_links":{"self":[{"href":"https:\/\/www.infokuryr.cz\/n\/wp-json\/wp\/v2\/posts\/24101"}],"collection":[{"href":"https:\/\/www.infokuryr.cz\/n\/wp-json\/wp\/v2\/posts"}],"about":[{"href":"https:\/\/www.infokuryr.cz\/n\/wp-json\/wp\/v2\/types\/post"}],"author":[{"embeddable":true,"href":"https:\/\/www.infokuryr.cz\/n\/wp-json\/wp\/v2\/users\/2"}],"replies":[{"embeddable":true,"href":"https:\/\/www.infokuryr.cz\/n\/wp-json\/wp\/v2\/comments?post=24101"}],"version-history":[{"count":0,"href":"https:\/\/www.infokuryr.cz\/n\/wp-json\/wp\/v2\/posts\/24101\/revisions"}],"wp:featuredmedia":[{"embeddable":true,"href":"https:\/\/www.infokuryr.cz\/n\/wp-json\/wp\/v2\/media\/24102"}],"wp:attachment":[{"href":"https:\/\/www.infokuryr.cz\/n\/wp-json\/wp\/v2\/media?parent=24101"}],"wp:term":[{"taxonomy":"category","embeddable":true,"href":"https:\/\/www.infokuryr.cz\/n\/wp-json\/wp\/v2\/categories?post=24101"},{"taxonomy":"post_tag","embeddable":true,"href":"https:\/\/www.infokuryr.cz\/n\/wp-json\/wp\/v2\/tags?post=24101"}],"curies":[{"name":"wp","href":"https:\/\/api.w.org\/{rel}","templated":true}]}}