{"id":24100,"date":"2023-03-08T06:20:34","date_gmt":"2023-03-08T05:20:34","guid":{"rendered":"http:\/\/www.infokuryr.cz\/n\/?p=24100"},"modified":"2023-03-08T06:20:34","modified_gmt":"2023-03-08T05:20:34","slug":"prvni-systemy-patriot-miri-na-ukrajinu","status":"publish","type":"post","link":"https:\/\/www.infokuryr.cz\/n\/2023\/03\/08\/prvni-systemy-patriot-miri-na-ukrajinu\/","title":{"rendered":"Prvn\u00ed syst\u00e9my Patriot m\u00ed\u0159\u00ed na Ukrajinu"},"content":{"rendered":"<div id=\"fb-root\"><\/div>\n<p><strong>Prvn\u00ed protiletadlov\u00e9 raketov\u00e9 syst\u00e9my Patriot u\u017e dorazily na Ukrajinu. Ozn\u00e1mil to v \u00fater\u00fd 7. b\u0159ezna ministr obrany Polska Mariusz B\u0142aszczak v interview pro \u0161pan\u011blsk\u00e9 noviny Razon.<\/strong><\/p>\n<p>\u201eD\u00edky \u00fasil\u00edm Polska byly na Ukrajinu dopraveny (protiletadlov\u00e9 raketov\u00e9 komplexy) Patriot\u2026 jsme nejen hlavn\u00edm p\u0159ekladi\u0161t\u011bm pomoci, ale i jedn\u00edm z nejv\u011bt\u0161\u00edch d\u00e1rc\u016f\u2026 poskytli jsme Ukraji\u011bn zbran\u011b v \u010d\u00e1stce p\u0159es 2,2 miliardy eur, a tato \u010d\u00e1stka nezahrnuje na\u0161e v\u00fddaje na v\u00fdcvik ukrajinsk\u00fdch voj\u00e1k\u016f,\u201c \u0159ekl.<\/p>\n<p>Z\u00e1rove\u0148 podle slov B\u0142aszczaka rozhodnut\u00ed o p\u0159ed\u00e1n\u00ed bojov\u00fdch letadel je nutno p\u0159ij\u00edmat spolu se \u0161irok\u00fdm okruhem spojenc\u016f.<\/p>\n<p>Na zpr\u00e1vu v novin\u00e1ch pozd\u011bji zareagovalo polsk\u00e9 ministerstvo obrany. Polsk\u00e9 ministerstvo obrany pop\u0159elo informace, \u017ee syst\u00e9my protivzdu\u0161n\u00e9 obrany Patriot jsou ji\u017e na Ukrajin\u011b.<\/p>\n<p>Ministerstvo vysv\u011btlilo, \u017ee noviny Razon \u0161patn\u011b p\u0159elo\u017eily slova polsk\u00e9ho ministra. Ve skute\u010dnosti m\u011bl na mysli, \u017ee d\u00edky snaze Polska bylo rozhodnuto o p\u0159evozu Patriot\u016f na Ukrajinu.<\/p>\n<p><img decoding=\"async\" loading=\"lazy\" class=\"alignnone size-full wp-image-1185\" src=\"http:\/\/www.infokuryr.cz\/n\/wp-content\/uploads\/2021\/04\/kuryr-podpis.png\" alt=\"\" width=\"84\" height=\"24\" \/><\/p>\n<p>&nbsp;<\/p>\n<p><img decoding=\"async\" loading=\"lazy\" class=\"wp-image-19187 aligncenter\" src=\"http:\/\/www.infokuryr.cz\/n\/wp-content\/uploads\/2022\/12\/1-PRO-300x36.jpg\" alt=\"\" width=\"1183\" height=\"142\" srcset=\"https:\/\/www.infokuryr.cz\/n\/wp-content\/uploads\/2022\/12\/1-PRO-300x36.jpg 300w, https:\/\/www.infokuryr.cz\/n\/wp-content\/uploads\/2022\/12\/1-PRO.jpg 699w\" sizes=\"(max-width: 1183px) 100vw, 1183px\" \/><\/p>\n<p>&nbsp;<\/p>\n","protected":false},"excerpt":{"rendered":"<p>Prvn\u00ed protiletadlov\u00e9 raketov\u00e9 syst\u00e9my Patriot u\u017e dorazily na Ukrajinu. Ozn\u00e1mil to v \u00fater\u00fd 7. b\u0159ezna&#8230;<\/p>\n","protected":false},"author":2,"featured_media":18976,"comment_status":"closed","ping_status":"closed","sticky":false,"template":"","format":"standard","meta":[],"categories":[7],"tags":[2215,31,26,73],"_links":{"self":[{"href":"https:\/\/www.infokuryr.cz\/n\/wp-json\/wp\/v2\/posts\/24100"}],"collection":[{"href":"https:\/\/www.infokuryr.cz\/n\/wp-json\/wp\/v2\/posts"}],"about":[{"href":"https:\/\/www.infokuryr.cz\/n\/wp-json\/wp\/v2\/types\/post"}],"author":[{"embeddable":true,"href":"https:\/\/www.infokuryr.cz\/n\/wp-json\/wp\/v2\/users\/2"}],"replies":[{"embeddable":true,"href":"https:\/\/www.infokuryr.cz\/n\/wp-json\/wp\/v2\/comments?post=24100"}],"version-history":[{"count":0,"href":"https:\/\/www.infokuryr.cz\/n\/wp-json\/wp\/v2\/posts\/24100\/revisions"}],"wp:featuredmedia":[{"embeddable":true,"href":"https:\/\/www.infokuryr.cz\/n\/wp-json\/wp\/v2\/media\/18976"}],"wp:attachment":[{"href":"https:\/\/www.infokuryr.cz\/n\/wp-json\/wp\/v2\/media?parent=24100"}],"wp:term":[{"taxonomy":"category","embeddable":true,"href":"https:\/\/www.infokuryr.cz\/n\/wp-json\/wp\/v2\/categories?post=24100"},{"taxonomy":"post_tag","embeddable":true,"href":"https:\/\/www.infokuryr.cz\/n\/wp-json\/wp\/v2\/tags?post=24100"}],"curies":[{"name":"wp","href":"https:\/\/api.w.org\/{rel}","templated":true}]}}