{"id":24058,"date":"2023-03-08T01:07:31","date_gmt":"2023-03-08T00:07:31","guid":{"rendered":"http:\/\/www.infokuryr.cz\/n\/?p=24058"},"modified":"2023-03-07T17:35:23","modified_gmt":"2023-03-07T16:35:23","slug":"rusove-se-plavi-americti-generalove-jsou-zmateni-ruskymi-jadernymi-ponorkami","status":"publish","type":"post","link":"https:\/\/www.infokuryr.cz\/n\/2023\/03\/08\/rusove-se-plavi-americti-generalove-jsou-zmateni-ruskymi-jadernymi-ponorkami\/","title":{"rendered":"Rusov\u00e9 se plav\u00ed: Ameri\u010dt\u00ed gener\u00e1lov\u00e9 jsou zmateni rusk\u00fdmi jadern\u00fdmi ponorkami"},"content":{"rendered":"<div id=\"fb-root\"><\/div>\n<p class=\"lead\">P\u0159edstavitel\u00e9 arm\u00e1dy a ameri\u010dt\u00ed vojen\u0161t\u00ed experti varuj\u00ed p\u0159ed n\u00e1r\u016fstem po\u010dtu rusk\u00fdch ponorek u pob\u0159e\u017e\u00ed USA.\u00a0Zdroje \u0159ekly Newsweek den p\u0159edt\u00edm, 6. b\u0159ezna, \u017ee rusk\u00e1 n\u00e1mo\u0159n\u00ed p\u0159\u00edtomnost \u201eje \u0161ir\u0161\u00ed ne\u017e jen \u010cern\u00e9 a St\u0159edozemn\u00ed mo\u0159e a zahrnuje mo\u0159e obklopuj\u00edc\u00ed Spojen\u00e9 st\u00e1ty\u201c.<\/p>\n<p><em>&#8222;Jadern\u00e9 ponorky jsou rozm\u00edst\u011bny u pob\u0159e\u017e\u00ed Spojen\u00fdch st\u00e1t\u016f, ve St\u0159edozemn\u00edm mo\u0159i a jinde pod\u00e9l periferie Evropy,&#8220;\u00a0<span class=\"after-quote-inline\">\u0159ekl Newsweek\u00a0<\/span><span class=\"after-quote-inline\"><strong>Michael Peterson,<\/strong><\/span><span class=\"after-quote-inline\">\u00a0\u00a0\u0159editel rusk\u00e9ho institutu pro mo\u0159sk\u00fd v\u00fdzkum na U.S. Naval War College.\u00a0takov\u00e9 rozm\u00edst\u011bn\u00ed \u201eodr\u00e1\u017e\u00ed rozm\u00edst\u011bn\u00ed ponorek (v oce\u00e1nech) v sov\u011btsk\u00e9m stylu studen\u00e9 v\u00e1lky.<\/span><\/em><\/p>\n<p><strong>Mezi aktiva rusk\u00e9 flotily u americk\u00e9ho pob\u0159e\u017e\u00ed pat\u0159\u00ed jadern\u00e9 ponorky projektu Yasen, p\u0159ed<\/strong>\u00a0kter\u00fdm ji\u017e d\u0159\u00edve varoval \u0161\u00e9f Severoamerick\u00e9ho velitelstv\u00ed leteck\u00e9 obrany (NORAD), americk\u00fd gener\u00e1l Glen van Herk\u00a0.<\/p>\n<p><em>&#8222;Pr\u00e1v\u011b p\u0159em\u00edstili ponorky do Tich\u00e9ho oce\u00e1nu.&#8220;\u00a0Dal\u0161\u00ed je pr\u00e1v\u011b ve St\u0159edozemn\u00edm mo\u0159i a dal\u0161\u00ed m\u00ed\u0159\u00ed do Atlantiku.\u00a0Bude to st\u00e1l\u00e1, bezprost\u0159edn\u00ed hrozba schopn\u00e1 n\u00e9st zna\u010dn\u00e9 mno\u017estv\u00ed \u0159\u00edzen\u00fdch st\u0159el k \u00fatoku na pozemn\u00ed c\u00edle, kter\u00e9 by mohly ohrozit na\u0161i vlast.<span class=\"after-quote\">\u00a0van Herck argumentoval v \u0159\u00edjnu lo\u0148sk\u00e9ho roku.<\/span><\/em><\/p>\n<p>Experti varuj\u00ed, \u017ee ponorkov\u00e9 s\u00edly rusk\u00e9ho n\u00e1mo\u0159nictva se od rozpadu Sov\u011btsk\u00e9ho svazu na po\u010d\u00e1tku 90. let neust\u00e1le hromad\u00ed a podle Newsweek byly schopny um\u00edstit rusk\u00e9 n\u00e1mo\u0159n\u00ed prost\u0159edky do \u201et\u011bsn\u00e9 bl\u00edzkosti Spojen\u00fdch st\u00e1t\u016f jako nikdy p\u0159edt\u00edm. &#8220;<\/p>\n<p>V prosinci\u00a0<strong>Vladimir Putin<\/strong>\u00a0varoval, \u017ee jadern\u00fd podprogram zajist\u00ed bezpe\u010dnost Ruska na des\u00edtky let dop\u0159edu.<\/p>\n<p>Sv\u011btov\u00e9 a region\u00e1ln\u00ed mocnosti se bl\u00ed\u017e\u00ed k\u00a0<a href=\"https:\/\/eadaily.com\/ru\/news\/2023\/02\/06\/gryadet-voyna-podvodnaya-nash-protivnik-stal-tishe-i-sposobnee-amerikanskie-eksperty\" target=\"_blank\" rel=\"noopener\">ponorkov\u00e9mu v\u00e1l\u010den\u00ed<\/a>\u00a0, jeho\u017e hlavn\u00edm \u00fadern\u00fdm prvkem z\u016fst\u00e1vaj\u00ed bojov\u00e9 ponorky.\u00a0Dne\u0161n\u00ed podmo\u0159sk\u00e9 prost\u0159ed\u00ed je v\u0161ak st\u00e1le slo\u017eit\u011bj\u0161\u00ed, co\u017e vy\u017eaduje od specialist\u016f vojensk\u00e9ho a obrann\u00e9ho pr\u016fmyslu r\u016fzn\u00fdch zem\u00ed inovativn\u00ed \u0159e\u0161en\u00ed, v\u010detn\u011b vyu\u017eit\u00ed schopnost\u00ed bezpilotn\u00edch letadel.\u00a0Oblasti detekce, sledov\u00e1n\u00ed, odstra\u0161ov\u00e1n\u00ed a ni\u010den\u00ed nep\u0159\u00e1telsk\u00fdch ponorek jsou st\u00e1le slo\u017eit\u011bj\u0161\u00ed, \u0159ekl minul\u00fd m\u011bs\u00edc\u00a0<strong>David Lewis<\/strong>\u00a0, senior viceprezident n\u00e1mo\u0159n\u00edch program\u016f v americk\u00e9 spole\u010dnosti informa\u010dn\u00edch technologi\u00ed Leidos a b\u00fdval\u00fd viceadmir\u00e1l americk\u00e9ho n\u00e1mo\u0159nictva .<\/p>\n<p>V lednu tohoto roku se uskute\u010dnila v\u016fbec prvn\u00ed \u201ePa\u0159\u00ed\u017esk\u00e1 n\u00e1mo\u0159n\u00ed konference\u201c.\u00a0T\u00e9matem f\u00f3ra, po\u0159\u00e1dan\u00e9ho Francouzsk\u00fdm institutem mezin\u00e1rodn\u00edch vztah\u016f (IFRI) a francouzsk\u00fdm n\u00e1mo\u0159nictvem, byl \u201en\u00e1vrat n\u00e1mo\u0159n\u00edho boje\u201c v nov\u00e9m strategick\u00e9m cyklu charakterizovan\u00e9m zv\u00fd\u0161en\u00fdm rizikem konfrontace mezi sv\u011btov\u00fdmi mocnostmi.\u00a0\u00da\u010dastn\u00edci v\u011bdeck\u00e9 a praktick\u00e9 akce pak v\u011bnovali zvl\u00e1\u0161tn\u00ed pozornost kompatibilit\u011b a zam\u011bnitelnosti bojov\u00fdch flotil spojenc\u016f NATO, jejich\u017e pot\u0159eba \u201em\u016f\u017ee nastat v podm\u00ednk\u00e1ch konfliktu vysok\u00e9 intenzity\u201c.<\/p>\n<p>Jak informoval\u00a0<strong>EADaily<\/strong><strong>\u00a0, admir\u00e1l Mike Gilday<\/strong>\u00a0, n\u00e1\u010deln\u00edk n\u00e1mo\u0159n\u00edch operac\u00ed americk\u00e9ho n\u00e1mo\u0159nictva,\u00a0b\u011bhem f\u00f3ra podle sv\u00fdch slov pou\u017eil \u201eskute\u010dn\u00fd a aktu\u00e1ln\u00ed p\u0159\u00edklad toho, kde na interoperabilit\u011b z\u00e1le\u017e\u00ed \u2013 pron\u00e1sledov\u00e1n\u00ed rusk\u00fdch ponorek\u201c v\u00a0Atlantiku\u00a0.<\/p>\n<p><img decoding=\"async\" loading=\"lazy\" class=\"alignnone size-full wp-image-1185\" src=\"http:\/\/www.infokuryr.cz\/n\/wp-content\/uploads\/2021\/04\/kuryr-podpis.png\" alt=\"\" width=\"84\" height=\"24\" \/><\/p>\n<p>&nbsp;<\/p>\n<p>&nbsp;<\/p>\n<p><img decoding=\"async\" loading=\"lazy\" class=\"wp-image-19187 aligncenter\" src=\"http:\/\/www.infokuryr.cz\/n\/wp-content\/uploads\/2022\/12\/1-PRO-300x36.jpg\" alt=\"\" width=\"1100\" height=\"132\" srcset=\"https:\/\/www.infokuryr.cz\/n\/wp-content\/uploads\/2022\/12\/1-PRO-300x36.jpg 300w, https:\/\/www.infokuryr.cz\/n\/wp-content\/uploads\/2022\/12\/1-PRO.jpg 699w\" sizes=\"(max-width: 1100px) 100vw, 1100px\" \/><\/p>\n<p>&nbsp;<\/p>\n<p>&nbsp;<\/p>\n","protected":false},"excerpt":{"rendered":"<p>P\u0159edstavitel\u00e9 arm\u00e1dy a ameri\u010dt\u00ed vojen\u0161t\u00ed experti varuj\u00ed p\u0159ed n\u00e1r\u016fstem po\u010dtu rusk\u00fdch ponorek u pob\u0159e\u017e\u00ed USA.\u00a0Zdroje&#8230;<\/p>\n","protected":false},"author":2,"featured_media":8298,"comment_status":"closed","ping_status":"closed","sticky":false,"template":"","format":"standard","meta":[],"categories":[7],"tags":[1204,22,37],"_links":{"self":[{"href":"https:\/\/www.infokuryr.cz\/n\/wp-json\/wp\/v2\/posts\/24058"}],"collection":[{"href":"https:\/\/www.infokuryr.cz\/n\/wp-json\/wp\/v2\/posts"}],"about":[{"href":"https:\/\/www.infokuryr.cz\/n\/wp-json\/wp\/v2\/types\/post"}],"author":[{"embeddable":true,"href":"https:\/\/www.infokuryr.cz\/n\/wp-json\/wp\/v2\/users\/2"}],"replies":[{"embeddable":true,"href":"https:\/\/www.infokuryr.cz\/n\/wp-json\/wp\/v2\/comments?post=24058"}],"version-history":[{"count":0,"href":"https:\/\/www.infokuryr.cz\/n\/wp-json\/wp\/v2\/posts\/24058\/revisions"}],"wp:featuredmedia":[{"embeddable":true,"href":"https:\/\/www.infokuryr.cz\/n\/wp-json\/wp\/v2\/media\/8298"}],"wp:attachment":[{"href":"https:\/\/www.infokuryr.cz\/n\/wp-json\/wp\/v2\/media?parent=24058"}],"wp:term":[{"taxonomy":"category","embeddable":true,"href":"https:\/\/www.infokuryr.cz\/n\/wp-json\/wp\/v2\/categories?post=24058"},{"taxonomy":"post_tag","embeddable":true,"href":"https:\/\/www.infokuryr.cz\/n\/wp-json\/wp\/v2\/tags?post=24058"}],"curies":[{"name":"wp","href":"https:\/\/api.w.org\/{rel}","templated":true}]}}