{"id":24056,"date":"2023-03-08T01:06:28","date_gmt":"2023-03-08T00:06:28","guid":{"rendered":"http:\/\/www.infokuryr.cz\/n\/?p=24056"},"modified":"2023-03-07T14:59:35","modified_gmt":"2023-03-07T13:59:35","slug":"izraelsky-ministr-naridil-demolici-palestinskych-domu-v-jeruzaleme","status":"publish","type":"post","link":"https:\/\/www.infokuryr.cz\/n\/2023\/03\/08\/izraelsky-ministr-naridil-demolici-palestinskych-domu-v-jeruzaleme\/","title":{"rendered":"Izraelsk\u00fd ministr na\u0159\u00eddil demolici palestinsk\u00fdch dom\u016f v Jeruzal\u00e9m\u011b"},"content":{"rendered":"<div id=\"fb-root\"><\/div>\n<p class=\"lead\"><span>Krajn\u011b pravicov\u00fd ministr Izraelsk\u00fd ministr n\u00e1rodn\u00ed bezpe\u010dnosti Itamar Ben-Gvir na\u0159\u00eddil policii, aby b\u011bhem m\u011bs\u00edce ramad\u00e1nu pokra\u010dovala v demolici palestinsk\u00fdch dom\u016f ve v\u00fdchodn\u00edm Jeruzal\u00e9m\u011b, navzdory rozhodnut\u00ed p\u0159ed n\u011bkolika lety tuto praxi zastavit.\u00a0Informuje o tom Yeni Safak.<\/span><\/p>\n<p><span>Rozhodnut\u00ed zastavit demolici neleg\u00e1ln\u00edch budov ve v\u00fdchodn\u00edm Jeruzal\u00e9m\u011b b\u011bhem ramad\u00e1nu padlo p\u0159ed n\u011bkolika lety, aby se nezvy\u0161ovalo riziko st\u0159et\u016f v tomto ji\u017e tak ru\u0161n\u00e9m m\u011bs\u00edci.<\/span><\/p>\n<p><span>Ben-Gvir v\u0161ak vydal p\u0159\u00edkaz toto rozhodnut\u00ed zvr\u00e1tit a policie ji\u017e p\u0159\u00edkaz i p\u0159es zv\u00fd\u0161en\u00e9 bezpe\u010dnostn\u00ed riziko pln\u00ed.<\/span><\/p>\n<p><strong><span>InfoKur\u00fdr<\/span><\/strong><span>\u00a0p\u0159ipom\u00edn\u00e1, \u017ee m\u011bs\u00edc ramad\u00e1n je posv\u00e1tn\u00fd pro v\u0161echny muslimy.<\/span><\/p>\n<p><span>Odm\u00edt\u00e1n\u00ed j\u00eddla v\u00e1m umo\u017e\u0148uje c\u00edtit, co za\u017e\u00edv\u00e1 chud\u00fd \u010dlov\u011bk bez <\/span><span>kousku chleba, a to p\u0159in\u00e1\u0161\u00ed soucit a milosrdenstv\u00ed.<\/span><\/p>\n<p><span>V tomto obdob\u00ed je zvykem velkoryse rozd\u00e1vat almu\u017eny, d\u011blit se o j\u00eddlo.\u00a0Doba ramad\u00e1nu je pova\u017eov\u00e1na za velmi prosp\u011b\u0161nou pro du\u0161i muslima, proto\u017ee existuje \u0161ance omezit sv\u00e9 ne\u0159esti t\u00edm, \u017ee bude m\u011bs\u00edc \u017e\u00edt v \u010distot\u011b a \u010d\u00edst modlitby.<\/span><\/p>\n<p><img decoding=\"async\" loading=\"lazy\" class=\"alignnone size-full wp-image-1185\" src=\"http:\/\/www.infokuryr.cz\/n\/wp-content\/uploads\/2021\/04\/kuryr-podpis.png\" alt=\"\" width=\"84\" height=\"24\" \/><\/p>\n<p>&nbsp;<\/p>\n<p><img decoding=\"async\" loading=\"lazy\" class=\"wp-image-19187 aligncenter\" src=\"http:\/\/www.infokuryr.cz\/n\/wp-content\/uploads\/2022\/12\/1-PRO-300x36.jpg\" alt=\"\" width=\"1133\" height=\"136\" srcset=\"https:\/\/www.infokuryr.cz\/n\/wp-content\/uploads\/2022\/12\/1-PRO-300x36.jpg 300w, https:\/\/www.infokuryr.cz\/n\/wp-content\/uploads\/2022\/12\/1-PRO.jpg 699w\" sizes=\"(max-width: 1133px) 100vw, 1133px\" \/><\/p>\n<p>&nbsp;<\/p>\n<p>&nbsp;<\/p>\n","protected":false},"excerpt":{"rendered":"<p>Krajn\u011b pravicov\u00fd ministr Izraelsk\u00fd ministr n\u00e1rodn\u00ed bezpe\u010dnosti Itamar Ben-Gvir na\u0159\u00eddil policii, aby b\u011bhem m\u011bs\u00edce ramad\u00e1nu&#8230;<\/p>\n","protected":false},"author":2,"featured_media":24057,"comment_status":"closed","ping_status":"closed","sticky":false,"template":"","format":"standard","meta":[],"categories":[7],"tags":[178,107,2210,239,313],"_links":{"self":[{"href":"https:\/\/www.infokuryr.cz\/n\/wp-json\/wp\/v2\/posts\/24056"}],"collection":[{"href":"https:\/\/www.infokuryr.cz\/n\/wp-json\/wp\/v2\/posts"}],"about":[{"href":"https:\/\/www.infokuryr.cz\/n\/wp-json\/wp\/v2\/types\/post"}],"author":[{"embeddable":true,"href":"https:\/\/www.infokuryr.cz\/n\/wp-json\/wp\/v2\/users\/2"}],"replies":[{"embeddable":true,"href":"https:\/\/www.infokuryr.cz\/n\/wp-json\/wp\/v2\/comments?post=24056"}],"version-history":[{"count":0,"href":"https:\/\/www.infokuryr.cz\/n\/wp-json\/wp\/v2\/posts\/24056\/revisions"}],"wp:featuredmedia":[{"embeddable":true,"href":"https:\/\/www.infokuryr.cz\/n\/wp-json\/wp\/v2\/media\/24057"}],"wp:attachment":[{"href":"https:\/\/www.infokuryr.cz\/n\/wp-json\/wp\/v2\/media?parent=24056"}],"wp:term":[{"taxonomy":"category","embeddable":true,"href":"https:\/\/www.infokuryr.cz\/n\/wp-json\/wp\/v2\/categories?post=24056"},{"taxonomy":"post_tag","embeddable":true,"href":"https:\/\/www.infokuryr.cz\/n\/wp-json\/wp\/v2\/tags?post=24056"}],"curies":[{"name":"wp","href":"https:\/\/api.w.org\/{rel}","templated":true}]}}